{"id":517721,"date":"2025-11-07T07:05:11","date_gmt":"2025-11-07T07:05:11","guid":{"rendered":"https:\/\/www.europesays.com\/fr\/517721\/"},"modified":"2025-11-07T07:05:11","modified_gmt":"2025-11-07T07:05:11","slug":"sur-la13-pres-de-rouen-un-homme-de-27-ans-grievement-blesse-dans-un-accident-cette-nuit","status":"publish","type":"post","link":"https:\/\/www.europesays.com\/fr\/517721\/","title":{"rendered":"Sur l&rsquo;A13 pr\u00e8s de Rouen, un homme de 27 ans gri\u00e8vement bless\u00e9 dans un accident cette nuit"},"content":{"rendered":"<p>            Par<br \/>\n        <strong><br \/>\n            <a href=\"https:\/\/actu.fr\/auteur\/vanessa-leroy\" title=\"Consulter tous les articles de Vanessa Leroy\" target=\"_blank\" rel=\"noopener\">Vanessa Leroy<\/a><br \/>\n        <\/strong><\/p>\n<p>        Publi\u00e9 le<\/p>\n<p>            7 nov. 2025 \u00e0 7h16        <\/p>\n<p>Vers 4 heures du matin ce vendredi 7 novembre 2025, <strong>un grave accident<\/strong> entre un automobiliste et un chauffeur poids lourd s\u2019est produit <strong>sur l\u2019A13<\/strong>, dans le sens Paris-Normandie, \u00e0 hauteur de la commune de <a href=\"https:\/\/actu.fr\/normandie\/oissel_76484\" target=\"_blank\" rel=\"noopener\">Oissel<\/a>, pr\u00e8s de Rouen.<\/p>\n<p class=\" wall-content\">Deux v\u00e9hicules \u2013 <strong>une voiture et un camion<\/strong> \u2013 sont entr\u00e9s en collision. Le service d\u00e9partemental d\u2019incendie et de secours a d\u00e9p\u00each\u00e9 24 sapeurs-pompiers sur place. Ils ont d\u00fb proc\u00e9der \u00e0 la <strong>d\u00e9sincarc\u00e9ration des deux conducteurs<\/strong>.<\/p>\n<p>Deux bless\u00e9s dont un grave<\/p>\n<p class=\" wall-content\">L\u2019accident a fait deux bless\u00e9s. L\u2019automobiliste, <strong>un homme de 27 ans, gri\u00e8vement bless\u00e9<\/strong>, a \u00e9t\u00e9 transport\u00e9 m\u00e9dicalis\u00e9 au CHU de Rouen. Le chauffeur poids lourd, un homme de 70 ans, plus l\u00e9g\u00e8rement bless\u00e9, a lui aussi \u00e9t\u00e9 emmen\u00e9 au CHU.<\/p>\n<p>Suivez l\u2019actualit\u00e9 de Rouen <a href=\"https:\/\/www.whatsapp.com\/channel\/0029VaKfnf99hXF2ddApFB1D\" target=\"_blank\" rel=\"noopener\">sur notre cha\u00eene WhatsApp<\/a> et <a href=\"https:\/\/www.tiktok.com\/@76actu.fr?lang=fr\" target=\"_blank\" rel=\"noopener\">sur notre compte TikTok<\/a><\/p>\n<p class=\" wall-content\">Personnalisez votre actualit\u00e9 en ajoutant vos villes et m\u00e9dias en favori avec <a href=\"https:\/\/moncompte.actu.fr\" title=\"D\u00e9couvez Mon Actu\" rel=\"nofollow noopener\" data-trk=\"{&quot;cta&quot;:{&quot;action&quot;:&quot;https:\\\/\\\/moncompte.actu.fr&quot;,&quot;category&quot;:&quot;mon compte&quot;,&quot;from&quot;:&quot;article footer&quot;,&quot;name&quot;:&quot;Mon actu&quot;,&quot;type&quot;:&quot;cta&quot;}}\" target=\"_blank\">Mon Actu<\/a>.<\/p>\n<p>                    <script async src=\"\/\/www.tiktok.com\/embed.js\"><\/script><\/p>\n","protected":false},"excerpt":{"rendered":"Par Vanessa Leroy Publi\u00e9 le 7 nov. 2025 \u00e0 7h16 Vers 4 heures du matin ce vendredi 7&hellip;\n","protected":false},"author":2,"featured_media":517722,"comment_status":"","ping_status":"","sticky":false,"template":"","format":"standard","meta":{"footnotes":""},"categories":[9587],"tags":[119,1111,11,12725,1777,674,118,1011,27,12,5161,1311,25,9590],"class_list":{"0":"post-517721","1":"post","2":"type-post","3":"status-publish","4":"format-standard","5":"has-post-thumbnail","7":"category-rouen","8":"tag-accident","9":"tag-actu","10":"tag-actualites","11":"tag-autoroute-13-a13","12":"tag-eu","13":"tag-europe","14":"tag-faits-divers","15":"tag-fr","16":"tag-france","17":"tag-news","18":"tag-normandie","19":"tag-pompiers","20":"tag-republique-francaise","21":"tag-rouen"},"share_on_mastodon":{"url":"https:\/\/pubeurope.com\/@fr\/115507149158485424","error":""},"_links":{"self":[{"href":"https:\/\/www.europesays.com\/fr\/wp-json\/wp\/v2\/posts\/517721","targetHints":{"allow":["GET"]}}],"collection":[{"href":"https:\/\/www.europesays.com\/fr\/wp-json\/wp\/v2\/posts"}],"about":[{"href":"https:\/\/www.europesays.com\/fr\/wp-json\/wp\/v2\/types\/post"}],"author":[{"embeddable":true,"href":"https:\/\/www.europesays.com\/fr\/wp-json\/wp\/v2\/users\/2"}],"replies":[{"embeddable":true,"href":"https:\/\/www.europesays.com\/fr\/wp-json\/wp\/v2\/comments?post=517721"}],"version-history":[{"count":0,"href":"https:\/\/www.europesays.com\/fr\/wp-json\/wp\/v2\/posts\/517721\/revisions"}],"wp:featuredmedia":[{"embeddable":true,"href":"https:\/\/www.europesays.com\/fr\/wp-json\/wp\/v2\/media\/517722"}],"wp:attachment":[{"href":"https:\/\/www.europesays.com\/fr\/wp-json\/wp\/v2\/media?parent=517721"}],"wp:term":[{"taxonomy":"category","embeddable":true,"href":"https:\/\/www.europesays.com\/fr\/wp-json\/wp\/v2\/categories?post=517721"},{"taxonomy":"post_tag","embeddable":true,"href":"https:\/\/www.europesays.com\/fr\/wp-json\/wp\/v2\/tags?post=517721"}],"curies":[{"name":"wp","href":"https:\/\/api.w.org\/{rel}","templated":true}]}}