{"id":517727,"date":"2025-11-07T07:08:12","date_gmt":"2025-11-07T07:08:12","guid":{"rendered":"https:\/\/www.europesays.com\/fr\/517727\/"},"modified":"2025-11-07T07:08:12","modified_gmt":"2025-11-07T07:08:12","slug":"grenoble-gagne-mais-rate-le-bonus-offensif-face-a-beziers","status":"publish","type":"post","link":"https:\/\/www.europesays.com\/fr\/517727\/","title":{"rendered":"Grenoble gagne, mais rate le bonus offensif face \u00e0 B\u00e9ziers"},"content":{"rendered":"<p><strong>Victoire attendue pour <a href=\"https:\/\/www.xvovalie.com\/tag\/fcg\/\" target=\"_blank\" rel=\"noopener\">Grenoble<\/a> jeudi soir contre <a href=\"https:\/\/www.xvovalie.com\/tag\/asbh\/\" target=\"_blank\" rel=\"noopener\">B\u00e9ziers<\/a> (23-8), mais le bonus offensif leur \u00e9chappe malgr\u00e9 une double sup\u00e9riorit\u00e9 num\u00e9rique. Un succ\u00e8s qui relance les Is\u00e9rois sans totalement rassurer.<\/strong><\/p>\n<p>En bref<\/p>\n<ul class=\"wp-block-list\">\n<li><strong>Grenoble s\u2019impose 23-8 au stade des Alpes face \u00e0 une \u00e9quipe remani\u00e9e de B\u00e9ziers<\/strong><\/li>\n<li><strong>Le FCG remonte \u00e0 la 7e place mais reste hors du top 6<\/strong><\/li>\n<li><strong>B\u00e9ziers craque avec 3 cartons jaunes et 22 p\u00e9nalit\u00e9s conc\u00e9d\u00e9es<\/strong><\/li>\n<li><strong>Grenoble \u00e9choue \u00e0 prendre le bonus offensif malgr\u00e9 une double sup\u00e9riorit\u00e9 num\u00e9rique<\/strong><\/li>\n<\/ul>\n<p>Grenoble s\u2019impose, sans briller<\/p>\n<p>Face \u00e0 une \u00e9quipe largement remani\u00e9e, <strong>Grenoble<\/strong> avait l\u2019occasion de se refaire une sant\u00e9. Mission en partie r\u00e9ussie avec une <strong>victoire logique mais terne<\/strong>, 23-8. Le score est l\u00e0, mais <strong>le contenu a laiss\u00e9 sur sa faim<\/strong> : beaucoup d\u2019impr\u00e9cisions dans les zones d\u00e9cisives, un manque de tranchant offensif, et un r\u00e9alisme en berne dans les temps forts.<\/p>\n<p>Malgr\u00e9 tout, le FCG a pris le score rapidement avec une p\u00e9nalit\u00e9 de Cl\u00e9ment et un essai bien construit sur maul conclu par <strong><a href=\"https:\/\/www.xvovalie.com\/tag\/baptiste-couilloud\/\" target=\"_blank\" rel=\"noopener\">Couilloud<\/a><\/strong>. Apr\u00e8s une r\u00e9action biterroise par <strong>R\u00e9au<\/strong> sur une belle diagonale de Gomes Camacho, les Is\u00e9rois ont repris la main gr\u00e2ce \u00e0 <strong>Soury<\/strong> et <strong>Baret<\/strong>, l\u00e0 encore apr\u00e8s des s\u00e9quences d\u2019avants.<\/p>\n<p>Une victoire qui ne fait pas oublier le bonus oubli\u00e9<\/p>\n<p>L\u00e0 o\u00f9 le b\u00e2t blesse, c\u2019est que <strong>Grenoble n\u2019a jamais su tuer le match<\/strong>. B\u00e9ziers a jou\u00e9 pr\u00e8s de 30 minutes en inf\u00e9riorit\u00e9, dont dix minutes \u00e0 <strong>13 contre 15<\/strong>, mais les locaux n\u2019ont pas su convertir cette sup\u00e9riorit\u00e9. Le <strong>bonus offensif<\/strong>, largement \u00e0 port\u00e9e, s\u2019est \u00e9vapor\u00e9 sur une s\u00e9rie d\u2019attaques brouillonnes, plomb\u00e9es par des fautes de main et un manque de justesse dans les derniers gestes.<\/p>\n<p>Au classement, Grenoble passe de la 9e \u00e0 la <strong>7e place provisoire<\/strong>, \u00e0 un souffle du top 6. Mais dans une <a href=\"https:\/\/www.xvovalie.com\/pro-d2\/\" target=\"_blank\" rel=\"noopener\">Pro D2<\/a> serr\u00e9e, ce point de bonus manqu\u00e9 pourrait faire la diff\u00e9rence au printemps.<\/p>\n<p>B\u00e9ziers, valeureux mais trop indisciplin\u00e9<\/p>\n<p>C\u00f4t\u00e9 biterrois, le constat est simple : <strong>une belle r\u00e9sistance<\/strong> pendant une heure, mais une <strong>indiscipline r\u00e9dhibitoire<\/strong>. Avec <strong>22 fautes et trois cartons jaunes<\/strong>, les H\u00e9raultais ont offert bien trop de munitions \u00e0 leurs h\u00f4tes pour esp\u00e9rer mieux. Malgr\u00e9 cela, ils n\u2019ont c\u00e9d\u00e9 que trois fois et ont m\u00eame inscrit un essai opportuniste avant la pause.<\/p>\n<p>Dans un championnat o\u00f9 tout se joue \u00e0 peu, <strong>B\u00e9ziers (13e)<\/strong> reste sous pression, avec <strong>Mont-de-Marsan (14e), Carcassonne (15e)<\/strong> et <strong><a href=\"https:\/\/www.xvovalie.com\/tag\/us-dax\/\" target=\"_blank\" rel=\"noopener\">Dax<\/a> (16e)<\/strong> toujours \u00e0 port\u00e9e. Le prochain match contre <strong><a data-ilj-link-preview=\"true\" data-excerpt=\"Le club de rugby de Brive, \u00e9galement connu sous le nom de CAB (Club Athl\u00e9tique Brive), est bas\u00e9 \u00e0 Brive-la-Gaillarde, dans le d\u00e9partement de la Corr\u00e8ze en France. Fond\u00e9 en 1910, le club est reconnu pour son histoire et sa tradition, avec notamment une victoire en 1997 en Coupe d&#039;Europe des clubs champions.&#013;&#010;&#013;&#010;Le club a \u00e9galement remport\u00e9 le championnat de France de rugby \u00e0 XV \u00e0 deux reprises, en 1949 et en 1998.\" href=\"https:\/\/www.xvovalie.com\/brive\/\" target=\"_blank\" rel=\"noopener\">Brive<\/a><\/strong> aura d\u00e9j\u00e0 des airs de test capital.<\/p>\n<p>Un calendrier qui va vite trancher<\/p>\n<p>Pour <strong>Grenoble<\/strong>, la suite s\u2019annonce cors\u00e9e. Le prochain d\u00e9placement les emm\u00e8ne \u00e0 <strong><a data-ilj-link-preview=\"true\" data-excerpt=\"Fond\u00e9 en 1950, le RC Vannes a gravi les \u00e9chelons pour atteindre l&#039;\u00e9lite du rugby fran\u00e7ais. Le club, qui \u00e9volue d\u00e9sormais en Top 14, incarne l&#039;ambition et la pers\u00e9v\u00e9rance du rugby breton.&#013;&#010;Staff et pr\u00e9sidence :&#013;&#010;&#013;&#010; &#009;Pr\u00e9sident : Olivier Cloarec&#013;&#010; &#009;Entra\u00eeneur : Jean-No\u00ebl Spitzer (manager g\u00e9n\u00e9ral)&#013;&#010; &#009;Entra\u00eeneurs adjoints : Pierre Venayre (arri\u00e8res), St\u00e9phane Trainini (avants), Tom Smith (comp\u00e9tences sp\u00e9cifiques)&#013;&#010;&#013;&#010;Palmar\u00e8s du RC Vannes&#013;&#010;&#013;&#010;&#013;&#010;&#013;&#010;Comp\u00e9tition&#013;&#010;Titres&#013;&#010;Ann\u00e9es des victoires&#013;&#010;&#013;&#010;&#013;&#010;&#013;&#010;&#013;&#010;Championnat de France F\u00e9d\u00e9rale 1&#013;&#010;1&#013;&#010;2016&#013;&#010;&#013;&#010;&#013;&#010;Championnat de Pro D2&#013;&#010;1&#013;&#010;2024 (accession en Top 14)\" href=\"https:\/\/www.xvovalie.com\/tag\/rc-vannes\/\" target=\"_blank\" rel=\"noopener\">Vannes<\/a><\/strong>, leader solide, d\u00e9j\u00e0 vainqueur de six matchs d\u2019affil\u00e9e. Un vrai r\u00e9v\u00e9lateur des ambitions is\u00e9roises. Derri\u00e8re, le peloton est dense : <strong><a href=\"https:\/\/www.xvovalie.com\/tag\/colomiers-rugby\/\" target=\"_blank\" rel=\"noopener\">Colomiers<\/a><\/strong>, <strong>Provence Rugby<\/strong>, <strong><a href=\"https:\/\/www.xvovalie.com\/tag\/su-agen\/\" target=\"_blank\" rel=\"noopener\">Agen<\/a><\/strong> ou encore <strong>Valence-Romans<\/strong> sont tous dans le coup.<\/p>\n<p>Quant \u00e0 <strong>B\u00e9ziers<\/strong>, il va falloir rapidement retrouver un peu de constance et de discipline, sous peine de se faire aspirer dans la spirale de la rel\u00e9gation.<\/p>\n<p><strong>Une victoire utile donc, mais encore trop juste pour parler de d\u00e9clic c\u00f4t\u00e9 grenoblois.<\/strong><\/p>\n<p><img loading=\"lazy\" decoding=\"async\" src=\"data:image\/svg+xml,%3Csvg%20xmlns=\" http:=\"\" width=\"100\" height=\"100\" alt=\"Clovis\" data-lazy-src=\"https:\/\/www.xvwww.xvovalie.com\/wp-content\/uploads\/2023\/09\/Clo.png\"\/><\/p>\n<p><strong>Clo<\/strong>, c\u2019est notre gars s\u00fbr quand il s\u2019agit de parler rugby. Il a ce don pour te transporter au c\u0153ur du match, te faire sentir la boue, entendre les impacts, vivre les essais comme si t\u2019y \u00e9tais. Avec lui, chaque article est une plong\u00e9e dans ce qui fait le sel du rugby : passion, intensit\u00e9, et un brin de folie.<\/p>\n","protected":false},"excerpt":{"rendered":"Victoire attendue pour Grenoble jeudi soir contre B\u00e9ziers (23-8), mais le bonus offensif leur \u00e9chappe malgr\u00e9 une double&hellip;\n","protected":false},"author":2,"featured_media":517728,"comment_status":"","ping_status":"","sticky":false,"template":"","format":"standard","meta":{"footnotes":""},"categories":[9566],"tags":[1111,11,2430,32360,1777,674,32263,1011,27,2731,12,2308,25],"class_list":{"0":"post-517727","1":"post","2":"type-post","3":"status-publish","4":"format-standard","5":"has-post-thumbnail","7":"category-grenoble","8":"tag-actu","9":"tag-actualites","10":"tag-auvergne-rhone-alpes","11":"tag-bu00e9ziers","12":"tag-eu","13":"tag-europe","14":"tag-fcg","15":"tag-fr","16":"tag-france","17":"tag-grenoble","18":"tag-news","19":"tag-pro-d2","20":"tag-republique-francaise"},"share_on_mastodon":{"url":"https:\/\/pubeurope.com\/@fr\/115507161028905516","error":""},"_links":{"self":[{"href":"https:\/\/www.europesays.com\/fr\/wp-json\/wp\/v2\/posts\/517727","targetHints":{"allow":["GET"]}}],"collection":[{"href":"https:\/\/www.europesays.com\/fr\/wp-json\/wp\/v2\/posts"}],"about":[{"href":"https:\/\/www.europesays.com\/fr\/wp-json\/wp\/v2\/types\/post"}],"author":[{"embeddable":true,"href":"https:\/\/www.europesays.com\/fr\/wp-json\/wp\/v2\/users\/2"}],"replies":[{"embeddable":true,"href":"https:\/\/www.europesays.com\/fr\/wp-json\/wp\/v2\/comments?post=517727"}],"version-history":[{"count":0,"href":"https:\/\/www.europesays.com\/fr\/wp-json\/wp\/v2\/posts\/517727\/revisions"}],"wp:featuredmedia":[{"embeddable":true,"href":"https:\/\/www.europesays.com\/fr\/wp-json\/wp\/v2\/media\/517728"}],"wp:attachment":[{"href":"https:\/\/www.europesays.com\/fr\/wp-json\/wp\/v2\/media?parent=517727"}],"wp:term":[{"taxonomy":"category","embeddable":true,"href":"https:\/\/www.europesays.com\/fr\/wp-json\/wp\/v2\/categories?post=517727"},{"taxonomy":"post_tag","embeddable":true,"href":"https:\/\/www.europesays.com\/fr\/wp-json\/wp\/v2\/tags?post=517727"}],"curies":[{"name":"wp","href":"https:\/\/api.w.org\/{rel}","templated":true}]}}