{"id":517729,"date":"2025-11-07T07:09:14","date_gmt":"2025-11-07T07:09:14","guid":{"rendered":"https:\/\/www.europesays.com\/fr\/517729\/"},"modified":"2025-11-07T07:09:14","modified_gmt":"2025-11-07T07:09:14","slug":"quaucun-quartier-de-rennes-ne-se-sente-de-cote-ces-projets-promis-par-nathalie-appere-ont-ils-ete-menes-a-bien","status":"publish","type":"post","link":"https:\/\/www.europesays.com\/fr\/517729\/","title":{"rendered":"\u00ab\u00a0Qu\u2019aucun quartier de Rennes ne se sente de c\u00f4t\u00e9\u00a0\u00bb\u00a0: ces projets promis par Nathalie App\u00e9r\u00e9 ont-ils \u00e9t\u00e9 men\u00e9s \u00e0 bien\u00a0?"},"content":{"rendered":"<p>\u00c0 l\u2019aube d\u2019une candidature de Nathalie App\u00e9r\u00e9 pour un 3e mandat de maire \u00e0 Rennes, nous passons \u00e0 la moulinette les r\u00e9alisations de sa majorit\u00e9 \u00e0 l\u2019aune du programme sur lequel elle a \u00e9t\u00e9 \u00e9lue en 2020. Une sorte de grande \u00e9valuation sur des donn\u00e9es factuelles et chiffr\u00e9es. Retrouvez notre dossier complet en kiosque dans le dernier num\u00e9ro du <a href=\"https:\/\/www.lemensuel.com\/rennes\" target=\"_blank\" rel=\"noopener\">Mensuel de Rennes<\/a>.<\/p>\n<p>\u00ab Qu\u2019aucun quartier ne se sente de c\u00f4t\u00e9 \u00bb : telle \u00e9tait la promesse \u00e9lectorale de <a href=\"https:\/\/www.letelegramme.fr\/ille-et-vilaine\/rennes-35000\/qui-est-vraiment-nathalie-appere-maire-de-rennes-depuis-plus-de-dix-ans-6782788.php\" target=\"_blank\" rel=\"noopener\">Nathalie App\u00e9r\u00e9<\/a> en 2020. Dans son programme, la candidate pr\u00e9sentait une carte des projets \u00e0 venir, pour certains inspir\u00e9s du Budget participatif. Si beaucoup ont vu le jour, d\u2019autres ont \u00e9t\u00e9 modifi\u00e9s o\u00f9 sont tomb\u00e9s aux oubliettes.<\/p>\n","protected":false},"excerpt":{"rendered":"\u00c0 l\u2019aube d\u2019une candidature de Nathalie App\u00e9r\u00e9 pour un 3e mandat de maire \u00e0 Rennes, nous passons \u00e0&hellip;\n","protected":false},"author":2,"featured_media":517730,"comment_status":"","ping_status":"","sticky":false,"template":"","format":"standard","meta":{"footnotes":""},"categories":[2821],"tags":[1111,11,829,1777,674,1011,27,848,26053,12,3364,584,25],"class_list":{"0":"post-517729","1":"post","2":"type-post","3":"status-publish","4":"format-standard","5":"has-post-thumbnail","7":"category-rennes","8":"tag-actu","9":"tag-actualites","10":"tag-bretagne","11":"tag-eu","12":"tag-europe","13":"tag-fr","14":"tag-france","15":"tag-ille-et-vilaine","16":"tag-municipales-2026-a-rennes","17":"tag-news","18":"tag-politique-a-rennes","19":"tag-rennes","20":"tag-republique-francaise"},"share_on_mastodon":{"url":"https:\/\/pubeurope.com\/@fr\/115507164899242902","error":""},"_links":{"self":[{"href":"https:\/\/www.europesays.com\/fr\/wp-json\/wp\/v2\/posts\/517729","targetHints":{"allow":["GET"]}}],"collection":[{"href":"https:\/\/www.europesays.com\/fr\/wp-json\/wp\/v2\/posts"}],"about":[{"href":"https:\/\/www.europesays.com\/fr\/wp-json\/wp\/v2\/types\/post"}],"author":[{"embeddable":true,"href":"https:\/\/www.europesays.com\/fr\/wp-json\/wp\/v2\/users\/2"}],"replies":[{"embeddable":true,"href":"https:\/\/www.europesays.com\/fr\/wp-json\/wp\/v2\/comments?post=517729"}],"version-history":[{"count":0,"href":"https:\/\/www.europesays.com\/fr\/wp-json\/wp\/v2\/posts\/517729\/revisions"}],"wp:featuredmedia":[{"embeddable":true,"href":"https:\/\/www.europesays.com\/fr\/wp-json\/wp\/v2\/media\/517730"}],"wp:attachment":[{"href":"https:\/\/www.europesays.com\/fr\/wp-json\/wp\/v2\/media?parent=517729"}],"wp:term":[{"taxonomy":"category","embeddable":true,"href":"https:\/\/www.europesays.com\/fr\/wp-json\/wp\/v2\/categories?post=517729"},{"taxonomy":"post_tag","embeddable":true,"href":"https:\/\/www.europesays.com\/fr\/wp-json\/wp\/v2\/tags?post=517729"}],"curies":[{"name":"wp","href":"https:\/\/api.w.org\/{rel}","templated":true}]}}