{"id":517731,"date":"2025-11-07T07:10:12","date_gmt":"2025-11-07T07:10:12","guid":{"rendered":"https:\/\/www.europesays.com\/fr\/517731\/"},"modified":"2025-11-07T07:10:12","modified_gmt":"2025-11-07T07:10:12","slug":"paris-fc-rennes-a-quelle-heure-et-sur-quelle-chaine-voir-le-match-en-direct-et-en-streaming","status":"publish","type":"post","link":"https:\/\/www.europesays.com\/fr\/517731\/","title":{"rendered":"Paris FC \u2013 Rennes : \u00e0 quelle heure et sur quelle cha\u00eene voir le match en direct et en streaming ?"},"content":{"rendered":"<p class=\"paragraph text_align_left lp-f-body-02\">Ce vendredi, tous les regards seront tourn\u00e9s vers la capitale pour le match d\u2019ouverture Paris FC &#8211; Rennes. Face aux Bretons, le Paris FC va tout tenter pour d\u00e9crocher une cinqui\u00e8me victoire de rang. Pour le moment, les co\u00e9quipiers d\u2019Adama Camara affichent quatorze points, gr\u00e2ce \u00e0 quatre succ\u00e8s et deux nuls. Cette nouvelle r\u00e9ception se fera avec un effectif r\u00e9duit. L\u2019entra\u00eeneur St\u00e9phane Gilli doit composer avec les blessures de Vincent Marchetti, Jonathan Ikon\u00e9, Nhoa Sangui, Sofiane Alakouch et Hamari Traor\u00e9. En face, le Stade Rennais a lui aussi des joueurs bless\u00e9s ou incertains, comme Alidu Seidu et Nordan Mukiele. C\u00f4t\u00e9 classement, les Rouge et Noir occupent la dixi\u00e8me position avec quinze points. Apr\u00e8s avoir subi un revers face \u00e0 Nice (1-2), Rennes a conc\u00e9d\u00e9 un nul \u00e0 Toulouse (2-2), avant de renverser Strasbourg sur un score de quatre buts \u00e0 un. Jusqu\u2019\u00e0 pr\u00e9sent, Rennes a battu Marseille (1-0) et Lyon (3-1), et mis en \u00e9chec Lens (0-0). Dans ces lignes on vous dit \u00e0 quelle heure et sur quelle cha\u00eene regarder le match Paris FC \u2013 Rennes en direct et en streaming ce vendredi soir.<\/p>\n<p>Diffusion Paris FC \u2013 Rennes en direct : sur quelle cha\u00eene regarder le match ?<\/p>\n<p class=\"paragraph text_align_left lp-f-body-02\"><b>Le match qui oppose le Paris FC et Rennes est diffus\u00e9 ce vendredi 7 novembre <\/b><a href=\"https:\/\/www.tkqlhce.com\/click-100434109-17139035\" target=\"_blank\" rel=\"sponsored noopener\"><b>en direct et en streaming sur Ligue 1+<\/b><\/a><b>. La rencontre se tiendra au stade Jean Bouin \u00e0 20h45.<\/b> L\u2019arbitre Guillaume Paradis dirigera l\u2019ouverture de la douzi\u00e8me journ\u00e9e de championnat. Il sera assist\u00e9 de Nicolas Durand et de Thomas Luczynski. Julien Schmitt sera, quant \u00e0 lui, derri\u00e8re les \u00e9crans de la VAR.<\/p>\n<p class=\"paragraph text_align_left lp-f-body-02\"><b>Cliquez ici pour <\/b><a href=\"https:\/\/www.tkqlhce.com\/click-100434109-17139035\" target=\"_blank\" rel=\"sponsored noopener\"><b>regarder le match sur Ligue 1+<\/b><\/a><\/p>\n<p class=\"paragraph text_align_left lp-f-body-02\"><b>Abonnement Ligue 1+ en direct : <\/b><a href=\"https:\/\/www.tkqlhce.com\/click-100434109-17139035\" rel=\"sponsored noopener\" target=\"_blank\"><b>\u00e0 partir de 9,99\u20ac\/mois<\/b><\/a><\/p>\n<p class=\"paragraph text_align_left lp-f-body-02\"><b>Abonnement Ligue 1+ et DAZN : <\/b><a href=\"https:\/\/dazn.prf.hn\/click\/camref:1011lSfUI\" rel=\"sponsored noopener\" target=\"_blank\"><b>\u00e0 partir de 16,99\u20ac\/mois<\/b><\/a><\/p>\n<p class=\"paragraph text_align_left lp-f-body-02\"><b>Abonnement Ligue 1+ et RMC Sport : <\/b><a href=\"https:\/\/www.awin1.com\/awclick.php?gid=448180&amp;mid=33125&amp;awinaffid=467845&amp;linkid=3247029&amp;clickref=\" rel=\"sponsored noopener\" target=\"_blank\"><b>\u00e0 partir de 19\u20ac\/mois<\/b><\/a><\/p>\n<p class=\"paragraph text_align_left lp-f-body-02\"><b>Abonnement Ligue 1+ via Prime Video : <\/b><a href=\"https:\/\/www.primevideo.com\/offers\/?benefitId=ligueonefr&amp;?tag=lepar03-21\" rel=\"sponsored noopener\" target=\"_blank\"><b>\u00e0 partir de 14,99 \u20ac\/mois<\/b><\/a><\/p>\n","protected":false},"excerpt":{"rendered":"Ce vendredi, tous les regards seront tourn\u00e9s vers la capitale pour le match d\u2019ouverture Paris FC &#8211; Rennes.&hellip;\n","protected":false},"author":2,"featured_media":517732,"comment_status":"","ping_status":"","sticky":false,"template":"","format":"standard","meta":{"footnotes":""},"categories":[2821],"tags":[1111,11,829,1777,674,63,1011,27,749,12,63819,584,25,6718],"class_list":{"0":"post-517731","1":"post","2":"type-post","3":"status-publish","4":"format-standard","5":"has-post-thumbnail","7":"category-rennes","8":"tag-actu","9":"tag-actualites","10":"tag-bretagne","11":"tag-eu","12":"tag-europe","13":"tag-football","14":"tag-fr","15":"tag-france","16":"tag-guide-shopping","17":"tag-news","18":"tag-paris-fc-rennes","19":"tag-rennes","20":"tag-republique-francaise","21":"tag-tv-streaming"},"share_on_mastodon":{"url":"https:\/\/pubeurope.com\/@fr\/115507169009036031","error":""},"_links":{"self":[{"href":"https:\/\/www.europesays.com\/fr\/wp-json\/wp\/v2\/posts\/517731","targetHints":{"allow":["GET"]}}],"collection":[{"href":"https:\/\/www.europesays.com\/fr\/wp-json\/wp\/v2\/posts"}],"about":[{"href":"https:\/\/www.europesays.com\/fr\/wp-json\/wp\/v2\/types\/post"}],"author":[{"embeddable":true,"href":"https:\/\/www.europesays.com\/fr\/wp-json\/wp\/v2\/users\/2"}],"replies":[{"embeddable":true,"href":"https:\/\/www.europesays.com\/fr\/wp-json\/wp\/v2\/comments?post=517731"}],"version-history":[{"count":0,"href":"https:\/\/www.europesays.com\/fr\/wp-json\/wp\/v2\/posts\/517731\/revisions"}],"wp:featuredmedia":[{"embeddable":true,"href":"https:\/\/www.europesays.com\/fr\/wp-json\/wp\/v2\/media\/517732"}],"wp:attachment":[{"href":"https:\/\/www.europesays.com\/fr\/wp-json\/wp\/v2\/media?parent=517731"}],"wp:term":[{"taxonomy":"category","embeddable":true,"href":"https:\/\/www.europesays.com\/fr\/wp-json\/wp\/v2\/categories?post=517731"},{"taxonomy":"post_tag","embeddable":true,"href":"https:\/\/www.europesays.com\/fr\/wp-json\/wp\/v2\/tags?post=517731"}],"curies":[{"name":"wp","href":"https:\/\/api.w.org\/{rel}","templated":true}]}}