{"id":517741,"date":"2025-11-07T07:15:25","date_gmt":"2025-11-07T07:15:25","guid":{"rendered":"https:\/\/www.europesays.com\/fr\/517741\/"},"modified":"2025-11-07T07:15:25","modified_gmt":"2025-11-07T07:15:25","slug":"en-images-ce-nouveau-lezard-geant-concu-a-nantes-rejoint-le-dragon-de-calais","status":"publish","type":"post","link":"https:\/\/www.europesays.com\/fr\/517741\/","title":{"rendered":"EN IMAGES. Ce nouveau l\u00e9zard g\u00e9ant con\u00e7u \u00e0 Nantes rejoint le Dragon de Calais"},"content":{"rendered":"<p>            Par<br \/>\n        <strong><br \/>\n            <a href=\"https:\/\/actu.fr\/auteur\/laure-gentil\" title=\"Consulter tous les articles de Laure Gentil\" rel=\"nofollow noopener\" target=\"_blank\">Laure Gentil<\/a><br \/>\n        <\/strong><\/p>\n<p>        Publi\u00e9 le<\/p>\n<p>            7 nov. 2025 \u00e0 8h02        <\/p>\n<p>Le<a href=\"https:\/\/actu.fr\/hauts-de-france\/calais_62193\/le-dragon-de-calais-une-figure-du-folklore-local_59967086.html\" rel=\"nofollow noopener\" target=\"_blank\"> Dragon des Mers de Calais<\/a> a un petit fr\u00e8re\u2009: <strong>le Varan de Voyage<\/strong>. Long de 14,8 m\u00e8tres et pesant 22\u00a0tonnes, cette machine, <strong>cr\u00e9\u00e9e \u00e0 Nantes<\/strong>, sera <a href=\"https:\/\/actu.fr\/hauts-de-france\/calais_62193\/le-varan-de-voyage-a-calais-ce-quil-faut-savoir-avant-cet-evenement-exceptionnel_63398706.html\" rel=\"nofollow noopener\" target=\"_blank\">pr\u00e9sent\u00e9e aux Calaisiens et Calaisiens<\/a><strong> \u00e0 partir du 7\u00a0novembre 2025<\/strong> o\u00f9 il rejoindra non seulement le Dragon mais aussi l\u2019Iguane Sentinelle.<\/p>\n<p class=\" wall-content\">La r\u00e9daction d\u2019actu Nantes a pu d\u00e9couvrir la nouvelle cr\u00e9ation des Machines en exclusivit\u00e9. Les \u00e9quipes des Machines ont proc\u00e9d\u00e9 \u00e0 des tests sur le Varan, \u00e0 c\u00f4t\u00e9 du Carrousel des Mondes Marins.<\/p>\n<p>Dix machines au total<\/p>\n<p class=\" wall-content\">Tout est parti d<a href=\"https:\/\/actu.fr\/hauts-de-france\/calais_62193\/voici-combien-de-millions-deuros-rapporte-le-dragon-de-calais-au-territoire_59623353.html\" rel=\"nofollow noopener\" target=\"_blank\">\u2019une collaboration entre Fran\u00e7ois Delarozi\u00e8re, le directeur artistique de la compagnie La Machine, et la maire de Calais Natacha Bouchart<\/a>. Apr\u00e8s avoir cr\u00e9\u00e9 <strong>l\u2019\u00c9l\u00e9phant de Nantes<\/strong> et le <a href=\"https:\/\/actu.fr\/occitanie\/toulouse_31555\/spectacle-de-la-machine-a-toulouse-pourquoi-le-minotaure-s-est-arrete-plus-tot-que-prevu_61792255.html\" rel=\"nofollow noopener\" target=\"_blank\">Minotaure de Toulouse<\/a>,<strong> Fran\u00e7ois Delarozi\u00e8re<\/strong> fabrique en 2019 un Dragon pour Calais de 7\u00a0tonnes, 10\u00a0m\u00e8tres de haut et 25\u00a0m\u00e8tres de long.<\/p>\n<p>    <img   decoding=\"async\" loading=\"lazy\" src=\"https:\/\/www.europesays.com\/fr\/wp-content\/uploads\/2025\/11\/nantes-machines-machine-varan-calais-voyage-2-960x640.jpeg\" alt=\"Le Varan est la troisi\u00e8me machine \u00e0 rejoindre Calais.\" width=\"960\" height=\"640\"\/><br \/>\n    Le Varan est la troisi\u00e8me machine \u00e0 rejoindre Calais. (\u00a9Laure Gentil \/ actu Nantes)<\/p>\n<p class=\" wall-content\">Le but\u2009?<a href=\"https:\/\/actu.fr\/hauts-de-france\/calais_62193\/cite-du-dragon-a-calais-un-restaurant-tout-feu-tout-flamme-bientot-ouvert-sur-le-front-de-mer_62828761.html\" rel=\"nofollow noopener\" target=\"_blank\"> R\u00e9habiliter le bord de mer<\/a>. Autour du Dragon, on peut apercevoir une autre figure\u2009: l\u2019Iguane Sentinelle. Le projet de la Cie du Dragon est de r\u00e9unir au total dix machines dans la ville.<\/p>\n<p>    <img   decoding=\"async\" loading=\"lazy\" src=\"https:\/\/www.europesays.com\/fr\/wp-content\/uploads\/2025\/11\/nantes-varan-machines-calais-delaroziere-960x640.jpeg\" alt=\"Fran\u00e7ois Delarozi\u00e8re, directeur artistique de la compagnie La Machine.\" width=\"960\" height=\"640\"\/><br \/>\n    Fran\u00e7ois Delarozi\u00e8re, directeur artistique de la compagnie La Machine. (\u00a9Laure Gentil \/ actu Nantes)<\/p>\n<p class=\" wall-content\">\u00ab\u2009C\u2019est la deuxi\u00e8me grande machine qui rejoint le bestiaire calaisien [l\u2019Iguane est une petite machine N.D.L.R]. Sachant que d\u2019autres Iguanes et autres Varans vont d\u00e9barquer aussi\u2009\u00bb, a expliqu\u00e9 avec un sourire, <a href=\"https:\/\/actu.fr\/pays-de-la-loire\/nantes_44109\/quelque-part-c-est-plus-une-fierte-le-grand-elephant-de-nantes-copie-en-chine_62740097.html\" rel=\"nofollow noopener\" target=\"_blank\">Fran\u00e7ois Delarozi\u00e8re<\/a>, \u00e0 actu Nantes.<\/p>\n<p>Votre r\u00e9gion, votre actu !<\/p>\n<p>Recevez chaque jour les infos qui comptent pour vous.<\/p>\n<p>\t<a href=\"https:\/\/actu.fr\/newsletter\" class=\"ac-btn ac-btn--corner ac-btn--medium ac-btn--blue800\" rel=\"nofollow noopener\" target=\"_blank\">S&rsquo;incrire<\/a><\/p>\n<p>    <img   decoding=\"async\" loading=\"lazy\" src=\"https:\/\/www.europesays.com\/fr\/wp-content\/uploads\/2025\/11\/nantes-machines-machine-varan-calais-voyage-1-960x640.jpeg\" alt=\"Le Varan peut cracher de l'eau et est capable de transporter cinq passagers.\" width=\"960\" height=\"640\"\/><br \/>\n    Le Varan est capable de transporter 25 passagers. (\u00a9Laure Gentil \/ actu Nantes)Une langue de l\u00e9zard<\/p>\n<p class=\" wall-content\">Selon le directeur artistique de La Machine, le Varan est capable de transporter <strong>25 passagers et un passager PMR<\/strong> (personne \u00e0 mobilit\u00e9 r\u00e9duite). Sa largeur a \u00e9t\u00e9 limit\u00e9e \u00e0 <strong>2m50<\/strong> pour lui permettre de se d\u00e9placer dans tous les quartiers de la ville de Calais.<\/p>\n<p>    <img   decoding=\"async\" loading=\"lazy\" src=\"https:\/\/www.europesays.com\/fr\/wp-content\/uploads\/2025\/11\/nantes-varan-machines-calais-3-960x640.jpeg\" alt=\"Le Varan est capable de cracher un jet d'eau.\" width=\"960\" height=\"640\"\/><br \/>\n    Le Varan est capable de cracher un jet d\u2019eau. (\u00a9Laure Gentil \/ actu Nantes)<\/p>\n<p class=\" wall-content\">Il dispose d\u2019un <strong>moteur hybride<\/strong> (thermique et \u00e9lectrique) plac\u00e9 \u00e0 l\u2019int\u00e9rieur de son ventre. Ses batteries seront recharg\u00e9es \u00ab\u2009tout au long de son parcours \u00e0 diff\u00e9rents points d\u2019arr\u00eat\u2009\u00bb. Le Varan est capable de cracher de l\u2019eau et de faire de la brume. Lorsqu\u2019il est mis en sc\u00e8ne en spectacle, six personnes sont n\u00e9cessaires pour le mettre en mouvement. En mode \u00ab\u2009Machine de ville\u2009\u00bb tout au long de l\u2019ann\u00e9e, il est actionn\u00e9 par deux personnes.<\/p>\n<p class=\" wall-content\">L\u2019animal, <strong>construit en bois d\u2019Accoya<\/strong> (un pin trait\u00e9 \u00ab\u2009pour r\u00e9sister aux embruns marins de la mer du Nord\u2009\u00bb), dispose m\u00eame d\u2019une <strong>langue en silicone de 80\u00a0cm<\/strong> qu\u2019il peut d\u00e9plier et replier comme un vrai l\u00e9zard.<\/p>\n<p>    <img   decoding=\"async\" loading=\"lazy\" src=\"https:\/\/www.europesays.com\/fr\/wp-content\/uploads\/2025\/11\/nantes-machines-machine-varan-calais-voyage-4-960x640.jpeg\" alt=\"Le Varan a un moteur hydride \u00e0 l'int\u00e9rieur de son ventre.\" width=\"960\" height=\"640\"\/><br \/>\n    Le Varan a un moteur hybride \u00e0 l\u2019int\u00e9rieur de son ventre. (\u00a9Laure Gentil \/ actu Nantes)\u00ab\u2009Ce sera difficile de leur arracher\u2009\u00bb<\/p>\n<p class=\" wall-content\">\u00ab\u2009On est sur des machines qui peuvent \u00eatre d\u00e9plac\u00e9es assez ais\u00e9ment\u2009\u00bb, a assur\u00e9 Fran\u00e7ois Delarozi\u00e8re. \u00ab\u2009Elle peut \u00eatre charg\u00e9e sur n\u2019importe quel char et voyager.\u2009\u00bb Le retour, m\u00eame temporaire, du Varan \u00e0 Nantes, sa ville de naissance et donc possible mais peu probable.<\/p>\n<p>    <img   decoding=\"async\" loading=\"lazy\" src=\"https:\/\/www.europesays.com\/fr\/wp-content\/uploads\/2025\/11\/nantes-varan-machines-calais-2-960x640.jpeg\" alt=\"Le Varan s'est d\u00e9gourdi les pattes sur l'esplanade du Carrousel des Mondes Marins \u00e0 Nantes.\" width=\"960\" height=\"640\"\/><br \/>\n    Le Varan s\u2019est d\u00e9gourdi les pattes sur l\u2019esplanade du Carrousel des Mondes Marins \u00e0 Nantes. (\u00a9Laure Gentil \/ actu Nantes)<\/p>\n<p class=\" wall-content\">\u00ab\u2009Une fois que les Calaisiens se seront appropri\u00e9 cette machine, ce sera difficile de leur arracher\u2009!\u2009\u00bb, s\u2019est amus\u00e9 le directeur artistique. \u00ab\u2009Le Varan de Voyage fait partie de l\u2019aventure du Dragon de Calais. \u00bb<\/p>\n<p class=\" wall-content\">Personnalisez votre actualit\u00e9 en ajoutant vos villes et m\u00e9dias en favori avec <a href=\"https:\/\/moncompte.actu.fr\" title=\"D\u00e9couvez Mon Actu\" rel=\"nofollow noopener\" data-trk=\"{&quot;cta&quot;:{&quot;action&quot;:&quot;https:\\\/\\\/moncompte.actu.fr&quot;,&quot;category&quot;:&quot;mon compte&quot;,&quot;from&quot;:&quot;article footer&quot;,&quot;name&quot;:&quot;Mon actu&quot;,&quot;type&quot;:&quot;cta&quot;}}\" target=\"_blank\">Mon Actu<\/a>.<\/p>\n","protected":false},"excerpt":{"rendered":"Par Laure Gentil Publi\u00e9 le 7 nov. 2025 \u00e0 8h02 Le Dragon des Mers de Calais a un&hellip;\n","protected":false},"author":2,"featured_media":517742,"comment_status":"","ping_status":"","sticky":false,"template":"","format":"standard","meta":{"footnotes":""},"categories":[2818],"tags":[1111,11,1777,674,1011,27,19649,1652,766,12,2636,25],"class_list":{"0":"post-517741","1":"post","2":"type-post","3":"status-publish","4":"format-standard","5":"has-post-thumbnail","7":"category-nantes","8":"tag-actu","9":"tag-actualites","10":"tag-eu","11":"tag-europe","12":"tag-fr","13":"tag-france","14":"tag-les-machines-de-lile","15":"tag-loisirs-culture","16":"tag-nantes","17":"tag-news","18":"tag-pays-de-la-loire","19":"tag-republique-francaise"},"share_on_mastodon":{"url":"https:\/\/pubeurope.com\/@fr\/115507189095968939","error":""},"_links":{"self":[{"href":"https:\/\/www.europesays.com\/fr\/wp-json\/wp\/v2\/posts\/517741","targetHints":{"allow":["GET"]}}],"collection":[{"href":"https:\/\/www.europesays.com\/fr\/wp-json\/wp\/v2\/posts"}],"about":[{"href":"https:\/\/www.europesays.com\/fr\/wp-json\/wp\/v2\/types\/post"}],"author":[{"embeddable":true,"href":"https:\/\/www.europesays.com\/fr\/wp-json\/wp\/v2\/users\/2"}],"replies":[{"embeddable":true,"href":"https:\/\/www.europesays.com\/fr\/wp-json\/wp\/v2\/comments?post=517741"}],"version-history":[{"count":0,"href":"https:\/\/www.europesays.com\/fr\/wp-json\/wp\/v2\/posts\/517741\/revisions"}],"wp:featuredmedia":[{"embeddable":true,"href":"https:\/\/www.europesays.com\/fr\/wp-json\/wp\/v2\/media\/517742"}],"wp:attachment":[{"href":"https:\/\/www.europesays.com\/fr\/wp-json\/wp\/v2\/media?parent=517741"}],"wp:term":[{"taxonomy":"category","embeddable":true,"href":"https:\/\/www.europesays.com\/fr\/wp-json\/wp\/v2\/categories?post=517741"},{"taxonomy":"post_tag","embeddable":true,"href":"https:\/\/www.europesays.com\/fr\/wp-json\/wp\/v2\/tags?post=517741"}],"curies":[{"name":"wp","href":"https:\/\/api.w.org\/{rel}","templated":true}]}}