{"id":517747,"date":"2025-11-07T07:18:12","date_gmt":"2025-11-07T07:18:12","guid":{"rendered":"https:\/\/www.europesays.com\/fr\/517747\/"},"modified":"2025-11-07T07:18:12","modified_gmt":"2025-11-07T07:18:12","slug":"sncf-une-liaison-tgv-entre-lyon-et-bordeaux-dici-2027","status":"publish","type":"post","link":"https:\/\/www.europesays.com\/fr\/517747\/","title":{"rendered":"SNCF : une liaison TGV entre Lyon et Bordeaux d&rsquo;ici 2027 ?\u00a0"},"content":{"rendered":"<p>La SNCF r\u00e9fl\u00e9chit \u00e0 la mise en place d&rsquo;une liaison TGV entre Lyon et Bordeaux. Des \u00e9tudes vont \u00eatre lanc\u00e9es pour une mise en service en 2027.<\/p>\n<p>C&rsquo;est long en voiture, tr\u00e8s long en bus, et plus polluant en avion. Pourra-t-on prochainement aller \u00e0 <b>Bordeaux<\/b> en <b>TGV<\/b> depuis <b>Lyon<\/b> ?<\/p>\n<p>En tout cas, le projet de liaison entre les deux villes refait surface. Selon les informations de <a class=\"url\" href=\"https:\/\/www.lanouvellerepublique.fr\/poitiers\/la-sncf-etudie-un-trajet-quotidien-bordeaux-lyon-via-poitiers-en-tgv-1762362115\" target=\"_blank\" rel=\"noopener\">La Nouvelle R\u00e9publique<\/a>, la SNCF \u00e9tudie la faisabilit\u00e9 d&rsquo;<b>un aller-retour quotidien<\/b>.\u00a0<\/p>\n<p>Un trajet assur\u00e9 par Ouigo<\/p>\n<p>Un lancement en <b>2027<\/b> est \u00e9voqu\u00e9, avec desserte des gares de <b>Massy TGV<\/b>, <b>Saint-Pierre-des-Corps<\/b> et <b>Poitiers<\/b>. Le d\u00e9part s&rsquo;effectuerait \u00e0 Lyon le matin, et le retour \u00e0 Bordeaux dans la foul\u00e9e.\u00a0<\/p>\n<p>Un trajet long de <b>cinq heures<\/b>, qui serait assur\u00e9 par <b>Ouigo<\/b>, la branche low cost de la SNCF.<\/p>\n<p>Cette derni\u00e8re vise, dans un premier temps, <b>un million de passagers par an <\/b>sur la ligne. Un deuxi\u00e8me aller-retour pourrait ensuite suivre si les objectifs sont atteints.\u00a0<\/p>\n<p><img loading=\"lazy\" decoding=\"async\" src=\"https:\/\/www.europesays.com\/fr\/wp-content\/uploads\/2025\/11\/1762499892_84_img\" width=\"350\" height=\"200\" border=\"0\" title=\"Un TGV en gare de Lyon Part-Dieu\"\/><\/p>\n<p>\u25baTransport<\/p>\n<p style=\"font-size: 22px;\"><b>7 heures de retard : la pagaille, mercredi soir, sur la ligne TGV Paris &#8211; Lyon<\/b><\/p>\n<p>Le trafic des trains a \u00e9t\u00e9 tr\u00e8s perturb\u00e9 ce&#8230;<\/p>\n<p><\/p>\n","protected":false},"excerpt":{"rendered":"La SNCF r\u00e9fl\u00e9chit \u00e0 la mise en place d&rsquo;une liaison TGV entre Lyon et Bordeaux. Des \u00e9tudes vont&hellip;\n","protected":false},"author":2,"featured_media":517748,"comment_status":"","ping_status":"","sticky":false,"template":"","format":"standard","meta":{"footnotes":""},"categories":[2817],"tags":[1111,11,1997,1777,674,1011,27,2428,12,2219,23443,25,2215,2214,926],"class_list":{"0":"post-517747","1":"post","2":"type-post","3":"status-publish","4":"format-standard","5":"has-post-thumbnail","7":"category-bordeaux","8":"tag-actu","9":"tag-actualites","10":"tag-bordeaux","11":"tag-eu","12":"tag-europe","13":"tag-fr","14":"tag-france","15":"tag-lyon","16":"tag-news","17":"tag-nouvelle-aquitaine","18":"tag-ouigo","19":"tag-republique-francaise","20":"tag-sncf","21":"tag-tgv","22":"tag-train"},"share_on_mastodon":{"url":"https:\/\/pubeurope.com\/@fr\/115507201555927995","error":""},"_links":{"self":[{"href":"https:\/\/www.europesays.com\/fr\/wp-json\/wp\/v2\/posts\/517747","targetHints":{"allow":["GET"]}}],"collection":[{"href":"https:\/\/www.europesays.com\/fr\/wp-json\/wp\/v2\/posts"}],"about":[{"href":"https:\/\/www.europesays.com\/fr\/wp-json\/wp\/v2\/types\/post"}],"author":[{"embeddable":true,"href":"https:\/\/www.europesays.com\/fr\/wp-json\/wp\/v2\/users\/2"}],"replies":[{"embeddable":true,"href":"https:\/\/www.europesays.com\/fr\/wp-json\/wp\/v2\/comments?post=517747"}],"version-history":[{"count":0,"href":"https:\/\/www.europesays.com\/fr\/wp-json\/wp\/v2\/posts\/517747\/revisions"}],"wp:featuredmedia":[{"embeddable":true,"href":"https:\/\/www.europesays.com\/fr\/wp-json\/wp\/v2\/media\/517748"}],"wp:attachment":[{"href":"https:\/\/www.europesays.com\/fr\/wp-json\/wp\/v2\/media?parent=517747"}],"wp:term":[{"taxonomy":"category","embeddable":true,"href":"https:\/\/www.europesays.com\/fr\/wp-json\/wp\/v2\/categories?post=517747"},{"taxonomy":"post_tag","embeddable":true,"href":"https:\/\/www.europesays.com\/fr\/wp-json\/wp\/v2\/tags?post=517747"}],"curies":[{"name":"wp","href":"https:\/\/api.w.org\/{rel}","templated":true}]}}