{"id":517753,"date":"2025-11-07T07:21:11","date_gmt":"2025-11-07T07:21:11","guid":{"rendered":"https:\/\/www.europesays.com\/fr\/517753\/"},"modified":"2025-11-07T07:21:11","modified_gmt":"2025-11-07T07:21:11","slug":"a-mons%e2%80%90en%e2%80%90baroeul-rudy-elegeest-met-un-terme-a-sa-vie-politique","status":"publish","type":"post","link":"https:\/\/www.europesays.com\/fr\/517753\/","title":{"rendered":"\u00c0 Mons\u2010en\u2010Baroeul, Rudy Elegeest met un terme \u00e0 sa vie politique"},"content":{"rendered":"<p><b>\u00c0 66 ans, le maire (divers-gauche) de Mons-en-Baroeul vient de d\u00e9cider de ne pas se repr\u00e9senter, en mars prochain, pour un quatri\u00e8me mandat, ainsi que Mediacit\u00e9s est en mesure de le r\u00e9v\u00e9ler.<\/b><\/p>\n<p>\u00ab\u202fCela a \u00e9t\u00e9 un choix extr\u00eamement difficile. Mais je ne veux pas faire le mandat de trop.\u202f\u00bb C\u2019est ainsi que Rudy Elegeest, maire (divers\u2010gauche) de Mons\u2010en\u2010Baroeul depuis 2001, a confirm\u00e9 aupr\u00e8s de Mediacit\u00e9s son intention de ne pas se repr\u00e9senter aux municipales en mars 2026. L\u2019\u00e9lu met ainsi fin, \u00e0 la surprise g\u00e9n\u00e9rale, \u00e0 vingt\u2010cinq de mandat de maire et trente\u2010sept ans de pr\u00e9sence au sein du conseil municipal dans cette ville de 22 000 habitants situ\u00e9e \u00e0 l\u2019est de\u00a0Lille.<\/p>\n<p>Pour Mons\u2010en\u2010Baroeul, une page politique se tourne. Depuis l\u2019\u00e9lection de Marc Wolf en 1977, la ville m\u00e8ne une politique singuli\u00e8re teint\u00e9e de christianisme social et d\u2019auto-gestion. Rudy Elegeest, qui s\u2019inscrit dans cette lign\u00e9e, se fait d\u2019ailleurs fort de rappeler qu\u2019il n\u2019a jamais \u00e9t\u00e9 encart\u00e9 dans un parti politique. Mais la lassitude a fini par l\u2019emporter. Meurtri par les <a title=\"\u00c9meutes \u00e0 Mons-en-Bar\u0153ul : \u00ab La concentration des difficult\u00e9s est toujours explosive\u2026 et l\u00e0, \u00e7a a explos\u00e9 \u00bb\" href=\"https:\/\/www.mediacites.fr\/interview\/lille\/2023\/07\/03\/emeutes-a-mons-en-baroeul-la-concentration-des-difficultes-est-toujours-explosive-et-la-ca-a-explose\/\" target=\"_blank\" rel=\"noopener\">saccages intervenus en 2023<\/a> contre la mairie apr\u00e8s la mort de Nahel Merzouk \u00e0 Nanterre, lass\u00e9 par une classe politique dans laquelle il ne se reconna\u00eet plus, d\u00e9\u00e7u par une politique intercommunale \u00ab\u202fde guichet\u202f\u00bb men\u00e9e au sein de la MEL sans aucune vision strat\u00e9gique, Rudy Elegeest a d\u00e9cid\u00e9 de passer \u00e0 autre\u00a0chose.<\/p>\n<p>Le <\/p>\n<p>Nous vous offrons l\u2019acc\u00e8s \u00e0 cet article<\/p>\n<p>Et \u00e0 toutes nos enqu\u00eates pendant deux jours\u00a0\u00a0! <br \/>Oui, on est g\u00e9n\u00e9reux \ud83d\ude09 Mais pensez aussi \u00e0 <a href=\"https:\/\/www.mediacites.fr\/sabonner\/\" target=\"_blank\" style=\"color:#fff\" rel=\"noopener\">vous abonner<\/a>\u00a0\u00a0!<\/p>\n<p>\t\tEn renseignant votre adresse, vous acceptez nos <a href=\"https:\/\/www.mediacites.fr\/conditions-generales-d-utilisation\/\" target=\"_blank\" rel=\"noopener\">conditions g\u00e9n\u00e9rales d\u2019utilisation<\/a>. <br \/>Mediacit\u00e9s s\u2019engage \u00e0 ne pas c\u00e9der votre adresse \u00e0 des tiers. En cas d\u2019\u00e9chec, \u00e9crivez \u00e0 <a href=\"https:\/\/www.mediacites.fr\/breve\/lille\/2025\/11\/07\/a-mons-en-baroeul-rudy-elegeest-met-un-terme-a-sa-vie-politique\/mailto:contact@mediacites.fr\" target=\"_blank\" rel=\"noopener\">contact@mediacites.fr<\/a><\/p>\n<ul>\n<li>J\u2019acc\u00e8de aux 4 \u00e9ditions de Mediacit\u00e9s (Lille, Lyon, Nantes et Toulouse)<\/li>\n<li>Je d\u00e9couvre un m\u00e9dia 100 % ind\u00e9pendant, avec 0 % de publicit\u00e9<\/li>\n<\/ul>\n<p>Envie de lire la\u00a0suite\u202f?<\/p>\n<p>Depuis neuf ans, Mediacit\u00e9s enqu\u00eate en toute ind\u00e9pendance dans votre ville. Gr\u00e2ce \u00e0 ses lecteurs\u202f! Abonnez\u2010vous pour ne rien manquer de nos enqu\u00eates, suivre les \u00e9lections municipales et soutenir un journal local d\u2019investigation.<\/p>\n<ul>\n<li>Acc\u00e8s aux 4 \u00e9ditions de Mediacit\u00e9s (Lille, Lyon, Nantes et Toulouse)<\/li>\n<li>100 % ind\u00e9pendant, avec 0 % de publicit\u00e9<\/li>\n<li>R\u00e9siliation facile \u00e0 tout moment<\/li>\n<\/ul>\n<p>Mediacit\u00e9s offre l\u2019acc\u00e8s \u00e0 cet article aux lecteurs de News2Com<\/p>\n<p>Et \u00e0 toutes nos enqu\u00eates pendant deux jours\u00a0\u00a0! <br \/>Oui, on est g\u00e9n\u00e9reux \ud83d\ude09 Mais pensez aussi \u00e0 <a href=\"https:\/\/www.mediacites.fr\/sabonner\/\" target=\"_blank\" style=\"color:#fff\" rel=\"noopener\">vous abonner<\/a>\u00a0\u00a0!<\/p>\n<p>\t\tEn renseignant votre adresse, vous acceptez nos <a href=\"https:\/\/www.mediacites.fr\/conditions-generales-d-utilisation\/\" target=\"_blank\" rel=\"noopener\">conditions g\u00e9n\u00e9rales d\u2019utilisation<\/a>. <br \/>Mediacit\u00e9s s\u2019engage \u00e0 ne pas c\u00e9der votre adresse \u00e0 des tiers. En cas d\u2019\u00e9chec, \u00e9crivez \u00e0 <a href=\"https:\/\/www.mediacites.fr\/breve\/lille\/2025\/11\/07\/a-mons-en-baroeul-rudy-elegeest-met-un-terme-a-sa-vie-politique\/mailto:contact@mediacites.fr\" target=\"_blank\" rel=\"noopener\">contact@mediacites.fr<\/a><\/p>\n<ul>\n<li>J\u2019acc\u00e8de aux 4 \u00e9ditions de Mediacit\u00e9s (Lille, Lyon, Nantes et Toulouse)<\/li>\n<li>Je d\u00e9couvre un m\u00e9dia 100 % ind\u00e9pendant, avec 0 % de publicit\u00e9<\/li>\n<\/ul>\n","protected":false},"excerpt":{"rendered":"\u00c0 66 ans, le maire (divers-gauche) de Mons-en-Baroeul vient de d\u00e9cider de ne pas se repr\u00e9senter, en mars&hellip;\n","protected":false},"author":2,"featured_media":517754,"comment_status":"","ping_status":"","sticky":false,"template":"","format":"standard","meta":{"footnotes":""},"categories":[2815],"tags":[1111,11,1777,674,1011,27,811,51816,1307,63820,3434,49775,12,25,63821],"class_list":{"0":"post-517753","1":"post","2":"type-post","3":"status-publish","4":"format-standard","5":"has-post-thumbnail","7":"category-lille","8":"tag-actu","9":"tag-actualites","10":"tag-eu","11":"tag-europe","12":"tag-fr","13":"tag-france","14":"tag-hauts-de-france","15":"tag-loeil-de-mediacites","16":"tag-lille","17":"tag-mons-en-baroeul","18":"tag-municipales-2026","19":"tag-municipales2026","20":"tag-news","21":"tag-republique-francaise","22":"tag-rudy-elegeest"},"share_on_mastodon":{"url":"https:\/\/pubeurope.com\/@fr\/115507212140036854","error":""},"_links":{"self":[{"href":"https:\/\/www.europesays.com\/fr\/wp-json\/wp\/v2\/posts\/517753","targetHints":{"allow":["GET"]}}],"collection":[{"href":"https:\/\/www.europesays.com\/fr\/wp-json\/wp\/v2\/posts"}],"about":[{"href":"https:\/\/www.europesays.com\/fr\/wp-json\/wp\/v2\/types\/post"}],"author":[{"embeddable":true,"href":"https:\/\/www.europesays.com\/fr\/wp-json\/wp\/v2\/users\/2"}],"replies":[{"embeddable":true,"href":"https:\/\/www.europesays.com\/fr\/wp-json\/wp\/v2\/comments?post=517753"}],"version-history":[{"count":0,"href":"https:\/\/www.europesays.com\/fr\/wp-json\/wp\/v2\/posts\/517753\/revisions"}],"wp:featuredmedia":[{"embeddable":true,"href":"https:\/\/www.europesays.com\/fr\/wp-json\/wp\/v2\/media\/517754"}],"wp:attachment":[{"href":"https:\/\/www.europesays.com\/fr\/wp-json\/wp\/v2\/media?parent=517753"}],"wp:term":[{"taxonomy":"category","embeddable":true,"href":"https:\/\/www.europesays.com\/fr\/wp-json\/wp\/v2\/categories?post=517753"},{"taxonomy":"post_tag","embeddable":true,"href":"https:\/\/www.europesays.com\/fr\/wp-json\/wp\/v2\/tags?post=517753"}],"curies":[{"name":"wp","href":"https:\/\/api.w.org\/{rel}","templated":true}]}}