{"id":517755,"date":"2025-11-07T07:22:17","date_gmt":"2025-11-07T07:22:17","guid":{"rendered":"https:\/\/www.europesays.com\/fr\/517755\/"},"modified":"2025-11-07T07:22:17","modified_gmt":"2025-11-07T07:22:17","slug":"lille-ils-ont-donne-leur-corps-a-la-science-la-fac-de-medecine-de-la-catho-les-remercie","status":"publish","type":"post","link":"https:\/\/www.europesays.com\/fr\/517755\/","title":{"rendered":"Lille. Ils ont donn\u00e9 leur corps \u00e0 la science, la fac de m\u00e9decine de la Catho les remercie"},"content":{"rendered":"<p>            Par<br \/>\n        <strong><br \/>\n            <a href=\"https:\/\/actu.fr\/auteur\/annesophie-2\" title=\"Consulter tous les articles de Anne-Sophie Hourdeaux\" target=\"_blank\" rel=\"noopener\">Anne-Sophie Hourdeaux<\/a><br \/>\n        <\/strong><\/p>\n<p>        Publi\u00e9 le<\/p>\n<p>            7 nov. 2025 \u00e0 8h14        <\/p>\n<p>Vous ne le savez peut-\u00eatre pas, mais la<b> facult\u00e9 de m\u00e9decine de <a href=\"https:\/\/actu.fr\/tag\/universite-catholique-de-lille\" target=\"_blank\" rel=\"noopener\">l\u2019Universit\u00e9 catholique de Lille<\/a><\/b> peut recevoir des legs particuliers\u2009: des personnes peuvent y <b>faire don de leur corps. <\/b>Pour leur rendre hommage, <b>une c\u00e9r\u00e9monie est organis\u00e9e samedi 8\u00a0novembre 2025 \u00e0 Lille, au cimeti\u00e8re du Sud<\/b>. Une <b>st\u00e8le hommage<\/b> y a \u00e9t\u00e9 install\u00e9e.<\/p>\n<p class=\" wall-content\">Rencontre avec Guillaume Ficheux, m\u00e9decin g\u00e9n\u00e9raliste, enseignant \u00e0 la facult\u00e9 de m\u00e9decine de la Catho et docteur du centre de sant\u00e9 des \u00e9tudiants du campus Vauban, responsable du laboratoire d\u2019anatomie.<\/p>\n<p>    <img   decoding=\"async\" loading=\"lazy\" class=\"size-large\" src=\"https:\/\/www.europesays.com\/fr\/wp-content\/uploads\/2025\/11\/8eafc88d1b09682bfc88d1b0956bfcv-960x640.jpg\" alt=\"fac m\u00e9decine laboratoire anatomie dissection don de corps\" width=\"960\" height=\"640\"\/><br \/>\n    Les \u00e9tudiants de m\u00e9decine ont des cours sur de \u00ab\u00a0vrais\u00a0\u00bb corps. \u00a9Fac de m\u00e9decine\/Universit\u00e9 catholique de Lille<\/p>\n<p class=\"ac-article-content__question wall-content\">Que signifie \u00ab\u2009donner son corps \u00e0 la science\u2009\u00bb\u2009?<\/p>\n<p class=\" wall-content\">Il s\u2019agit en fait de l\u00e9guer son corps \u00e0 une facult\u00e9 de m\u00e9decine, \u00e0 des fins d\u2019enseignement m\u00e9dical et de recherche.<\/p>\n<p class=\"ac-article-content__question wall-content\">Cette pratique a \u00e9t\u00e9 encadr\u00e9e plus pr\u00e9cis\u00e9ment depuis peu. Pourquoi\u2009?<\/p>\n<p class=\" wall-content\">Jusque 2022, il n\u2019y avait presque rien sur l\u2019encadrement l\u00e9gal du don de corps, juste une pr\u00e9cision sur le d\u00e9lai d\u2019acheminement du corps. Mais en 2019 a \u00e9t\u00e9 d\u00e9voil\u00e9 ce qu\u2019on a appel\u00e9 \u00ab\u2009le charnier Descartes\u2009\u00bb, \u00e0 l\u2019Universit\u00e9 de Paris-Descartes, le plus grand centre de dons de corps d\u2019Europe, avec des conditions de conservation indignes pour les donneurs. Cela a conduit \u00e0 une l\u00e9gislation.<\/p>\n<p class=\"ac-article-content__question wall-content\">Combien de corps recevez-vous par an\u2009?<\/p>\n<p class=\" wall-content\">Nous sommes un petit centre de dons, avec environ 5 corps par an. Le plus gros centre accueille 150 corps. On compte 27 centres en France, 25 d\u00e9pendant de facult\u00e9s publiques, un d\u2019une structure hospitali\u00e8re et un seul et dernier d\u2019une universit\u00e9 catholique. Le dernier chiffre en France \u00e9voquant le don de corps est de 3000 personnes par an.<\/p>\n<p class=\"ac-article-content__question wall-content\">Comment les conservez-vous\u2009?<\/p>\n<p class=\" wall-content\">Nous avons une salle de conservation des corps, nous les embaumons, c\u2019est-\u00e0-dire avec une injection de produits.<\/p>\n<p>Votre r\u00e9gion, votre actu !<\/p>\n<p>Recevez chaque jour les infos qui comptent pour vous.<\/p>\n<p>\t<a href=\"https:\/\/actu.fr\/newsletter\" class=\"ac-btn ac-btn--corner ac-btn--medium ac-btn--blue800\" target=\"_blank\" rel=\"noopener\">S&rsquo;incrire<\/a><\/p>\n<p class=\"ac-article-content__question wall-content\">En quoi \u00e9tudier sur de \u00ab\u2009vrais\u2009\u00bb corps est-il important pour les futurs m\u00e9decins\u2009?<\/p>\n<p class=\" wall-content\">C\u2019est indispensable \u00e0 la formation\u2009! Malgr\u00e9 les outils num\u00e9riques en 3D et num\u00e9risation, que nous utilisons aussi, nous avons beaucoup de cours magistraux, de polycopi\u00e9s, de sch\u00e9ma \u00e0 la craie\u2026 Rien ne remplace le corps humain pour la visualisation tridimensionnelle et aussi pour le lien entre les organes.<\/p>\n<p class=\"ac-article-content__question wall-content\">Est-ce difficile pour les \u00e9tudiants\u2009?<\/p>\n<p class=\" wall-content\">La dissection se pratique en 2e et 3e ann\u00e9es, pas en premi\u00e8re ann\u00e9e. Ce n\u2019est pas obligatoire, mais 90\u2009% des \u00e9tudiants en m\u00e9decine acceptent de la pratiquer. Souvent, ceux qui renoncent ont connu un deuil r\u00e9cemment. Il y a un vrai accompagnement, avec beaucoup d\u2019explications avant la premi\u00e8re s\u00e9ance.<\/p>\n<p class=\" wall-content\">Notre conseil principal est de se focaliser sur l\u2019organe \u00e0 \u00e9tudier, le corps devient le temps de la s\u00e9ance un \u00ab\u2009objet d\u2019\u00e9tudes\u2009\u00bb. Nous r\u00e9unissons les conditions pour que cela se passe au mieux\u2009: seule la r\u00e9gion de l\u2019\u00e9tude concern\u00e9e est visible, le reste du corps est cach\u00e9 par des draps st\u00e9riles. Tr\u00e8s peu de cours se passent au niveau du visage, sauf pour les sp\u00e9cialit\u00e9s en chirurgie. Et l\u00e0 encore, on installe des draps pour se focaliser sur une petite partie.<\/p>\n<p>    <img   decoding=\"async\" loading=\"lazy\" class=\"size-large\" src=\"https:\/\/www.europesays.com\/fr\/wp-content\/uploads\/2025\/11\/cc01098d1b096f021098d1b0956210v-960x640.jpg\" alt=\"fac m\u00e9decine laboratoire anatomie dissection don de corps st\u00e8le cimeti\u00e8re lille\" width=\"960\" height=\"640\"\/><br \/>\n    Une nouvelle st\u00e8le est apparue au cimeti\u00e8re de Lille cet \u00e9t\u00e9 en m\u00e9moire des donneurs de corps \u00e0 la fac de m\u00e9decine de la Catho. \u00a9Fac de m\u00e9decine\/Universit\u00e9 catholique de Lille<\/p>\n<p class=\"ac-article-content__question wall-content\">Samedi 8\u00a0novembre, une c\u00e9r\u00e9monie particuli\u00e8re aura lieu \u00e0 Lille pour la premi\u00e8re fois. De quoi s\u2019agit-il\u2009?<\/p>\n<p class=\" wall-content\">Chaque ann\u00e9e, nous faisions une intention de pri\u00e8res \u00e0 nos donneurs lors de la messe des d\u00e9funts. Cette ann\u00e9e, pour la premi\u00e8re fois, notre comit\u00e9 d\u2019\u00e9thique, en lien avec les nouvelles obligations l\u00e9gales, a d\u00e9cid\u00e9 d\u2019organiser une c\u00e9r\u00e9monie la\u00efque au cimeti\u00e8re, ce qui est coh\u00e9rent car nos donneurs ne sont pas tous chr\u00e9tiens.<\/p>\n<p class=\" wall-content\">Une nouvelle st\u00e8le a fait son apparition cet \u00e9t\u00e9 au cimeti\u00e8re du Sud, rue du Faubourg des Postes \u00e0 Lille. Elle est situ\u00e9e section 91 (face \u00e0 la section 48), emplacement n\u00b0\u00a010, \u00e0 proximit\u00e9 de la Porte de l\u2019Arbrisseau. Elle a \u00e9t\u00e9 \u00e9rig\u00e9e \u00e0 la m\u00e9moire des personnes ayant g\u00e9n\u00e9reusement fait don de leur corps \u00e0 la facult\u00e9 de m\u00e9decine de l\u2019Universit\u00e9 catholique de Lille. Samedi 8\u00a0novembre, rendez-vous (entr\u00e9e principale \u00e0 11\u2009h) y est donn\u00e9 \u00e0 tous pour une c\u00e9r\u00e9monie comm\u00e9morative.<\/p>\n<p class=\" wall-content\">Cette st\u00e8le n\u2019est pas qu\u2019un lieu d\u2019hommages et de m\u00e9moire. Elle a une particularit\u00e9\u2009: les cendres des personnes ayant donn\u00e9 leur corps peuvent d\u00e9sormais \u00eatre dispers\u00e9es au pied de cette st\u00e8le. Avant, elles \u00e9taient pour la plupart dispers\u00e9es au Jardin du souvenir du cr\u00e9matorium d\u2019Herlies.<\/p>\n<p class=\"ac-article-content__question wall-content\">Quel est le profil des personnes qui donnent leur corps \u00e0 la science\u2009? Si elles ont de la famille, comment \u00e7a se passe\u2009?<\/p>\n<p class=\" wall-content\">Souvent, elles n\u2019ont plus de famille ou ne veulent pas les d\u00e9ranger. C\u2019est vraiment un choix personnel, \u00e0 faire de son vivant avec une d\u00e9marche officielle.<\/p>\n<p class=\" wall-content\">Le corps doit \u00eatre achemin\u00e9 tr\u00e8s peu de temps apr\u00e8s la mort pour des questions de conservation, en 48\u00a0heures maximum. Donc des fun\u00e9railles sont impossibles en ce laps de temps. Quand il y a de la famille, souvent, les proches g\u00e9ographiquement ont le temps de voir le corps avant le d\u00e9part au centre de dons choisi, mais les plus \u00e9loign\u00e9s non. La famille peut faire une c\u00e9r\u00e9monie sans corps.<\/p>\n<p class=\" wall-content\">Apr\u00e8s les \u00ab\u2009travaux anatomiques\u2009\u00bb, la famille peut si elle le souhaite r\u00e9cup\u00e9rer le corps ou les cendres pour les mettre dans le caveau familial par exemple, ou les disperser selon son choix. Les facult\u00e9s de m\u00e9decins peuvent garder le corps au maximum pendant 2\u00a0ans, voire 3\u00a0ans mais il faut une justification.<\/p>\n<p class=\"ac-article-content__question wall-content\">Comment donner son corps \u00e0 la science\u2009? Quelle proc\u00e9dure\u2009?<\/p>\n<p class=\" wall-content\">Le don se fait aupr\u00e8s du centre le plus proche de son domicile. La d\u00e9marche doit \u00eatre faite de son vivant par la personne concern\u00e9e. Lille compte 2 centres, l\u2019Universit\u00e9 de Lille et l\u2019Institut Catholique. La d\u00e9marche de don est tr\u00e8s encadr\u00e9e, il faut d\u2019abord adresser une demande de dossier par courrier postal (les coordonn\u00e9es de tous les centres de don sont ici). Puis, la personne re\u00e7oit un dossier avec le document d\u2019information national, le document d\u2019information sp\u00e9cifique du centre (ces documents sont \u00e9galement disponibles en ligne sur notre site), et une d\u00e9claration de consentement au don qu\u2019il faudra remplir et renvoyer. Le centre enregistre alors le don et d\u00e9livre la carte de donneur.<\/p>\n<p class=\" wall-content\">Personnalisez votre actualit\u00e9 en ajoutant vos villes et m\u00e9dias en favori avec <a href=\"https:\/\/moncompte.actu.fr\" title=\"D\u00e9couvez Mon Actu\" rel=\"nofollow noopener\" data-trk=\"{&quot;cta&quot;:{&quot;action&quot;:&quot;https:\\\/\\\/moncompte.actu.fr&quot;,&quot;category&quot;:&quot;mon compte&quot;,&quot;from&quot;:&quot;article footer&quot;,&quot;name&quot;:&quot;Mon actu&quot;,&quot;type&quot;:&quot;cta&quot;}}\" target=\"_blank\">Mon Actu<\/a>.<\/p>\n","protected":false},"excerpt":{"rendered":"Par Anne-Sophie Hourdeaux Publi\u00e9 le 7 nov. 2025 \u00e0 8h14 Vous ne le savez peut-\u00eatre pas, mais la&hellip;\n","protected":false},"author":2,"featured_media":517756,"comment_status":"","ping_status":"","sticky":false,"template":"","format":"standard","meta":{"footnotes":""},"categories":[2815],"tags":[1111,11,1777,674,1011,27,811,1307,2673,12,25,104,21754],"class_list":{"0":"post-517755","1":"post","2":"type-post","3":"status-publish","4":"format-standard","5":"has-post-thumbnail","7":"category-lille","8":"tag-actu","9":"tag-actualites","10":"tag-eu","11":"tag-europe","12":"tag-fr","13":"tag-france","14":"tag-hauts-de-france","15":"tag-lille","16":"tag-medecins","17":"tag-news","18":"tag-republique-francaise","19":"tag-societe","20":"tag-universite-catholique-de-lille"},"share_on_mastodon":{"url":"https:\/\/pubeurope.com\/@fr\/115507216915630180","error":""},"_links":{"self":[{"href":"https:\/\/www.europesays.com\/fr\/wp-json\/wp\/v2\/posts\/517755","targetHints":{"allow":["GET"]}}],"collection":[{"href":"https:\/\/www.europesays.com\/fr\/wp-json\/wp\/v2\/posts"}],"about":[{"href":"https:\/\/www.europesays.com\/fr\/wp-json\/wp\/v2\/types\/post"}],"author":[{"embeddable":true,"href":"https:\/\/www.europesays.com\/fr\/wp-json\/wp\/v2\/users\/2"}],"replies":[{"embeddable":true,"href":"https:\/\/www.europesays.com\/fr\/wp-json\/wp\/v2\/comments?post=517755"}],"version-history":[{"count":0,"href":"https:\/\/www.europesays.com\/fr\/wp-json\/wp\/v2\/posts\/517755\/revisions"}],"wp:featuredmedia":[{"embeddable":true,"href":"https:\/\/www.europesays.com\/fr\/wp-json\/wp\/v2\/media\/517756"}],"wp:attachment":[{"href":"https:\/\/www.europesays.com\/fr\/wp-json\/wp\/v2\/media?parent=517755"}],"wp:term":[{"taxonomy":"category","embeddable":true,"href":"https:\/\/www.europesays.com\/fr\/wp-json\/wp\/v2\/categories?post=517755"},{"taxonomy":"post_tag","embeddable":true,"href":"https:\/\/www.europesays.com\/fr\/wp-json\/wp\/v2\/tags?post=517755"}],"curies":[{"name":"wp","href":"https:\/\/api.w.org\/{rel}","templated":true}]}}