{"id":517757,"date":"2025-11-07T07:23:12","date_gmt":"2025-11-07T07:23:12","guid":{"rendered":"https:\/\/www.europesays.com\/fr\/517757\/"},"modified":"2025-11-07T07:23:12","modified_gmt":"2025-11-07T07:23:12","slug":"le-collectif-de-sebastien-barles-rejoint-lfi-pour-les-municipales-de-marseille","status":"publish","type":"post","link":"https:\/\/www.europesays.com\/fr\/517757\/","title":{"rendered":"Le collectif de S\u00e9bastien Barles rejoint LFI pour les municipales de Marseille"},"content":{"rendered":"\n<p>Dans un communiqu\u00e9 diffus\u00e9 dans la nuit, le collectif \u00ab Va\u00ef \u00bb, indique sa d\u00e9cision de \u00ab de s\u2019unir avec la France Insoumise au premier tour des \u00e9lections municipales de mars 2026 \u00e0 Marseille pour porter un projet de transformation sociale, d\u00e9mocratique et environnementale, aux c\u00f4t\u00e9s de collectifs citoyens et de forces sociales locales. \u00bb<\/p>\n<p>\u00ab Les promesses que le changement de majorit\u00e9 avait fait germer lors de l\u2019\u00e9lection municipale en 2020 n\u2019ont pas \u00e9t\u00e9 tenues : l\u2019immense espoir suscit\u00e9 par la victoire de Mich\u00e8le Rubirola, premi\u00e8re femme maire de Marseille, en mars 2020 reste \u00e0 concr\u00e9tiser \u00bb poursuit le collectif, pourtant anim\u00e9 par <b><a href=\"https:\/\/www.lamarseillaise.fr\/politique\/rue-de-la-republique-sebastien-barles-deux-listes-a-gauche-a-marseille-c-est-une-oxygenation-democratique-IN19056608\" target=\"_blank\" rel=\"noopener\">S\u00e9bastien Barles <\/a><\/b>qui avait pr\u00e9sent\u00e9 en 2020 une liste \u00e9cologiste, au premier tour, concurrente de celle du Printemps marseillais alors emmen\u00e9e par Mich\u00e8le Rubirola.<\/p>\n<p>Le collectif \u00ab Va\u00ef \u00bb promet de tourner de le dos \u00e0 la \u00ab monarchie municipale \u00bb et de porter un \u00ab projet de rupture \u00bb.<\/p>\n<p>\u00ab Face \u00e0 l\u2019extr\u00eame-droite, nous ne croyons pas \u00e0 la posture des figures providentielles si courantes dans une V\u00e8me R\u00e9publique \u00e0 bout de souffle \u00bb, ajoute le communiqu\u00e9 qui renvoie au second tour la perspective d\u2019une union des gauches.<\/p>\n<p>S\u00e9bastien Barles acte ainsi sa rupture avec le parti \u00e9cologiste dont il est suspendu et qui a <b><a href=\"https:\/\/www.lamarseillaise.fr\/politique\/les-ecologistes-votent-printemps-marseillais-HG18962401\" target=\"_blank\" rel=\"noopener\">vot\u00e9 r\u00e9cemment son adh\u00e9sion \u00e0 un rassemblement d\u00e8s le premier tour avec les autres forces du Printemps marseillais.<\/a> <\/b>LFI n\u2019a pas encore officialis\u00e9 de liste. Le d\u00e9put\u00e9 S\u00e9bastien Delogu est n\u00e9anmoins pressenti pour la conduire.<\/p>\n","protected":false},"excerpt":{"rendered":"Dans un communiqu\u00e9 diffus\u00e9 dans la nuit, le collectif \u00ab Va\u00ef \u00bb, indique sa d\u00e9cision de \u00ab de&hellip;\n","protected":false},"author":2,"featured_media":517758,"comment_status":"","ping_status":"","sticky":false,"template":"","format":"standard","meta":{"footnotes":""},"categories":[2814],"tags":[1111,11,22330,1777,674,1011,27,884,12,882,25],"class_list":{"0":"post-517757","1":"post","2":"type-post","3":"status-publish","4":"format-standard","5":"has-post-thumbnail","7":"category-marseille","8":"tag-actu","9":"tag-actualites","10":"tag-electeurs","11":"tag-eu","12":"tag-europe","13":"tag-fr","14":"tag-france","15":"tag-marseille","16":"tag-news","17":"tag-provence-alpes-cote-dazur","18":"tag-republique-francaise"},"share_on_mastodon":{"url":"https:\/\/pubeurope.com\/@fr\/115507219940463196","error":""},"_links":{"self":[{"href":"https:\/\/www.europesays.com\/fr\/wp-json\/wp\/v2\/posts\/517757","targetHints":{"allow":["GET"]}}],"collection":[{"href":"https:\/\/www.europesays.com\/fr\/wp-json\/wp\/v2\/posts"}],"about":[{"href":"https:\/\/www.europesays.com\/fr\/wp-json\/wp\/v2\/types\/post"}],"author":[{"embeddable":true,"href":"https:\/\/www.europesays.com\/fr\/wp-json\/wp\/v2\/users\/2"}],"replies":[{"embeddable":true,"href":"https:\/\/www.europesays.com\/fr\/wp-json\/wp\/v2\/comments?post=517757"}],"version-history":[{"count":0,"href":"https:\/\/www.europesays.com\/fr\/wp-json\/wp\/v2\/posts\/517757\/revisions"}],"wp:featuredmedia":[{"embeddable":true,"href":"https:\/\/www.europesays.com\/fr\/wp-json\/wp\/v2\/media\/517758"}],"wp:attachment":[{"href":"https:\/\/www.europesays.com\/fr\/wp-json\/wp\/v2\/media?parent=517757"}],"wp:term":[{"taxonomy":"category","embeddable":true,"href":"https:\/\/www.europesays.com\/fr\/wp-json\/wp\/v2\/categories?post=517757"},{"taxonomy":"post_tag","embeddable":true,"href":"https:\/\/www.europesays.com\/fr\/wp-json\/wp\/v2\/tags?post=517757"}],"curies":[{"name":"wp","href":"https:\/\/api.w.org\/{rel}","templated":true}]}}