{"id":517768,"date":"2025-11-07T07:31:20","date_gmt":"2025-11-07T07:31:20","guid":{"rendered":"https:\/\/www.europesays.com\/fr\/517768\/"},"modified":"2025-11-07T07:31:20","modified_gmt":"2025-11-07T07:31:20","slug":"fumigenes-affrontements-le-concert-de-lorchestre-philharmonique-disrael-a-paris-perturbe-par-de-graves-incidents","status":"publish","type":"post","link":"https:\/\/www.europesays.com\/fr\/517768\/","title":{"rendered":"Fumig\u00e8nes, affrontements\u2026 Le concert de l&rsquo;orchestre philharmonique d&rsquo;Isra\u00ebl \u00e0 Paris perturb\u00e9 par \u00ab\u00a0de graves incidents\u00a0\u00bb"},"content":{"rendered":"<p class=\"mb-4 text-lg md:leading-8 break-words\">Le concert de l&rsquo;orchestre philharmonique d&rsquo;<a href=\"https:\/\/fr.news.yahoo.com\/gaza-isra%C3%ABl-annonce-avoir-identifi%C3%A9-232016171.html\" data-ylk=\"slk:Isra\u00ebl;elm:context_link;itc:0;sec:content-canvas;outcm:mb_qualified_link;_E:mb_qualified_link;ct:story;\" class=\"link  yahoo-link\" target=\"_blank\" rel=\"noopener\">Isra\u00ebl<\/a> a \u00e9t\u00e9 perturb\u00e9 \u00e0 trois reprises, ce jeudi 6 novembre, alors qu&rsquo;il se produisait dans la soir\u00e9e \u00e0 la Philharmonie de Paris dans le 19e arrondissement.<\/p>\n<p>Une plainte d\u00e9pos\u00e9e<\/p>\n<p class=\"mb-4 text-lg md:leading-8 break-words\">Des fumig\u00e8nes ont \u00e9t\u00e9 lanc\u00e9s par des manifestants qui tentaient d&rsquo;interrompre l&rsquo;\u00e9v\u00e9nement. Un attroupement s&rsquo;est \u00e9galement form\u00e9 dans les gradins o\u00f9 des \u00e9chauffour\u00e9es entre spectateurs ont \u00e9clat\u00e9, selon des images relay\u00e9es sur les r\u00e9seaux sociaux.<\/p>\n<p class=\"mb-4 text-lg md:leading-8 break-words\">Apr\u00e8s cette soir\u00e9e, la direction de la Philarmonie de Paris a dit \u00ab\u00a0condamner fermement les graves incidents\u00a0\u00bb survenus au sein de sa salle de spectacle et d\u00e9plorer la mise en danger du public, de son personnel et des artistes. L&rsquo;\u00e9tablissement a annonc\u00e9 porter plainte.<\/p>\n<p class=\"mb-4 text-lg md:leading-8 break-words\">La Philharmonie a pr\u00e9cis\u00e9 que \u00ab\u00a0\u00e0 trois reprises, des spectateurs en possession d&rsquo;un billet ont tent\u00e9 de diverses mani\u00e8res d&rsquo;interrompre le concert, dont deux fois avec l&rsquo;usage de fumig\u00e8nes. Des spectateurs se sont interpos\u00e9s et des affrontements ont eu lieu\u00a0\u00bb. \u00ab\u00a0Les fauteurs de troubles ont \u00e9t\u00e9 \u00e9vacu\u00e9s et le concert, qui avait d\u00fb s&rsquo;interrompre, a repris et s&rsquo;est achev\u00e9 dans le calme\u00a0\u00bb, a poursuivi la Philharmonie.<\/p>\n<p>\u00ab\u00a0La violence n&rsquo;est pas un d\u00e9bat\u00a0\u00bb<\/p>\n<p class=\"mb-4 text-lg md:leading-8 break-words\">Depuis l&rsquo;annonce de la venue de l&rsquo;orchestre isra\u00e9lien, il y a un mois, la direction du Philharmonie de Paris faisait l&rsquo;objet de vives critiques en raison de la situation toujours tr\u00e8s tendue dans <a href=\"https:\/\/www.bfmtv.com\/international\/moyen-orient\/israel\/video-gaza-la-france-a-l-onu-alerte-sur-l-insuffisance-de-l-aide-humanitaire_VN-202510300935.html\" rel=\"nofollow noopener\" target=\"_blank\" data-ylk=\"slk:la bande de Gaza;elm:context_link;itc:0;sec:content-canvas\" class=\"link \">la bande de Gaza<\/a>, malgr\u00e9 l&rsquo;accord de cessez-le-feu entr\u00e9 en vigueur du 10 octobre.<\/p>\n<p class=\"mb-4 text-lg md:leading-8 break-words\">Suite aux d\u00e9bordements qui ont \u00e9clat\u00e9 jeudi soir, le pr\u00e9sident du Crif, Yonathan Arfi, a r\u00e9agi sur X et demand\u00e9 que des \u00ab\u00a0sanctions exemplaires\u00a0\u00bb soient prises. \u00ab\u00a0Les perturbations qui se multiplient sont inacceptables. Cela n&#8217;emp\u00eachera jamais les artistes cibl\u00e9s par la haine de rencontrer l&rsquo;ovation du public\u00a0\u00bb, a-t-il \u00e9crit.<\/p>\n<p class=\"mb-4 text-lg md:leading-8 break-words\">Pour la Cit\u00e9 de la musique, \u00ab\u00a0rien ne peut justifier\u00a0\u00bb les actes survenus jeudi soir. \u00ab\u00a0La Philharmonie a d\u00e9montr\u00e9 qu&rsquo;elle \u00e9tait \u00e0 l&rsquo;\u00e9coute en r\u00e9pondant aux diverses interpellations re\u00e7ues ces derniers jours au sujet de ce concert. Mais la violence n&rsquo;est pas un d\u00e9bat. Et la faire entrer dans une salle de concert est tr\u00e8s grave\u00a0\u00bb, a-t-elle estim\u00e9 dans un communiqu\u00e9.<\/p>\n<p>Un \u00e9v\u00e9nement vivement critiqu\u00e9<\/p>\n<p class=\"mb-4 text-lg md:leading-8 break-words\">Dans une lettre ouverte publi\u00e9e le 15 octobre sur le blog en ligne <a href=\"https:\/\/blogs.mediapart.fr\/artistes-et-publics-contre-genocide\/blog\/151025\/lettre-ouverte-direction-de-la-philharmonie-de-paris\" rel=\"nofollow noopener\" target=\"_blank\" data-ylk=\"slk:&quot;Le Club de Mediapart&quot;;elm:context_link;itc:0;sec:content-canvas\" class=\"link \">\u00ab\u00a0Le Club de Mediapart\u00a0\u00bb<\/a>, plusieurs artistes et spectateurs avaient formul\u00e9 leur \u00ab\u00a0grande inqui\u00e9tude\u00a0\u00bb quant \u00e0 la tenue du concert, demandant sa d\u00e9programmation.<\/p>\n<p class=\"mb-4 text-lg md:leading-8 break-words\">Le collectif avait notamment rappel\u00e9 les propos du secr\u00e9taire g\u00e9n\u00e9ral de l\u2019orchestre bas\u00e9 \u00e0 Tel-Aviv, Yair Mashiach, qui d\u00e9signait en mai dernier la formation comme \u00ab\u00a0l&rsquo;orchestre national de l&rsquo;\u00c9tat d&rsquo;Isra\u00ebl et son ambassadeur culturel dans le monde\u00a0\u00bb.<\/p>\n<p class=\"mb-4 text-lg md:leading-8 break-words\">Deux semaines plus tard, la CGT spectacle avait exhort\u00e9 la salle de spectacle de rappeler le contexte g\u00e9opolitique actuel et les \u00ab\u00a0accusations\u00a0\u00bb dont font l&rsquo;objet les r\u00e9pr\u00e9sentants isra\u00e9liens. \u00ab\u00a0La Philharmonie de Paris ne peut accueillir l&rsquo;orchestre philharmonique d&rsquo;Isra\u00ebl sans rappeler \u00e0 son public les accusations gravissimes qui p\u00e8sent contre les dirigeants de ce pays, ni la teneur des crimes commis \u00e0 Gaza\u00a0\u00bb, avait \u00e9crit le syndicat le 29 octobre dernier.<\/p>\n<p class=\"mb-4 text-lg md:leading-8 break-words\">Malgr\u00e9 les critiques, la Philharmonie de Paris a pris la d\u00e9cision de maintenir l&rsquo;\u00e9v\u00e9nement assurant que \u00ab\u00a0les artistes ne peuvent \u00eatre tenus responsables de leurs gouvernements par simple association\u00a0\u00bb.<\/p>\n<p class=\"mb-4 text-lg md:leading-8 break-words\">De son c\u00f4t\u00e9, la ministre de la Culture <a href=\"https:\/\/fr.news.yahoo.com\/rachida-dati-annonce-mise-place-122809864.html\" data-ylk=\"slk:Rachida Dati;elm:context_link;itc:0;sec:content-canvas;outcm:mb_qualified_link;_E:mb_qualified_link;ct:story;\" class=\"link  yahoo-link\" target=\"_blank\" rel=\"noopener\">Rachida Dati<\/a> avait elle aussi pris position dans ce d\u00e9bat houleux. \u00ab\u00a0Est-ce que c&rsquo;est le r\u00f4le de la CGT spectacle de censurer des artistes? Non. Bienvenue \u00e0 cet orchestre \u00e0 la Philharmonie, ce sera un grand moment de communion et de partage autour de la musique. On dit que la musique adoucit les moeurs, et bien cette expression prend tout son sens\u00a0\u00bb, avait d\u00e9clar\u00e9 la ministre au micro de Sud Radio.<\/p>\n<p class=\"mb-4 text-lg md:leading-8 break-words\"><a href=\"https:\/\/www.bfmtv.com\/police-justice\/fumigenes-affrontements-le-concert-de-l-orchestre-philharmonique-d-israel-a-paris-perturbe-par-de-graves-incidents_AN-202511070245.html#xtor=AL-68\" rel=\"nofollow noopener\" target=\"_blank\" data-ylk=\"slk:Article original publi\u00e9 sur BFMTV.com;elm:context_link;itc:0;sec:content-canvas\" class=\"link \">Article original publi\u00e9 sur BFMTV.com<\/a><\/p>\n","protected":false},"excerpt":{"rendered":"Le concert de l&rsquo;orchestre philharmonique d&rsquo;Isra\u00ebl a \u00e9t\u00e9 perturb\u00e9 \u00e0 trois reprises, ce jeudi 6 novembre, alors qu&rsquo;il&hellip;\n","protected":false},"author":2,"featured_media":517769,"comment_status":"","ping_status":"","sticky":false,"template":"","format":"standard","meta":{"footnotes":""},"categories":[1888],"tags":[1111,1928,11,1927,1697,1777,674,1011,27,63822,23092,12,1926,626,1925,25,32862,25035],"class_list":{"0":"post-517768","1":"post","2":"type-post","3":"status-publish","4":"format-standard","5":"has-post-thumbnail","7":"category-paris","8":"tag-actu","9":"tag-actu-paris","10":"tag-actualites","11":"tag-actualites-paris","12":"tag-concert","13":"tag-eu","14":"tag-europe","15":"tag-fr","16":"tag-france","17":"tag-jeudi-soir","18":"tag-la-philharmonie-de-paris","19":"tag-news","20":"tag-news-paris","21":"tag-paris","22":"tag-paris-news","23":"tag-republique-francaise","24":"tag-salle-de-concert","25":"tag-salle-de-spectacle"},"share_on_mastodon":{"url":"https:\/\/pubeurope.com\/@fr\/115507251303575711","error":""},"_links":{"self":[{"href":"https:\/\/www.europesays.com\/fr\/wp-json\/wp\/v2\/posts\/517768","targetHints":{"allow":["GET"]}}],"collection":[{"href":"https:\/\/www.europesays.com\/fr\/wp-json\/wp\/v2\/posts"}],"about":[{"href":"https:\/\/www.europesays.com\/fr\/wp-json\/wp\/v2\/types\/post"}],"author":[{"embeddable":true,"href":"https:\/\/www.europesays.com\/fr\/wp-json\/wp\/v2\/users\/2"}],"replies":[{"embeddable":true,"href":"https:\/\/www.europesays.com\/fr\/wp-json\/wp\/v2\/comments?post=517768"}],"version-history":[{"count":0,"href":"https:\/\/www.europesays.com\/fr\/wp-json\/wp\/v2\/posts\/517768\/revisions"}],"wp:featuredmedia":[{"embeddable":true,"href":"https:\/\/www.europesays.com\/fr\/wp-json\/wp\/v2\/media\/517769"}],"wp:attachment":[{"href":"https:\/\/www.europesays.com\/fr\/wp-json\/wp\/v2\/media?parent=517768"}],"wp:term":[{"taxonomy":"category","embeddable":true,"href":"https:\/\/www.europesays.com\/fr\/wp-json\/wp\/v2\/categories?post=517768"},{"taxonomy":"post_tag","embeddable":true,"href":"https:\/\/www.europesays.com\/fr\/wp-json\/wp\/v2\/tags?post=517768"}],"curies":[{"name":"wp","href":"https:\/\/api.w.org\/{rel}","templated":true}]}}