{"id":517772,"date":"2025-11-07T07:34:21","date_gmt":"2025-11-07T07:34:21","guid":{"rendered":"https:\/\/www.europesays.com\/fr\/517772\/"},"modified":"2025-11-07T07:34:21","modified_gmt":"2025-11-07T07:34:21","slug":"les-valeurs-a-suivre-a-paris-et-en-europe-actualise-07-11-2025-a-0828","status":"publish","type":"post","link":"https:\/\/www.europesays.com\/fr\/517772\/","title":{"rendered":"Les valeurs \u00e0 suivre \u00e0 Paris et en Europe (actualis\u00e9) &#8211; 07\/11\/2025 \u00e0 08:28"},"content":{"rendered":"<p>\n (Actualis\u00e9 avec Arkema, Aperam, Daimler Trucks, \u00e9mission<br \/>\nd&rsquo;obligations de Renault, Getlink)\n<\/p>\n<p>\n *\n<\/p>\n<p>\n Variation des futures sur indice CAC 40  0#FCE:\n<\/p>\n<p>\n *\n<\/p>\n<p>\n Variation des futures sur indice Stoxx 600  0#FXXP:\n<\/p>\n<p>\n *\n<\/p>\n<p>\n Valeurs qui se traitent ex-dividende  .EX.PA\n<\/p>\n<p>\n *\n<\/p>\n<p>\n Le point sur les march\u00e9s europ\u00e9ens  .EUFR\n<\/p>\n<p>\n Les valeurs \u00e0 suivre<br \/>\nvendredi \u00e0 la Bourse de Paris et en Europe :\n<\/p>\n<p>\n * JCDECAUX<br \/>\n <a href=\"https:\/\/www.boursorama.com\/cours\/1rPDEC\/\" target=\"_blank\" rel=\"noopener\"><br \/>\n  JCDX.PA<br \/>\n <\/a><br \/>\n a fait \u00e9tat jeudi d&rsquo;un chiffre<br \/>\nd&rsquo;affaires en baisse organique au troisi\u00e8me trimestre mais<br \/>\nl\u00e9g\u00e8rement au-dessus des attentes.\n<\/p>\n<p>\n * EURONEXT<br \/>\n <a href=\"https:\/\/www.boursorama.com\/cours\/1rPENX\/\" target=\"_blank\" rel=\"noopener\"><br \/>\n  ENX.PA<br \/>\n <\/a><br \/>\n a annonc\u00e9 jeudi un plan de rachat<br \/>\nd&rsquo;actions de 250 millions d&rsquo;euros apr\u00e8s un b\u00e9n\u00e9fice au troisi\u00e8me<br \/>\ntrimestre sup\u00e9rieur aux attentes, port\u00e9 par la hausse des<br \/>\nrevenus et les efforts de r\u00e9duction des co\u00fbts.\n<\/p>\n<p>\n * RENAULT GROUP<br \/>\n <a href=\"https:\/\/www.boursorama.com\/cours\/1rPRNO\/\" target=\"_blank\" rel=\"noopener\"><br \/>\n  RENA.PA<br \/>\n <\/a><br \/>\n ne planifie \u00e0 ce jour aucun arr\u00eat<br \/>\nde production li\u00e9 aux incertitudes sur les approvisionnements de<br \/>\npuces du fabricant n\u00e9erlandais Nexperia, a d\u00e9clar\u00e9 jeudi Fabrice<br \/>\nCambolive, \u00ab\u00a0chief growth officer\u00a0\u00bb du constructeur automobile<br \/>\nfran\u00e7ais.\n<\/p>\n<p>\n Le constructeur automobile a \u00e9galement annonc\u00e9 vendredi<br \/>\nle succ\u00e8s de son \u00e9mission d&rsquo;obligations \u00ab\u00a0Samoura\u00ef\u00a0\u00bb pour un<br \/>\nmontant nominal de 95,2 milliards de yens (541,40 millions<br \/>\nd&rsquo;euros).\n<\/p>\n<p>\n *\n<\/p>\n<p>\n DAIMLER TRUCK\n<\/p>\n<p>\n <a href=\"https:\/\/www.boursorama.com\/cours\/1zDTG\/\" target=\"_blank\" rel=\"noopener\"><br \/>\n  DTGGe.DE<br \/>\n <\/a><br \/>\n a affich\u00e9 vendredi une baisse plus importante<br \/>\nque pr\u00e9vu de son b\u00e9n\u00e9fice d&rsquo;exploitation au troisi\u00e8me trimestre,<br \/>\nen recul de 40% sur un an, le groupe maintenant malgr\u00e9 tout ses<br \/>\npr\u00e9visions annuelles gr\u00e2ce \u00e0 une dynamique positive en Europe et<br \/>\n\u00e0 une reprise en Am\u00e9rique du Nord.\n<\/p>\n<p>\n *\n<\/p>\n<p>\n ARKEMA\n<\/p>\n<p>\n <a href=\"https:\/\/www.boursorama.com\/cours\/1rPAKE\/\" target=\"_blank\" rel=\"noopener\"><br \/>\n  AKE.PA<br \/>\n <\/a><br \/>\n a abaiss\u00e9 vendredi son objectif annuel d&rsquo;Ebitda,<br \/>\nattendu entre 1,25 et 1,3 milliard d&rsquo;euros, le groupe chimique<br \/>\nfran\u00e7ais citant un contexte macro\u00e9conomique difficile et une<br \/>\ndemande plus faible qu&rsquo;attendue aux Etats-Unis.\n<\/p>\n<p>\n *\n<\/p>\n<p>\n APERAM\n<\/p>\n<p>\n <a href=\"https:\/\/www.boursorama.com\/cours\/1rAAPAM\/\" target=\"_blank\" rel=\"noopener\"><br \/>\n  APAM.AS<br \/>\n <\/a><br \/>\n a annonc\u00e9 vendredi que son Ebitda ajust\u00e9 au<br \/>\nquatri\u00e8me trimestre devrait \u00eatre l\u00e9g\u00e8rement inf\u00e9rieur par<br \/>\nrapport \u00e0 celui du troisi\u00e8me trimestre, le producteur d&rsquo;acier<br \/>\ninoxydable affichant un chiffre en-dessous des attentes au 30<br \/>\nseptembre.\n<\/p>\n<p>\n * BANIJAY<br \/>\n <a href=\"https:\/\/www.boursorama.com\/cours\/1rABNJ\/\" target=\"_blank\" rel=\"noopener\"><br \/>\n  BNJ.AS<br \/>\n <\/a><br \/>\n &#8211; Le groupe de m\u00e9dias fran\u00e7ais,<br \/>\npropri\u00e9taire de Betclic, a fait \u00e9tat jeudi d&rsquo;une hausse de 10%<br \/>\nde son b\u00e9n\u00e9fice sur neuf mois, gr\u00e2ce \u00e0 sa division de paris<br \/>\nalors qu&rsquo;il s&rsquo;appr\u00eate \u00e0 finaliser une acquisition majeure qui<br \/>\ndoublera son activit\u00e9 de jeux.\n<\/p>\n<p>\n * PIRELLI<br \/>\n <a href=\"https:\/\/www.boursorama.com\/cours\/1gPIRC\/\" target=\"_blank\" rel=\"noopener\"><br \/>\n  PIRC.MI<br \/>\n <\/a><br \/>\n &#8211; Le fabricant italien de pneumatiques a<br \/>\nfait \u00e9tat jeudi d&rsquo;un b\u00e9n\u00e9fice d&rsquo;exploitation globalement stable<br \/>\nsur un an au titre du troisi\u00e8me trimestre et a confirm\u00e9 ses<br \/>\nperspectives, malgr\u00e9 l&rsquo;impact des droits de douane et la<br \/>\nvolatilit\u00e9 sur les changes.\n<\/p>\n<p>\n * SAP<br \/>\n <a href=\"https:\/\/www.boursorama.com\/cours\/1zSAP\/\" target=\"_blank\" rel=\"noopener\"><br \/>\n  SAPG.DE<br \/>\n <\/a><br \/>\n &#8211; Le premier \u00e9diteur de logiciels en Europe<br \/>\ndevrait bient\u00f4t proposer officiellement des concessions \u00e0 la<br \/>\nCommission europ\u00e9enne pour mettre fin \u00e0 une enqu\u00eate antitrust de<br \/>\nl&rsquo;UE et \u00e9viter une lourde amende, ont rapport\u00e9 \u00e0 Reuters des<br \/>\nsources directement inform\u00e9es du dossier.\n<\/p>\n<p>\n * GETLINK<br \/>\n <a href=\"https:\/\/www.boursorama.com\/cours\/1rPGET\/\" target=\"_blank\" rel=\"noopener\"><br \/>\n  GETP.PA<br \/>\n <\/a><br \/>\n &#8211; LeShuttle a transport\u00e9 153.929<br \/>\nv\u00e9hicules de tourisme en octobre, a annonc\u00e9 vendredi l&rsquo;op\u00e9rateur<br \/>\ndu tunnel sous la manche, tandis que Leshuttle Freight a<br \/>\ntransport\u00e9 99.098 camions, soit une baisse de 7% sur un an.\n<\/p>\n<p>\n L&rsquo;AGENDA FRANCE &amp; INTERNATIONAL \u00c0 7 JOURS:<br \/>\n nL8N3WF18B\n<\/p>\n<p>\n (R\u00e9dig\u00e9 par Claude Chendjou et Augustin Turpin)<\/p>\n","protected":false},"excerpt":{"rendered":"(Actualis\u00e9 avec Arkema, Aperam, Daimler Trucks, \u00e9mission d&rsquo;obligations de Renault, Getlink) * Variation des futures sur indice CAC&hellip;\n","protected":false},"author":2,"featured_media":64038,"comment_status":"","ping_status":"","sticky":false,"template":"","format":"standard","meta":{"footnotes":""},"categories":[1888],"tags":[400,11,398,408,405,1777,674,1011,27,403,402,399,404,12,626,25,401,406,407],"class_list":{"0":"post-517772","1":"post","2":"type-post","3":"status-publish","4":"format-standard","5":"has-post-thumbnail","7":"category-paris","8":"tag-action-cac-40","9":"tag-actualites","10":"tag-bourse-de-paris","11":"tag-boursorama","12":"tag-cotations","13":"tag-eu","14":"tag-europe","15":"tag-fr","16":"tag-france","17":"tag-indices-devises","18":"tag-investir","19":"tag-investissement","20":"tag-marche-boursier","21":"tag-news","22":"tag-paris","23":"tag-republique-francaise","24":"tag-sicav","25":"tag-trackers","26":"tag-warrants"},"share_on_mastodon":{"url":"https:\/\/pubeurope.com\/@fr\/115507263224990115","error":""},"_links":{"self":[{"href":"https:\/\/www.europesays.com\/fr\/wp-json\/wp\/v2\/posts\/517772","targetHints":{"allow":["GET"]}}],"collection":[{"href":"https:\/\/www.europesays.com\/fr\/wp-json\/wp\/v2\/posts"}],"about":[{"href":"https:\/\/www.europesays.com\/fr\/wp-json\/wp\/v2\/types\/post"}],"author":[{"embeddable":true,"href":"https:\/\/www.europesays.com\/fr\/wp-json\/wp\/v2\/users\/2"}],"replies":[{"embeddable":true,"href":"https:\/\/www.europesays.com\/fr\/wp-json\/wp\/v2\/comments?post=517772"}],"version-history":[{"count":0,"href":"https:\/\/www.europesays.com\/fr\/wp-json\/wp\/v2\/posts\/517772\/revisions"}],"wp:featuredmedia":[{"embeddable":true,"href":"https:\/\/www.europesays.com\/fr\/wp-json\/wp\/v2\/media\/64038"}],"wp:attachment":[{"href":"https:\/\/www.europesays.com\/fr\/wp-json\/wp\/v2\/media?parent=517772"}],"wp:term":[{"taxonomy":"category","embeddable":true,"href":"https:\/\/www.europesays.com\/fr\/wp-json\/wp\/v2\/categories?post=517772"},{"taxonomy":"post_tag","embeddable":true,"href":"https:\/\/www.europesays.com\/fr\/wp-json\/wp\/v2\/tags?post=517772"}],"curies":[{"name":"wp","href":"https:\/\/api.w.org\/{rel}","templated":true}]}}