{"id":517773,"date":"2025-11-07T07:35:14","date_gmt":"2025-11-07T07:35:14","guid":{"rendered":"https:\/\/www.europesays.com\/fr\/517773\/"},"modified":"2025-11-07T07:35:14","modified_gmt":"2025-11-07T07:35:14","slug":"asphyxiee-par-les-djihadistes-mal-defendue-par-la-russie-la-junte-est-aux-abois","status":"publish","type":"post","link":"https:\/\/www.europesays.com\/fr\/517773\/","title":{"rendered":"asphyxi\u00e9e par les djihadistes, mal d\u00e9fendue par la Russie, la junte est aux abois"},"content":{"rendered":"<p>            Quelle situation sur le terrain\u00a0?<\/p>\n<p>Depuis plusieurs semaines, les djihadistes du Groupe de soutien \u00e0 l\u2019islam et aux musulmans (JNIM), affili\u00e9 \u00e0 Al-Qa\u00efda, imposent jusqu\u2019\u00e0 Bamako un blocus sur les importations de carburant, paralysant l\u2019\u00e9conomie du pays sah\u00e9lien enclav\u00e9. Cette strat\u00e9gie d\u2019\u00e9tranglement a pouss\u00e9 l\u2019\u00c9tat \u00e0 fermer les \u00e9coles, emp\u00eache les r\u00e9coltes agricoles dans plusieurs r\u00e9gions et mine l\u2019acc\u00e8s \u00e0 l\u2019\u00e9lectricit\u00e9.<\/p>\n<p>Jeudi, la France, ancienne puissance coloniale, a indiqu\u00e9 suivre \u00ab\u00a0avec une v\u00e9ritable pr\u00e9occupation\u00a0\u00bb la d\u00e9gradation de la situation s\u00e9curitaire au Mali. Lors d\u2019un d\u00e9placement lundi \u00e0 150\u00a0kilom\u00e8tres au sud de Bamako, le chef de la junte malienne, le pr\u00e9sident Assimi Go\u00efta, a appel\u00e9 ses compatriotes \u00e0 faire des \u00ab\u00a0efforts\u00a0\u00bb, notamment en r\u00e9duisant les \u00ab\u00a0d\u00e9placements inutiles\u00a0\u00bb, et promis de \u00ab\u00a0tout faire pour acheminer le carburant\u00a0\u00bb.<\/p>\n<p>Alioune Tine, ancien expert ind\u00e9pendant des Nations unies sur le Mali, voit dans ces d\u00e9clarations \u00ab\u00a0un aveu d\u2019\u00e9chec terrible\u00a0\u00bb. Les militaires au pouvoir depuis deux coups d\u2019\u00c9tat en 2020 et 2021 avaient promis d\u2019endiguer l\u2019expansion djihadiste qui secoue le pays depuis plus d\u2019une d\u00e9cennie.<\/p>\n<p><a href=\"https:\/\/www.sudouest.fr\/international\/la-france-suspend-sa-cooperation-antiterroriste-avec-le-mali-et-expulse-des-diplomates-25992206.php\" target=\"_blank\" rel=\"follow nofollow noopener\">Ils ont rompu avec leurs anciens alli\u00e9s militaires et politiques occidentaux, dont la France<\/a>, et <a href=\"https:\/\/www.sudouest.fr\/international\/afrique\/mali-le-groupe-paramilitaire-wagner-quitte-le-pays-remplace-par-africa-corps-une-autre-organisation-russe-24772874.php\" target=\"_blank\" rel=\"follow nofollow noopener\">fait appel \u00e0 des paramilitaires russes pour lutter contre les djihadistes.<\/a><\/p>\n<p>Mais aujourd\u2019hui, \u00ab\u00a0l\u2019\u00c9tat malien ne contr\u00f4le plus rien\u00a0\u00bb sur son territoire et \u00ab\u00a0concentre ses forces autour de Bamako pour s\u00e9curiser le r\u00e9gime\u00a0\u00bb, souligne Bakary Sambe, du groupe d\u2019\u00e9tudes Timbuktu Institute, bas\u00e9 \u00e0 Dakar, au S\u00e9n\u00e9gal. Selon lui, \u00ab\u00a0l\u2019adh\u00e9sion de d\u00e9part (de la population) commence \u00e0 s\u2019\u00e9roder face \u00e0 l\u2019impossibilit\u00e9 du r\u00e9gime militaire de tenir sa promesse de s\u00e9curit\u00e9\u00a0\u00bb. Face \u00e0 la d\u00e9gradation de la situation, les \u00c9tats-Unis et le Royaume-Uni ont annonc\u00e9 la semaine derni\u00e8re le retrait de leur personnel non essentiel du Mali, et plusieurs ambassades ont demand\u00e9 \u00e0 leurs ressortissants de quitter le territoire.<\/p>\n<p>Bamako peut-elle tomber\u00a0?<\/p>\n<p>Cette hypoth\u00e8se semble peu probable \u00e0 ce stade, selon les observateurs, le JNIM n\u2019en ayant pas les capacit\u00e9s militaires ou de gouvernance. \u00ab\u00a0Je ne pense pas que le JNIM ait la capacit\u00e9 ou l\u2019intention de prendre Bamako, mais la menace qu\u2019ils font planer sur la ville est sans pr\u00e9c\u00e9dent\u00a0\u00bb, estime l\u2019analyste Charlie Werb, du cabinet de conseil Aldebaran Threat Consultants (ATC).<\/p>\n<p>Selon une source diplomatique africaine \u00e0 Bamako, les djihadistes \u00ab\u00a0peuvent dans un premier temps lancer une op\u00e9ration de harc\u00e8lement\u00a0\u00bb, mais ne peuvent prendre Bamako seuls.<\/p>\n<p>Quel est l\u2019objectif du JNIM\u00a0?<\/p>\n<p>Groupe djihadiste le plus influent et \u00ab\u00a0menace la plus importante dans le Sahel\u00a0\u00bb, selon l\u2019ONU, le JNIM demande l\u2019application de la charia et agit, militairement ou politiquement, pour d\u00e9l\u00e9gitimer les \u00c9tats sah\u00e9liens afin de se positionner comme une alternative plus cr\u00e9dible. Il gouverne indirectement des villages, gr\u00e2ce \u00e0 des accords locaux adapt\u00e9s en fonction des zones, et fait de la propagande sur la d\u00e9fense des populations locales.<\/p>\n<p>Le JNIM a \u00e9tendu ces derniers mois son influence sur une large partie du territoire, qu\u2019aucune \u00e9tude solide n\u2019a \u00e0 ce stade quantifi\u00e9e pr\u00e9cis\u00e9ment, et se finance gr\u00e2ce \u00e0 la collecte de taxes et par les ran\u00e7ons d\u2019enl\u00e8vements. La semaine derni\u00e8re, le JNIM a obtenu \u00ab\u00a0au moins 50\u00a0millions de dollars\u00a0\u00bb pour la lib\u00e9ration de deux otages \u00e9miratis et de leur employ\u00e9 iranien, a appris l\u2019AFP de sources proches des n\u00e9gociations.<\/p>\n<p>Pour Bakary Sambe, en menant ce blocus, \u00ab\u00a0l\u2019objectif strat\u00e9gique\u00a0\u00bb est de \u00ab\u00a0faire tomber le r\u00e9gime\u00a0\u00bb. Le JNIM \u00ab\u00a0voudra faire tomber la junte et installer aux manettes un gouvernement avec lequel il pourrait n\u00e9gocier, qu\u2019il pourrait contraindre \u00e0 appliquer son agenda\u00a0\u00bb, abonde une source s\u00e9curitaire europ\u00e9enne consult\u00e9e par l\u2019AFP.<\/p>\n<p>Dialoguer avec les djihadistes\u00a0?<\/p>\n<p>Une option pour le gouvernement serait de n\u00e9gocier avec les djihadistes. \u00ab\u00a0Le gouvernement cherche actuellement \u00e0 obtenir une tr\u00eave du blocus aupr\u00e8s des djihadistes\u00a0\u00bb, affirme \u00e0 l\u2019AFP un \u00e9lu local sous couvert d\u2019anonymat.<\/p>\n<p>Selon un autre \u00e9lu, la nomination il y a deux semaines du g\u00e9n\u00e9ral Toumani Kon\u00e9 comme chef d\u2019\u00e9tat-major de l&rsquo;arm\u00e9e de terre pourrait signaler un mouvement en ce sens. \u00ab\u00a0Il conna\u00eet les milieux djihadistes. Dans le pass\u00e9, il a tent\u00e9 de n\u00e9gocier avec eux. Il est actuellement en train de relancer des n\u00e9gociations avec eux pour obtenir au moins une tr\u00eave\u00a0\u00bb, dit-il \u00e0 l\u2019AFP. Toutefois, Baba Adou, chercheur \u00e0 l\u2019universit\u00e9 de Floride (\u00c9tats-Unis), rappelle que \u00ab\u00a0si elle engage le dialogue, la junte sape tout le narratif (de lutte antidjihadiste) sur lequel elle repose\u00a0\u00bb.<\/p>\n<p>Quelles cons\u00e9quences pour la r\u00e9gion si Bamako tombe\u00a0?<\/p>\n","protected":false},"excerpt":{"rendered":"Quelle situation sur le terrain\u00a0? Depuis plusieurs semaines, les djihadistes du Groupe de soutien \u00e0 l\u2019islam et aux&hellip;\n","protected":false},"author":2,"featured_media":517774,"comment_status":"","ping_status":"","sticky":false,"template":"","format":"standard","meta":{"footnotes":""},"categories":[1591],"tags":[11,1887,12,1885,1886,132],"class_list":{"0":"post-517773","1":"post","2":"type-post","3":"status-publish","4":"format-standard","5":"has-post-thumbnail","7":"category-russie","8":"tag-actualites","9":"tag-federation-de-russie","10":"tag-news","11":"tag-russia","12":"tag-russian-federation","13":"tag-russie"},"share_on_mastodon":{"url":"https:\/\/pubeurope.com\/@fr\/115507267248686266","error":""},"_links":{"self":[{"href":"https:\/\/www.europesays.com\/fr\/wp-json\/wp\/v2\/posts\/517773","targetHints":{"allow":["GET"]}}],"collection":[{"href":"https:\/\/www.europesays.com\/fr\/wp-json\/wp\/v2\/posts"}],"about":[{"href":"https:\/\/www.europesays.com\/fr\/wp-json\/wp\/v2\/types\/post"}],"author":[{"embeddable":true,"href":"https:\/\/www.europesays.com\/fr\/wp-json\/wp\/v2\/users\/2"}],"replies":[{"embeddable":true,"href":"https:\/\/www.europesays.com\/fr\/wp-json\/wp\/v2\/comments?post=517773"}],"version-history":[{"count":0,"href":"https:\/\/www.europesays.com\/fr\/wp-json\/wp\/v2\/posts\/517773\/revisions"}],"wp:featuredmedia":[{"embeddable":true,"href":"https:\/\/www.europesays.com\/fr\/wp-json\/wp\/v2\/media\/517774"}],"wp:attachment":[{"href":"https:\/\/www.europesays.com\/fr\/wp-json\/wp\/v2\/media?parent=517773"}],"wp:term":[{"taxonomy":"category","embeddable":true,"href":"https:\/\/www.europesays.com\/fr\/wp-json\/wp\/v2\/categories?post=517773"},{"taxonomy":"post_tag","embeddable":true,"href":"https:\/\/www.europesays.com\/fr\/wp-json\/wp\/v2\/tags?post=517773"}],"curies":[{"name":"wp","href":"https:\/\/api.w.org\/{rel}","templated":true}]}}