{"id":517777,"date":"2025-11-07T07:37:14","date_gmt":"2025-11-07T07:37:14","guid":{"rendered":"https:\/\/www.europesays.com\/fr\/517777\/"},"modified":"2025-11-07T07:37:14","modified_gmt":"2025-11-07T07:37:14","slug":"leurope-vue-hesitante-avec-la-pression-sur-la-tech-et-lincertitude-aux-usa-07-11-2025-a-0808","status":"publish","type":"post","link":"https:\/\/www.europesays.com\/fr\/517777\/","title":{"rendered":"L&rsquo;Europe vue h\u00e9sitante avec la pression sur la \u00ab\u00a0tech\u00a0\u00bb et l&rsquo;incertitude aux USA &#8211; 07\/11\/2025 \u00e0 08:08"},"content":{"rendered":"<p>        <img decoding=\"async\" src=\"https:\/\/www.europesays.com\/fr\/wp-content\/uploads\/2025\/11\/4507f99f0cb4fd273da4f692681ed11a-760x507.jpg\" alt=\"La bourse Euronext dans le quartier d'affaires de La D\u00e9fense \u00e0 Paris\" loading=\"eager\" fetchpriority=\"high\" width=\"760\" height=\"507\" style=\"max-width: 100%!important; height: auto;\"\/><\/p>\n<p class=\"c-image-news__legend\">La bourse Euronext dans le quartier d&rsquo;affaires de La D\u00e9fense \u00e0 Paris<\/p>\n<p>\n par Augustin  Turpin\n<\/p>\n<p>\n Les principales Bourses europ\u00e9ennes sont attendues en ordre dispers\u00e9 vendredi \u00e0 l&rsquo;ouverture, au terme d&rsquo;une semaine charg\u00e9e en r\u00e9sultats financiers d&rsquo;entreprises et marqu\u00e9e par les pressions \u00e0 la vente sur les actions technologiques, consid\u00e9r\u00e9es comme excessivement valoris\u00e9es, dans un contexte d&rsquo;incertitudes sur la sant\u00e9 de l&rsquo;\u00e9conomie am\u00e9ricaine et d&rsquo;inqui\u00e9tudes sur les droits de douane.\n<\/p>\n<p>\n D&rsquo;apr\u00e8s les premi\u00e8res indications disponibles, le CAC 40 parisien pourrait gagner 0,16% \u00e0 l&rsquo;ouverture.\n<\/p>\n<p>\n Les contrats \u00e0 terme signalent une hausse de 0,12% pour le Dax \u00e0 Francfort, une baisse de 0,07% pour le FTSE \u00e0 Londres et une hausse de 0,05% pour le Stoxx 600.\n<\/p>\n<p>\n Les march\u00e9s reprennent leur souffle dans un contexte de crainte des investisseurs sur les valorisations record des entreprises li\u00e9es au secteur de l&rsquo;intelligence artificielle (IA).\n<\/p>\n<p>\n \u00ab\u00a0Il s&rsquo;agit parfois d&rsquo;un changement progressif sur les march\u00e9s, o\u00f9 de plus en plus de personnes se disent : &lsquo;Bon, je suis bien positionn\u00e9&#8230; je vais peut-\u00eatre encaisser une partie de mes gains'\u00a0\u00bb, explique Herald van der Linde, responsable de la strat\u00e9gie actions pour la r\u00e9gion Asie-Pacifique chez HSBC.\n<\/p>\n<p>\n \u00ab\u00a0Puis un deuxi\u00e8me dit la m\u00eame chose. Et un troisi\u00e8me. Et un quatri\u00e8me dit : &lsquo;H\u00e9, ces trois-l\u00e0 vendent. Je devrais peut-\u00eatre vendre aussi, non ?&rsquo; Il s&rsquo;agit donc d&rsquo;un changement dans le sentiment du march\u00e9 qui a sa propre dynamique. C&rsquo;est peut-\u00eatre ce qui se passe actuellement.\u00a0\u00bb\n<\/p>\n<p>\n Alors que la fermeture des services de l&rsquo;administration f\u00e9d\u00e9rale aux Etats-Unis, la plus longue de l&rsquo;histoire, se poursuit, l&rsquo;absence de donn\u00e9es \u00e9conomiques officielles pourrait avoir des implications pour les d\u00e9cisions de la R\u00e9serve f\u00e9d\u00e9rale am\u00e9ricaine (Fed).\n<\/p>\n<p>\n L&rsquo;incertitude sur la d\u00e9cision de la Fed lors de sa r\u00e9union du mois prochain incite \u00e0 la prudence les investisseurs qui se replient sur les indicateurs alternatifs.\n<\/p>\n<p>\n Ce vendredi, ils porteront une attention particuli\u00e8re aux publications de l&rsquo;enqu\u00eate ADP sur l&#8217;emploi et de l&rsquo;indice de confiance de l&rsquo;Universit\u00e9 du Michigan, pr\u00e9vues \u00e0 13h30 GMT et 15h00 GMT respectivement.\n<\/p>\n<p>\n LES VALEURS A SUIVRE :\n<\/p>\n<p>\n A WALL STREET\n<\/p>\n<p>\n La Bourse de New York a fini nettement dans le rouge jeudi, les valeurs technologiques repartant \u00e0 la baisse tandis que les investisseurs redoutent l&rsquo;incertitude quant \u00e0 l&rsquo;\u00e9tat de sant\u00e9 de l&rsquo;\u00e9conomie aux Etats-Unis.\n<\/p>\n<p>\n L&rsquo;indice Dow Jones a c\u00e9d\u00e9 0,84%, le Standard &amp; Poor&rsquo;s 500, plus large, a perdu 1,12% et le Nasdaq Composite a recul\u00e9 de 1,90%.\n<\/p>\n<p>\n EN ASIE\n<\/p>\n<p>\n Les Bourses asiatiques reculent, plomb\u00e9es par la baisse des valeurs technologiques.\n<\/p>\n<p>\n La Bourse de Tokyo a perdu 1,19% \u00e0 50.276,37 points.\n<\/p>\n<p>\n En Chine, l&rsquo;indice composite de la Bourse de Shanghai c\u00e8de 0,23% et le CSI 300 des grandes capitalisations abandonne 0,19%.\n<\/p>\n<p>\n La Bourse de Hong Kong recule de 0,9%.\n<\/p>\n<p>\n Par ailleurs, les exportations de la Chine ont d\u00e9clin\u00e9 de mani\u00e8re inattendue en octobre, selon les donn\u00e9es officielles publi\u00e9es vendredi, tandis que les importations ont progress\u00e9 moins que pr\u00e9vu.\n<\/p>\n<p>\n TAUX\n<\/p>\n<p>\n Le rendement des Treasuries \u00e0 dix ans gagne 0,8 point de base \u00e0 4,1005%. Le deux ans gagne 0,2 point de base \u00e0 3,5678%.\n<\/p>\n<p>\n Le rendement du Bund allemand \u00e0 dix ans gagne 0,6 point de base \u00e0 2,6635%. Le deux ans gagne 1,8 point de base \u00e0 2,0162%.    CHANGES\n<\/p>\n<p>\n Le dollar reprend de la vigueur en Asie et gagne 0,12% face \u00e0 un panier de devises de r\u00e9f\u00e9rence, tandis que la livre sterling et le yen perdent du terrain, les donn\u00e9es commerciales chinoises plus faibles que pr\u00e9vu ayant refroidi les march\u00e9s r\u00e9gionaux.\n<\/p>\n<p>\n L&rsquo;euro perd 0,13% \u00e0 1,1532 dollar.\n<\/p>\n<p>\n P\u00c9TROLE\n<\/p>\n<p>\n Le prix du p\u00e9trole rebondissent vendredi apr\u00e8s trois jours de baisse due aux inqui\u00e9tudes li\u00e9es \u00e0 l&rsquo;exc\u00e9dent de l&rsquo;offre et au ralentissement de la demande aux \u00c9tats-Unis.\n<\/p>\n<p>\n Le baril de Brent progresse de 0,8% \u00e0 63,89 dollars et celui du brut l\u00e9ger am\u00e9ricain (WTI) gagne 0,82% \u00e0 59,93 dollars.\n<\/p>\n<p>\n (R\u00e9dig\u00e9 par Augustin Turpin)<\/p>\n","protected":false},"excerpt":{"rendered":"La bourse Euronext dans le quartier d&rsquo;affaires de La D\u00e9fense \u00e0 Paris par Augustin Turpin Les principales Bourses&hellip;\n","protected":false},"author":2,"featured_media":517778,"comment_status":"","ping_status":"","sticky":false,"template":"","format":"standard","meta":{"footnotes":""},"categories":[1589],"tags":[400,11,398,408,405,73,1866,403,402,399,404,12,401,406,1864,1865,1863,308,407],"class_list":{"0":"post-517777","1":"post","2":"type-post","3":"status-publish","4":"format-standard","5":"has-post-thumbnail","7":"category-etats-unis","8":"tag-action-cac-40","9":"tag-actualites","10":"tag-bourse-de-paris","11":"tag-boursorama","12":"tag-cotations","13":"tag-etats-unis","14":"tag-etats-unis-damerique","15":"tag-indices-devises","16":"tag-investir","17":"tag-investissement","18":"tag-marche-boursier","19":"tag-news","20":"tag-sicav","21":"tag-trackers","22":"tag-united-states","23":"tag-united-states-of-america","24":"tag-us","25":"tag-usa","26":"tag-warrants"},"share_on_mastodon":{"url":"https:\/\/pubeurope.com\/@fr\/115507275065948128","error":""},"_links":{"self":[{"href":"https:\/\/www.europesays.com\/fr\/wp-json\/wp\/v2\/posts\/517777","targetHints":{"allow":["GET"]}}],"collection":[{"href":"https:\/\/www.europesays.com\/fr\/wp-json\/wp\/v2\/posts"}],"about":[{"href":"https:\/\/www.europesays.com\/fr\/wp-json\/wp\/v2\/types\/post"}],"author":[{"embeddable":true,"href":"https:\/\/www.europesays.com\/fr\/wp-json\/wp\/v2\/users\/2"}],"replies":[{"embeddable":true,"href":"https:\/\/www.europesays.com\/fr\/wp-json\/wp\/v2\/comments?post=517777"}],"version-history":[{"count":0,"href":"https:\/\/www.europesays.com\/fr\/wp-json\/wp\/v2\/posts\/517777\/revisions"}],"wp:featuredmedia":[{"embeddable":true,"href":"https:\/\/www.europesays.com\/fr\/wp-json\/wp\/v2\/media\/517778"}],"wp:attachment":[{"href":"https:\/\/www.europesays.com\/fr\/wp-json\/wp\/v2\/media?parent=517777"}],"wp:term":[{"taxonomy":"category","embeddable":true,"href":"https:\/\/www.europesays.com\/fr\/wp-json\/wp\/v2\/categories?post=517777"},{"taxonomy":"post_tag","embeddable":true,"href":"https:\/\/www.europesays.com\/fr\/wp-json\/wp\/v2\/tags?post=517777"}],"curies":[{"name":"wp","href":"https:\/\/api.w.org\/{rel}","templated":true}]}}