{"id":51778,"date":"2025-04-25T12:50:09","date_gmt":"2025-04-25T12:50:09","guid":{"rendered":"https:\/\/www.europesays.com\/fr\/51778\/"},"modified":"2025-04-25T12:50:09","modified_gmt":"2025-04-25T12:50:09","slug":"voici-les-quartiers-ou-la-circulation-sera-interdite","status":"publish","type":"post","link":"https:\/\/www.europesays.com\/fr\/51778\/","title":{"rendered":"voici les quartiers o\u00f9 la circulation sera interdite"},"content":{"rendered":"<p>            Par<br \/>\n        <strong><br \/>\n            <a href=\"https:\/\/actu.fr\/auteur\/clemence-pays02-actu-fr\" title=\"Consulter tous les articles de Cl\u00e9mence Pays\" target=\"_blank\" rel=\"noopener\">Cl\u00e9mence Pays<\/a><br \/>\n        <\/strong><\/p>\n<p>        Publi\u00e9 le<\/p>\n<p>            25 avr. 2025 \u00e0 14h25        <\/p>\n<p>Ce week-end, les rues de la cit\u00e9 des ducs de Bretagne seront r\u00e9serv\u00e9es aux marathoniens. <strong>Samedi\u00a026 et dimanche 27\u00a0avril 2025,<\/strong> dans le cadre du <a href=\"https:\/\/actu.fr\/pays-de-la-loire\/nantes_44109\/marathon-de-nantes-premiere-mondiale-et-parcours-inedit-pour-l-edition-2025_62118950.html\" target=\"_blank\" rel=\"noopener\">Marathon de Nantes<\/a>, 21\u2009000 coureurs sont attendus pour parcourir la ville, du parc des Chantiers au Parc des Expositions de la Beaujoire.<\/p>\n<p class=\" wall-content\">Pour garantir la s\u00e9curit\u00e9 des participants \u00e0 cet \u00e9v\u00e9nement sportif, <strong>la circulation et l\u2019acc\u00e8s \u00e0 certaines routes seront interdits<\/strong> aux voitures. <a href=\"https:\/\/actu.fr\/nantes\/\" target=\"_blank\" rel=\"noopener\">Actu Nantes<\/a> fait le point sur les quartiers impact\u00e9s.<\/p>\n<p>Samedi 26\u00a0avril<\/p>\n<p class=\" wall-content\">Samedi, <strong>de 21\u2009h \u00e0 23\u2009h,<\/strong> les secteurs suivants seront impact\u00e9s par les Foul\u00e9es de l\u2019\u00c9l\u00e9phant\u2009:<\/p>\n<ul class=\" wall-content\">\n<li>Hangar \u00e0 Bananes\u2009;<\/li>\n<li>quartier R\u00e9publique\u2009;<\/li>\n<li>cours des 50 Otages\u2009;<\/li>\n<li>quartier Saint-Mihel\u2009;<\/li>\n<li>place Royale\u2009;<\/li>\n<li>place Graslin\u2009;<\/li>\n<li>Commerce.<\/li>\n<\/ul>\n<p class=\" wall-content\">Pour les <strong>parkings,<\/strong> les usagers devront \u00e9galement s\u2019adapter,<strong> entre 21\u2009h et 23\u2009h\u2009:<\/strong><\/p>\n<p>Vid\u00e9os : en ce moment sur Actu<\/p>\n<ul class=\" wall-content\">\n<li>pour le <strong>parking Talensac,<\/strong> ils ne pourront acc\u00e9der et sortir que par la place Saint-Similien\u2009;<\/li>\n<li>pour le <strong>parking Bretagne,<\/strong> ils ne pourront acc\u00e9der et sortir que par la place Bretagne\u2009;<\/li>\n<li>pour le <strong>parking Decr\u00e9,<\/strong> entre 21\u2009h et 22\u2009h\u200930, ils ne pourront pas acc\u00e9der au parking\u2009;<\/li>\n<li>pour le <strong>parking Cath\u00e9drale,<\/strong> entre 21\u2009h\u200915 et 22\u2009h\u200930, ils ne pourront sortir que rue Tournefort\u2009;<\/li>\n<li>pour le <strong>parking Les Machines,<\/strong> entre 21\u2009h\u200915 et 23\u2009h, ils ne pourront pas acc\u00e9der et sortir du parking\u2009;<\/li>\n<li>pour le <strong>parking Les Nefs,<\/strong> entre 21\u2009h\u200915 et 23\u2009h, ils ne pourront pas acc\u00e9der et sortir par le boulevard de la Prairie au Duc.<\/li>\n<\/ul>\n<p>Dimanche 27\u00a0avril<\/p>\n<p class=\" wall-content\">Dimanche, <strong>de 8\u2009h \u00e0 15\u2009h,<\/strong> le semi-marathon et le marathon impacteront les secteurs suivants\u2009:<\/p>\n<ul class=\" wall-content\">\n<li>\u00eele de Nantes\u2009;<\/li>\n<li>c\u0153ur de ville\u2009;<\/li>\n<li>Canclaux\u2009;<\/li>\n<li>parc de Proc\u00e9\u2009;<\/li>\n<li>jardin des Plantes\u2009;<\/li>\n<li>\u00eele de Versailles\u2009;<\/li>\n<li>Petit Port\u2009;<\/li>\n<li>Joneli\u00e8re.<\/li>\n<\/ul>\n<p class=\" wall-content\">Une <strong>r\u00e9ouverture progressive<\/strong> des axes est pr\u00e9vue<strong> \u00e0 partir de 9\u2009h\u200930.<\/strong><\/p>\n<p class=\" wall-content\">La course passe \u00e9galement \u00e0 <a href=\"https:\/\/actu.fr\/pays-de-la-loire\/saint-sebastien-sur-loire_44190\" target=\"_blank\" rel=\"noopener\">Saint-S\u00e9bastien-sur-Loire<\/a>, le long du boulevard des Passages Enchant\u00e9s. \u00ab\u2009En raison de l\u2019\u00e9v\u00e9nement, la circulation et le stationnement seront interdits de 6\u2009h \u00e0 12\u2009h sur le boulevard des Pas Enchant\u00e9s, entre la rue de la Fonderie et la rue de la Croix Sourdeau\u2009\u00bb, pr\u00e9cise <a href=\"https:\/\/www.facebook.com\/photo?fbid=1095389122631177&amp;set=a.658122693024491\" target=\"_blank\" rel=\"noopener\">la Ville de Saint-S\u00e9bastien-sur-Loire sur sa page Facebook<\/a>.<\/p>\n<p class=\" wall-content\">Il faudra \u00e9galement s\u2019organiser pour <strong>acc\u00e9der aux parkings, entre 7\u2009h\u200945 et 15\u2009h.<\/strong> Ainsi, les usagers\u2009:<\/p>\n<ul class=\" wall-content\">\n<li>du <strong>parking Bretagne<\/strong> entreront et sortiront uniquement place Bretagne\u2009;<\/li>\n<li>du <strong>parking Talensac<\/strong> entreront et sortiront uniquement par la place Saint-\u00c9milien\u2009;<\/li>\n<li>du <strong>parking Feydeau<\/strong> tourneront \u00e0 droite boulevard Jean-Philippot, entre 10\u2009h\u200915 et 12\u2009h\u200945\u2009;<\/li>\n<li>du<strong> parking Cath\u00e9drale<\/strong> sortiront par la rue Tournefort, entre 10\u2009h et 12\u2009h\u200930\u2009;<\/li>\n<li>du<strong> parking Les Machines<\/strong> ne pourront pas acc\u00e9der et sortir entre 8\u2009h et 9\u2009h\u200945\u2009;<\/li>\n<li>du<strong> parking Cit\u00e9 des Congr\u00e8s<\/strong> sortiront par la rue Jemmapes\u2009;<\/li>\n<li>du<strong> parking Les Nefs<\/strong> sortiront par le boulevard de l\u2019Estuaire\u2009;<\/li>\n<li>du<strong> parking Baco<\/strong> ne pourront pas acc\u00e9der et sortir entre 10\u2009h\u200915 et 12\u2009h\u200945.<\/li>\n<\/ul>\n<p class=\" wall-content\">Les plans de d\u00e9viation de l\u2019ensemble du week-end sont \u00e0 consulter sur <a href=\"https:\/\/www.marathondenantes.com\/circulation\" target=\"_blank\" rel=\"noopener\">le site du marathon<\/a>.<\/p>\n<p class=\" wall-content\">Suivez toute l\u2019actualit\u00e9 de vos villes et m\u00e9dias favoris en vous inscrivant \u00e0 <a href=\"https:\/\/moncompte.actu.fr\" title=\"D\u00e9couvez Mon Actu\" rel=\"nofollow noopener\" data-trk=\"{&quot;cta&quot;:{&quot;action&quot;:&quot;https:\\\/\\\/moncompte.actu.fr&quot;,&quot;category&quot;:&quot;mon compte&quot;,&quot;from&quot;:&quot;article footer&quot;,&quot;name&quot;:&quot;Mon actu&quot;,&quot;type&quot;:&quot;cta&quot;}}\" target=\"_blank\">Mon Actu<\/a>.<\/p>\n","protected":false},"excerpt":{"rendered":"Par Cl\u00e9mence Pays Publi\u00e9 le 25 avr. 2025 \u00e0 14h25 Ce week-end, les rues de la cit\u00e9 des&hellip;\n","protected":false},"author":2,"featured_media":51779,"comment_status":"","ping_status":"","sticky":false,"template":"","format":"standard","meta":{"footnotes":""},"categories":[2818],"tags":[1111,11,1777,674,1011,27,803,766,12,2636,25,104],"class_list":{"0":"post-51778","1":"post","2":"type-post","3":"status-publish","4":"format-standard","5":"has-post-thumbnail","7":"category-nantes","8":"tag-actu","9":"tag-actualites","10":"tag-eu","11":"tag-europe","12":"tag-fr","13":"tag-france","14":"tag-info-trafic","15":"tag-nantes","16":"tag-news","17":"tag-pays-de-la-loire","18":"tag-republique-francaise","19":"tag-societe"},"share_on_mastodon":{"url":"https:\/\/pubeurope.com\/@fr\/114398692971117632","error":""},"_links":{"self":[{"href":"https:\/\/www.europesays.com\/fr\/wp-json\/wp\/v2\/posts\/51778","targetHints":{"allow":["GET"]}}],"collection":[{"href":"https:\/\/www.europesays.com\/fr\/wp-json\/wp\/v2\/posts"}],"about":[{"href":"https:\/\/www.europesays.com\/fr\/wp-json\/wp\/v2\/types\/post"}],"author":[{"embeddable":true,"href":"https:\/\/www.europesays.com\/fr\/wp-json\/wp\/v2\/users\/2"}],"replies":[{"embeddable":true,"href":"https:\/\/www.europesays.com\/fr\/wp-json\/wp\/v2\/comments?post=51778"}],"version-history":[{"count":0,"href":"https:\/\/www.europesays.com\/fr\/wp-json\/wp\/v2\/posts\/51778\/revisions"}],"wp:featuredmedia":[{"embeddable":true,"href":"https:\/\/www.europesays.com\/fr\/wp-json\/wp\/v2\/media\/51779"}],"wp:attachment":[{"href":"https:\/\/www.europesays.com\/fr\/wp-json\/wp\/v2\/media?parent=51778"}],"wp:term":[{"taxonomy":"category","embeddable":true,"href":"https:\/\/www.europesays.com\/fr\/wp-json\/wp\/v2\/categories?post=51778"},{"taxonomy":"post_tag","embeddable":true,"href":"https:\/\/www.europesays.com\/fr\/wp-json\/wp\/v2\/tags?post=51778"}],"curies":[{"name":"wp","href":"https:\/\/api.w.org\/{rel}","templated":true}]}}