{"id":517789,"date":"2025-11-07T07:44:10","date_gmt":"2025-11-07T07:44:10","guid":{"rendered":"https:\/\/www.europesays.com\/fr\/517789\/"},"modified":"2025-11-07T07:44:10","modified_gmt":"2025-11-07T07:44:10","slug":"la-france-championne-de-la-desindustrialisation","status":"publish","type":"post","link":"https:\/\/www.europesays.com\/fr\/517789\/","title":{"rendered":"La France championne de la d\u00e9sindustrialisation ?"},"content":{"rendered":"<p>C\u2019est l\u2019une des plus anciennes aci\u00e9ries de France : les aci\u00e9ries de Bonpertuis, \u00e0 Apprieu, en Is\u00e8re, viennent d\u2019\u00eatre liquid\u00e9es. Faut-il parler de d\u00e9sindustrialisation pour la France ?<\/p>\n<p>Des aci\u00e9ries fond\u00e9es il y a six si\u00e8cles<\/p>\n<p>Ces aci\u00e9ries avaient \u00e9t\u00e9 fond\u00e9es il y a six si\u00e8cles de cela. Elles ont m\u00eame fourni le m\u00e9tal de l\u2019\u00e9p\u00e9e de Fran\u00e7ois 1er. Mais aussi celui utilis\u00e9 par Laguiole ou SEB. Les aci\u00e9ries de Bonpertuis disparaissent apr\u00e8s avoir travers\u00e9 l\u2019histoire. La derni\u00e8re \u00e9tape d&rsquo;une <a href=\"https:\/\/www.sudradio.fr\/economie\/carine-guillaud-la-desindustrialisation-en-france-se-fait-depuis-40-ans\" rel=\"nofollow noopener\" target=\"_blank\">lente d\u00e9sindustrialisation<\/a> de l&rsquo;Hexagone&#8230;<\/p>\n<p>Ce sont 68 salari\u00e9s qui se retrouvent d\u00e9sormais sans activit\u00e9, les effectifs ayant d\u00e9j\u00e0 fondu au fil des d\u00e9cennies. Le tribunal de commerce de Lyon a prononc\u00e9 la liquidation judiciaire il y a quelques jours de cela. Les deux offres de reprise ont \u00e9t\u00e9 jug\u00e9es insuffisantes.<\/p>\n<p>D\u00e9sindustrialisation : 335 plans sociaux en un an<\/p>\n<p>C\u2019est le <a href=\"https:\/\/www.sudradio.fr\/emission\/cest-bon-a-savoir-455\" rel=\"nofollow noopener\" target=\"_blank\">dernier exemple en date <\/a>d\u2019une s\u00e9rie de coups durs pour des marques bien connues des Fran\u00e7ais. Ainsi, Danone a annonc\u00e9 la fermeture de l\u2019usine Bl\u00e9dina en 2027 (117 emplois). La M\u00e8re Poulard se s\u00e9pare de ses biscuits en Ille-et-Vilaine pour se concentrer sur ses activit\u00e9s touristiques. Les emplois devraient \u00eatre sauvegard\u00e9s sous une autre marque. Quant aux c\u00e9l\u00e8bres pastilles des cachous Lajaunie, la fameuse bo\u00eete jaune, son propri\u00e9taire italien a d\u00e9cid\u00e9 d\u2019en arr\u00eater la production.<\/p>\n<p>Plus inqui\u00e9tant encore, ce ph\u00e9nom\u00e8ne est <strong>bien plus vaste que ces quelques noms embl\u00e9matiques<\/strong>. Ainsi, la CGT a recens\u00e9 325 plans sociaux avec fermeture de site en un an, pour environ 300 000 emplois menac\u00e9s. La d\u00e9sindustrialisation n\u2019est en soi pas un sujet nouveau, entre libre \u00e9change et mondialisation. Co\u00fbt du travail et comp\u00e9titivit\u00e9 posent question quand il s\u2019agit de produire ici. L\u2019Europe serait-elle la seule bonne \u00e9l\u00e8ve du libre \u00e9change, dans un monde o\u00f9 r\u00e8gne le protectionnisme ?<\/p>\n<p><strong>Retrouvez \u00ab\u00a0C\u2019est quoi le probl\u00e8me ? \u00a0\u00bb chaque jour \u00e0 7h20 dans le Grand Matin Sud Radio avec Maxime Lledo<\/strong><br \/><a href=\"https:\/\/www.sudradio.fr\/programme\/le-grand-matin\/cest-a-la-une\/\" rel=\"nofollow noopener\" target=\"_blank\"><strong>Cliquez ici pour \u00e9couter \u00ab\u00a0<\/strong><\/a><strong>Le Grand Matin\u201d<\/strong><\/p>\n","protected":false},"excerpt":{"rendered":"C\u2019est l\u2019une des plus anciennes aci\u00e9ries de France : les aci\u00e9ries de Bonpertuis, \u00e0 Apprieu, en Is\u00e8re, viennent&hellip;\n","protected":false},"author":2,"featured_media":517790,"comment_status":"","ping_status":"","sticky":false,"template":"","format":"standard","meta":{"footnotes":""},"categories":[4],"tags":[328,11,1011,27,12,25],"class_list":{"0":"post-517789","1":"post","2":"type-post","3":"status-publish","4":"format-standard","5":"has-post-thumbnail","7":"category-france","8":"tag-a-la-une","9":"tag-actualites","10":"tag-fr","11":"tag-france","12":"tag-news","13":"tag-republique-francaise"},"share_on_mastodon":{"url":"https:\/\/pubeurope.com\/@fr\/115507302676608314","error":""},"_links":{"self":[{"href":"https:\/\/www.europesays.com\/fr\/wp-json\/wp\/v2\/posts\/517789","targetHints":{"allow":["GET"]}}],"collection":[{"href":"https:\/\/www.europesays.com\/fr\/wp-json\/wp\/v2\/posts"}],"about":[{"href":"https:\/\/www.europesays.com\/fr\/wp-json\/wp\/v2\/types\/post"}],"author":[{"embeddable":true,"href":"https:\/\/www.europesays.com\/fr\/wp-json\/wp\/v2\/users\/2"}],"replies":[{"embeddable":true,"href":"https:\/\/www.europesays.com\/fr\/wp-json\/wp\/v2\/comments?post=517789"}],"version-history":[{"count":0,"href":"https:\/\/www.europesays.com\/fr\/wp-json\/wp\/v2\/posts\/517789\/revisions"}],"wp:featuredmedia":[{"embeddable":true,"href":"https:\/\/www.europesays.com\/fr\/wp-json\/wp\/v2\/media\/517790"}],"wp:attachment":[{"href":"https:\/\/www.europesays.com\/fr\/wp-json\/wp\/v2\/media?parent=517789"}],"wp:term":[{"taxonomy":"category","embeddable":true,"href":"https:\/\/www.europesays.com\/fr\/wp-json\/wp\/v2\/categories?post=517789"},{"taxonomy":"post_tag","embeddable":true,"href":"https:\/\/www.europesays.com\/fr\/wp-json\/wp\/v2\/tags?post=517789"}],"curies":[{"name":"wp","href":"https:\/\/api.w.org\/{rel}","templated":true}]}}