{"id":517794,"date":"2025-11-07T07:48:20","date_gmt":"2025-11-07T07:48:20","guid":{"rendered":"https:\/\/www.europesays.com\/fr\/517794\/"},"modified":"2025-11-07T07:48:20","modified_gmt":"2025-11-07T07:48:20","slug":"tennis-athenes-saison-terminee-pour-alexandre-muller","status":"publish","type":"post","link":"https:\/\/www.europesays.com\/fr\/517794\/","title":{"rendered":"Tennis Ath\u00e8nes : saison termin\u00e9e pour Alexandre M\u00fcller"},"content":{"rendered":"<p data-testid=\"wcl-typoNewsPerex\" itemprop=\"description\">L&rsquo;Italien Lorenzo Musetti (9e mondial) a battu jeudi le Fran\u00e7ais Alexandre M\u00fcller (43e) en quarts de finale de l&rsquo;ATP 250 d&rsquo;Ath\u00e8nes et n&rsquo;est plus qu&rsquo;\u00e0 deux victoires d&rsquo;assurer sa place au Masters de Turin (9-16 novembre).<\/p>\n<p><a href=\"https:\/\/www.flashscore.fr\/tennis\/\" data-analytics-element=\"ARTICLE_TEXT_LINK\" data-analytics-alias=\"external\" rel=\"nofollow noopener\" target=\"_blank\"><b>Tous les r\u00e9sultats tennis sur Flashscore<\/b><\/a><\/p>\n<p><b><a href=\"https:\/\/www.flashscore.fr\/joueur\/musetti-lorenzo\/xtH2ODVI\/\" data-analytics-element=\"ARTICLE_TEXT_LINK\" data-analytics-alias=\"internal\" rel=\"nofollow noopener\" target=\"_blank\">Lorenzo Musetti<\/a><\/b>, l&rsquo;\u00e9l\u00e9gant droitier transalpin s&rsquo;est impos\u00e9 <a href=\"https:\/\/www.flashscore.fr\/match\/tennis\/muller-a-nLLdS9q0\/musetti-l-xtH2ODVI\/resume\/stats\/0\/?mid=pCIJqwYG\" data-analytics-element=\"ARTICLE_TEXT_LINK\" data-analytics-alias=\"internal\" rel=\"nofollow noopener\" target=\"_blank\"><b>6-2, 6-4<\/b><\/a> sur les courts en dur de la capitale grecque, face \u00e0 un <b><a href=\"https:\/\/www.flashscore.fr\/joueur\/muller-alexandre\/nLLdS9q0\/\" data-analytics-element=\"ARTICLE_TEXT_LINK\" data-analytics-alias=\"internal\" rel=\"nofollow noopener\" target=\"_blank\">Alexandre M\u00fcller<\/a><\/b> qui a sembl\u00e9 physiquement entam\u00e9 apr\u00e8s avoir encha\u00een\u00e9 les matches \u00e0 rallonge aux tours pr\u00e9c\u00e9dents.<\/p>\n<p>L&rsquo;Italien de 23 ans a ainsi pris sa revanche sur son a\u00een\u00e9 (28 ans), deux ans apr\u00e8s s&rsquo;\u00eatre inclin\u00e9 sur la terre battue de Marrakech lors de leur unique duel pr\u00e9c\u00e9dent sur le circuit ATP.<\/p>\n<p>Contraint de remporter le tournoi pour chiper le dernier billet qualificatif pour les ATP Finals des mains du Canadien <b><a href=\"https:\/\/www.flashscore.fr\/joueur\/auger-aliassime-felix\/CzXh4LAb\/\" data-analytics-element=\"ARTICLE_TEXT_LINK\" data-analytics-alias=\"internal\" rel=\"nofollow noopener\" target=\"_blank\">F\u00e9lix Auger-Aliassime<\/a><\/b>, <b>Musetti<\/b> affrontera en demi-finale l&rsquo;Am\u00e9ricain<b> <a href=\"https:\/\/www.flashscore.fr\/joueur\/korda-sebastian\/SYklCTPO\/\" data-analytics-element=\"ARTICLE_TEXT_LINK\" data-analytics-alias=\"internal\" rel=\"nofollow noopener\" target=\"_blank\">Sebastian Korda<\/a><\/b> (52e).<\/p>\n<p><b>M\u00fcller<\/b> ach\u00e8ve par cette d\u00e9faite la meilleure saison de sa carri\u00e8re, durant laquelle il a remport\u00e9 son premier titre sur le circuit principal \u00e0 l&rsquo;ATP 250 de Hong Kong (dur) avant d&rsquo;atteindre la finale de l&rsquo;ATP 500 de Rio de Janeiro (terre battue).<\/p>\n<p>Premi\u00e8re t\u00eate de s\u00e9rie du tournoi, le 5e mondial <b><a href=\"https:\/\/www.flashscore.fr\/joueur\/djokovic-novak\/AZg49Et9\/\" data-analytics-element=\"ARTICLE_TEXT_LINK\" data-analytics-alias=\"internal\" rel=\"nofollow noopener\" target=\"_blank\">Novak Djokovic<\/a><\/b> sera le prochain joueur \u00e0 fouler le Central ath\u00e9nien jeudi.<\/p>\n<p>Le Serbe de 38 ans affronte en fin d&rsquo;apr\u00e8s-midi le Portugais <b><a href=\"https:\/\/www.flashscore.fr\/joueur\/borges-nuno\/hzbEPIOa\/\" data-analytics-element=\"ARTICLE_TEXT_LINK\" data-analytics-alias=\"internal\" rel=\"nofollow noopener\" target=\"_blank\">Nuno Borges<\/a><\/b> (47e) en quarts de finale.<\/p>\n","protected":false},"excerpt":{"rendered":"L&rsquo;Italien Lorenzo Musetti (9e mondial) a battu jeudi le Fran\u00e7ais Alexandre M\u00fcller (43e) en quarts de finale de&hellip;\n","protected":false},"author":2,"featured_media":517795,"comment_status":"","ping_status":"","sticky":false,"template":"","format":"standard","meta":{"footnotes":""},"categories":[1415],"tags":[1011,27,60,1467],"class_list":{"0":"post-517794","1":"post","2":"type-post","3":"status-publish","4":"format-standard","5":"has-post-thumbnail","7":"category-tennis","8":"tag-fr","9":"tag-france","10":"tag-sports","11":"tag-tennis"},"share_on_mastodon":{"url":"https:\/\/pubeurope.com\/@fr\/115507318151287113","error":""},"_links":{"self":[{"href":"https:\/\/www.europesays.com\/fr\/wp-json\/wp\/v2\/posts\/517794","targetHints":{"allow":["GET"]}}],"collection":[{"href":"https:\/\/www.europesays.com\/fr\/wp-json\/wp\/v2\/posts"}],"about":[{"href":"https:\/\/www.europesays.com\/fr\/wp-json\/wp\/v2\/types\/post"}],"author":[{"embeddable":true,"href":"https:\/\/www.europesays.com\/fr\/wp-json\/wp\/v2\/users\/2"}],"replies":[{"embeddable":true,"href":"https:\/\/www.europesays.com\/fr\/wp-json\/wp\/v2\/comments?post=517794"}],"version-history":[{"count":0,"href":"https:\/\/www.europesays.com\/fr\/wp-json\/wp\/v2\/posts\/517794\/revisions"}],"wp:featuredmedia":[{"embeddable":true,"href":"https:\/\/www.europesays.com\/fr\/wp-json\/wp\/v2\/media\/517795"}],"wp:attachment":[{"href":"https:\/\/www.europesays.com\/fr\/wp-json\/wp\/v2\/media?parent=517794"}],"wp:term":[{"taxonomy":"category","embeddable":true,"href":"https:\/\/www.europesays.com\/fr\/wp-json\/wp\/v2\/categories?post=517794"},{"taxonomy":"post_tag","embeddable":true,"href":"https:\/\/www.europesays.com\/fr\/wp-json\/wp\/v2\/tags?post=517794"}],"curies":[{"name":"wp","href":"https:\/\/api.w.org\/{rel}","templated":true}]}}