{"id":517796,"date":"2025-11-07T07:52:11","date_gmt":"2025-11-07T07:52:11","guid":{"rendered":"https:\/\/www.europesays.com\/fr\/517796\/"},"modified":"2025-11-07T07:52:11","modified_gmt":"2025-11-07T07:52:11","slug":"nouvelle-caledonie-il-ne-faut-pas-etre-trop-jeune-pour-partir-actualite","status":"publish","type":"post","link":"https:\/\/www.europesays.com\/fr\/517796\/","title":{"rendered":"Nouvelle-Cal\u00e9donie : \u00ab Il ne faut pas \u00eatre trop jeune pour partir \u00bb &#8211; Actualit\u00e9"},"content":{"rendered":"<p style=\"text-align: justify;\">Avec deux coureurs sur le podium du Championnat de France de vitesse Cadets, la Nouvelle Cal\u00e9donie a fait fort. Chad Charret et Enzo Martoredjo ont pass\u00e9 l&rsquo;argent et le bronze autour de leur cou. Louise Schavits, pensionnaire du p\u00f4le ultramarin de Bourges, a ajout\u00e9 le bronze du kilom\u00e8tre des Juniors Femmes. G\u00e9rard Sala\u00fcn, l&rsquo;ancien pr\u00e9sident du comit\u00e9 r\u00e9gional, encadrait la petite troupe cal\u00e9donienne avec F\u00e9licia Ballanger et Florian Barket. Il fait un point avec DirectVelo sur la situation de la rel\u00e8ve du cyclisme du Caillou.<\/p>\n<p><strong>DirectVelo : Que repr\u00e9sentent ces m\u00e9dailles chez les Cadets pour le comit\u00e9 ?<\/strong><br \/>G\u00e9rard Sala\u00fcn : C&rsquo;est tr\u00e8s important parce que, surtout en sprint, il y a longtemps qu&rsquo;on n&rsquo;avait pas eu de succession. On a eu des r\u00e9sultats dans le fond, mais pas en sprint. Et l\u00e0, c&rsquo;est tr\u00e8s important parce que, non seulement il y en a un, mais deux qui montent sur le podium.<\/p>\n<p><strong>\u00ab NOUS AVONS UNE POLITIQUE POUR LES JEUNES \u00bb\u00a0<\/strong><\/p>\n<p><strong>Comment ont-ils \u00e9t\u00e9 rep\u00e9r\u00e9s et pr\u00e9par\u00e9s pour ce Championnat ?<\/strong><br \/>Les deux sont dans le m\u00eame club, l&rsquo;ECV (Ecole cal\u00e9donienne du v\u00e9lo). Dans le club, nous avons un bon potentiel avec plusieurs jeunes. Nous avons une politique pour les jeunes. Il y a une \u00e9mulation qui se cr\u00e9e. Enzo Martoredjo court depuis les Minimes, alors que Chad Charret n&rsquo;a qu&rsquo;un an de v\u00e9lo. Son grand-p\u00e8re m&rsquo;a demand\u00e9 de s&rsquo;en occuper il y a un an donc. Il marche tr\u00e8s bien, il monte les \u00e9chelons. Il est aussi bon sur route et en VTT. On attend encore pour lui donner le chemin \u00e0 suivre car il grimpe tr\u00e8s bien aussi. De son c\u00f4t\u00e9, Enzo Martoredjo est plus sp\u00e9cialis\u00e9 dans le sprint.<\/p>\n<p><strong>Apr\u00e8s les \u00e9v\u00e9nements de l&rsquo;an dernier, est-ce que l&rsquo;activit\u00e9 a pu reprendre ?<\/strong><br \/>Elle a repris mais il y a un manque de moyens flagrants. Les moyens humains sont l\u00e0 mais pour les moyens financiers, c&rsquo;est difficile, il n&rsquo;y a plus d&rsquo;argent sur le territoire. Heureusement, l&rsquo;Agence Nationale du Sport (ANS) nous donne bien la main.\u00a0<\/p>\n<p><strong>\u00ab ILS FONT DE LA ROUTE ET DE LA PISTE \u00bb<\/strong><\/p>\n<p><strong>Quelle est la vitalit\u00e9 des clubs ?<\/strong><br \/>Il n&rsquo;y a que deux clubs qui travaillent sur les jeunes et donc on en manque. L&rsquo;ECV et le VCC Mont Dore qui en a cinq ou six. Heureusement, le p\u00f4le espoir marche assez bien avec Florian Barket. Quatorze jeunes sont dans ce p\u00f4le. Ils font de la route et de la piste.<\/p>\n<p><strong>Est-ce que pour les deux Cadets, le p\u00f4le ultramarin sera une possibilit\u00e9 ?<\/strong><br \/>Peut-\u00eatre \u00e0 long terme, mais pas pour l&rsquo;ann\u00e9e prochaine. Ils ont leur bac \u00e0 passer. Je pense qu&rsquo;il ne faut pas \u00eatre trop jeune pour partir, parce que, surtout pour les ultramarins, c&rsquo;est un peu difficile de quitter les familles. Les parents h\u00e9sitent souvent. Mais \u00e0 long terme, j&rsquo;en ai discut\u00e9 avec les parents. Ils sont d&rsquo;accord pour les laisser partir, mais un peu plus tard.<\/p>\n","protected":false},"excerpt":{"rendered":"Avec deux coureurs sur le podium du Championnat de France de vitesse Cadets, la Nouvelle Cal\u00e9donie a fait&hellip;\n","protected":false},"author":2,"featured_media":517797,"comment_status":"","ping_status":"","sticky":false,"template":"","format":"standard","meta":{"footnotes":""},"categories":[1411],"tags":[834,828,836,829,837,827,83,826,824,823,1154,207,814,817,815,816,822,821,832,211,839,1011,27,820,818,819,835,831,830,833,838,60,212,208,825],"class_list":{"0":"post-517796","1":"post","2":"type-post","3":"status-publish","4":"format-standard","5":"has-post-thumbnail","7":"category-cyclisme","8":"tag-attaque","9":"tag-belgique","10":"tag-braquet","11":"tag-bretagne","12":"tag-chute","13":"tag-competition","14":"tag-coupe-de-france","15":"tag-coureur","16":"tag-course-cyclisme","17":"tag-course-cycliste","18":"tag-cycling","19":"tag-cyclisme","20":"tag-direct","21":"tag-direct-velo","22":"tag-directvelo","23":"tag-directvelo-com","24":"tag-epreuve","25":"tag-epreuve-cycliste","26":"tag-federation-francaise-de-cyclisme","27":"tag-ffc","28":"tag-flandres","29":"tag-fr","30":"tag-france","31":"tag-live","32":"tag-live-course","33":"tag-live-epreuve","34":"tag-peloton","35":"tag-radio-peloton","36":"tag-radio-tour","37":"tag-ravitaillement","38":"tag-relance","39":"tag-sports","40":"tag-uci","41":"tag-velo","42":"tag-velos"},"share_on_mastodon":{"url":"https:\/\/pubeurope.com\/@fr\/115507333952502265","error":""},"_links":{"self":[{"href":"https:\/\/www.europesays.com\/fr\/wp-json\/wp\/v2\/posts\/517796","targetHints":{"allow":["GET"]}}],"collection":[{"href":"https:\/\/www.europesays.com\/fr\/wp-json\/wp\/v2\/posts"}],"about":[{"href":"https:\/\/www.europesays.com\/fr\/wp-json\/wp\/v2\/types\/post"}],"author":[{"embeddable":true,"href":"https:\/\/www.europesays.com\/fr\/wp-json\/wp\/v2\/users\/2"}],"replies":[{"embeddable":true,"href":"https:\/\/www.europesays.com\/fr\/wp-json\/wp\/v2\/comments?post=517796"}],"version-history":[{"count":0,"href":"https:\/\/www.europesays.com\/fr\/wp-json\/wp\/v2\/posts\/517796\/revisions"}],"wp:featuredmedia":[{"embeddable":true,"href":"https:\/\/www.europesays.com\/fr\/wp-json\/wp\/v2\/media\/517797"}],"wp:attachment":[{"href":"https:\/\/www.europesays.com\/fr\/wp-json\/wp\/v2\/media?parent=517796"}],"wp:term":[{"taxonomy":"category","embeddable":true,"href":"https:\/\/www.europesays.com\/fr\/wp-json\/wp\/v2\/categories?post=517796"},{"taxonomy":"post_tag","embeddable":true,"href":"https:\/\/www.europesays.com\/fr\/wp-json\/wp\/v2\/tags?post=517796"}],"curies":[{"name":"wp","href":"https:\/\/api.w.org\/{rel}","templated":true}]}}