{"id":517805,"date":"2025-11-07T07:58:11","date_gmt":"2025-11-07T07:58:11","guid":{"rendered":"https:\/\/www.europesays.com\/fr\/517805\/"},"modified":"2025-11-07T07:58:11","modified_gmt":"2025-11-07T07:58:11","slug":"on-sest-mylene-farmer-et-alizee-en-froid-25-ans-apres-leur-collaboration-elle-balance","status":"publish","type":"post","link":"https:\/\/www.europesays.com\/fr\/517805\/","title":{"rendered":"\u201cOn s\u2019est\u2026\u201d Myl\u00e8ne Farmer et Aliz\u00e9e en froid ? 25 ans apr\u00e8s leur collaboration, elle balance"},"content":{"rendered":"<p data-start=\"112\" data-end=\"469\">Aliz\u00e9e, qui pr\u00e9pare sa tourn\u00e9e<br \/>\nanniversaire \u00ab\u00a0<strong>25 ans d\u00e9j\u00e0\u00a0\u00bb<\/strong>\u00a0pr\u00e9vue<br \/>\npour septembre 2026, \u00e9tait invit\u00e9e sur le plateau de<br \/>\nC \u00e0 vous ce jeudi 6<br \/>\nnovembre. L&rsquo;occasion pour elle de revenir sur ses deux derniers<br \/>\nconcerts \u00e0 l&rsquo;Olympia&#8230; et sur la visite inattendue de<br \/>\n<strong>Myl\u00e8ne Farmer<\/strong>, son ancienne mentor, avec qui elle<br \/>\na connu la gloire dans les ann\u00e9es 2000.<\/p>\n<p data-start=\"544\" data-end=\"1236\">\u00c0 l\u2019\u00e9poque, Myl\u00e8ne Farmer avait<br \/>\nrep\u00e9r\u00e9 Aliz\u00e9e alors qu\u2019elle n\u2019\u00e9tait encore qu\u2019une adolescente.<br \/>\nEnsemble, elles avaient connu un succ\u00e8s fulgurant gr\u00e2ce au tube<br \/>\nMoi\u2026 Lolita\u00a0qui a marqu\u00e9 toute une g\u00e9n\u00e9ration.<br \/>\nPourtant, apr\u00e8s plusieurs ann\u00e9es de collaboration, <a href=\"https:\/\/www.closermag.fr\/tv-tele-realite\/autres-emissions\/alizee-revele-qu-elle-n-a-pas-vu-mylene-farmer-depuis-10-ans-video-341206\" target=\"_blank\" rel=\"noopener\"><br \/>\nleurs chemins s\u2019\u00e9taient s\u00e9par\u00e9s.<\/a><\/p>\n<p>Aliz\u00e9e<br \/>\n: \u00ab\u00a0On s&rsquo;\u00e9tait beaucoup manqu\u00e9\u00a0\u00bb<\/p>\n<p data-start=\"544\" data-end=\"1236\">\u00ab\u00a0Quelques ann\u00e9es apr\u00e8s<br \/>\nnotre s\u00e9paration artistique, on s\u2019est perdues de vue. On s\u2019est<br \/>\nretrouv\u00e9es quelques ann\u00e9es apr\u00e8s\u00a0\u00bb, a confi\u00e9 Aliz\u00e9e \u00e0<br \/>\nAnne-Elisabeth Lemoine, le sourire aux l\u00e8vres. L\u2019artiste raconte<br \/>\nque ces retrouvailles ont \u00e9t\u00e9 avant tout humaines : \u00ab\u00a0On a<br \/>\n\u00e9voqu\u00e9 l\u2019\u00e9ventualit\u00e9 de retravailler ensemble, mais en fait on<br \/>\navait juste envie de se retrouver humainement parce qu\u2019<strong>on<br \/>\ns\u2019\u00e9tait beaucoup manqu\u00e9.<\/strong>\u00ab\u00a0<\/p>\n<p data-start=\"1309\" data-end=\"1804\">Lors de son grand retour sur<br \/>\nsc\u00e8ne \u00e0 l\u2019Olympia le 8 septembre dernier, Myl\u00e8ne Farmer n\u2019a pas<br \/>\nh\u00e9sit\u00e9 \u00e0 venir applaudir son ancienne prot\u00e9g\u00e9e. \u00ab\u00a0Elle \u00e9tait<br \/>\nfi\u00e8re, elle \u00e9tait \u00e9mue\u00a0\u00bb, a soulign\u00e9 Anne-Elisabeth Lemoine. Un<br \/>\ngeste symbolique pour Aliz\u00e9e, consciente de l\u2019importance de ce<br \/>\nmoment :\u00a0\u00bb<a href=\"https:\/\/www.closermag.fr\/people\/je-l-appelle-je-sais-qu-elle-est-la-alizee-se-confie-sur-ses-relations-actuelles-avec-mylene-farmer-1704234\" target=\"_blank\" rel=\"noopener\">Elle<br \/>\nest vraiment bienveillante avec moi<\/a> dans ce que je fais, et<br \/>\nc\u2019est pour \u00e7a qu\u2019elle a accept\u00e9 de venir. Je sais que c\u2019\u00e9tait<br \/>\nvraiment important pour elle et pour moi qu\u2019elle soit l\u00e0, apr\u00e8s 25<br \/>\nans.\u00a0\u00bb<\/p>\n<p>Un retour port\u00e9 par un public<br \/>\nfid\u00e8le<\/p>\n<p data-start=\"1855\" data-end=\"2471\">Si ce grand retour a \u00e9t\u00e9<br \/>\npossible, c\u2019est aussi gr\u00e2ce aux fans de la premi\u00e8re heure, toujours<br \/>\npr\u00e9sents depuis ses d\u00e9buts. \u00ab\u00a0J\u2019ai de la chance d\u2019avoir un<br \/>\npublic qui est vraiment tr\u00e8s tr\u00e8s fid\u00e8le, et c\u2019est gr\u00e2ce \u00e0 eux que<br \/>\nl\u2019Olympia a \u00e9t\u00e9 complet en 10 minutes\u00a0\u00bb, a confi\u00e9 <a href=\"https:\/\/www.closermag.fr\/people\/alizee-sa-fille-maggy-a-deja-un-mois-et-elle-est-craquante-1064186\" target=\"_blank\" rel=\"noopener\"><br \/>\nla maman de Maggy<\/a>, reconnaissante.<\/p>\n<p data-start=\"1855\" data-end=\"2471\">L\u2019artiste r\u00e9v\u00e8le qu\u2019au d\u00e9part,<br \/>\nil n\u2019\u00e9tait pas pr\u00e9vu d\u2019organiser une tourn\u00e9e apr\u00e8s ses deux dates \u00e0<br \/>\nParis : \u00ab\u00a0Apr\u00e8s l\u2019engouement des deux Olympias, <strong>il<br \/>\nn\u2019\u00e9tait pas question de faire une tourn\u00e9e<\/strong>. Et finalement,<br \/>\nle public a \u00e9t\u00e9 tellement conquis qu\u2019on a d\u00e9cid\u00e9 d\u2019aller \u00e0 la<br \/>\nrencontre des gens, un petit peu plus loin\u00a0\u00bb,\u00a0a-t-elle<br \/>\nconclu.<\/p>\n","protected":false},"excerpt":{"rendered":"Aliz\u00e9e, qui pr\u00e9pare sa tourn\u00e9e anniversaire \u00ab\u00a025 ans d\u00e9j\u00e0\u00a0\u00bb\u00a0pr\u00e9vue pour septembre 2026, \u00e9tait invit\u00e9e sur le plateau de&hellip;\n","protected":false},"author":2,"featured_media":517806,"comment_status":"","ping_status":"","sticky":false,"template":"","format":"standard","meta":{"footnotes":""},"categories":[1355],"tags":[21748,58,59,1011,27,1361,873],"class_list":{"0":"post-517805","1":"post","2":"type-post","3":"status-publish","4":"format-standard","5":"has-post-thumbnail","7":"category-musique","8":"tag-alizee","9":"tag-divertissement","10":"tag-entertainment","11":"tag-fr","12":"tag-france","13":"tag-music","14":"tag-musique"},"share_on_mastodon":{"url":"https:\/\/pubeurope.com\/@fr\/115507357560056451","error":""},"_links":{"self":[{"href":"https:\/\/www.europesays.com\/fr\/wp-json\/wp\/v2\/posts\/517805","targetHints":{"allow":["GET"]}}],"collection":[{"href":"https:\/\/www.europesays.com\/fr\/wp-json\/wp\/v2\/posts"}],"about":[{"href":"https:\/\/www.europesays.com\/fr\/wp-json\/wp\/v2\/types\/post"}],"author":[{"embeddable":true,"href":"https:\/\/www.europesays.com\/fr\/wp-json\/wp\/v2\/users\/2"}],"replies":[{"embeddable":true,"href":"https:\/\/www.europesays.com\/fr\/wp-json\/wp\/v2\/comments?post=517805"}],"version-history":[{"count":0,"href":"https:\/\/www.europesays.com\/fr\/wp-json\/wp\/v2\/posts\/517805\/revisions"}],"wp:featuredmedia":[{"embeddable":true,"href":"https:\/\/www.europesays.com\/fr\/wp-json\/wp\/v2\/media\/517806"}],"wp:attachment":[{"href":"https:\/\/www.europesays.com\/fr\/wp-json\/wp\/v2\/media?parent=517805"}],"wp:term":[{"taxonomy":"category","embeddable":true,"href":"https:\/\/www.europesays.com\/fr\/wp-json\/wp\/v2\/categories?post=517805"},{"taxonomy":"post_tag","embeddable":true,"href":"https:\/\/www.europesays.com\/fr\/wp-json\/wp\/v2\/tags?post=517805"}],"curies":[{"name":"wp","href":"https:\/\/api.w.org\/{rel}","templated":true}]}}