{"id":517807,"date":"2025-11-07T07:59:21","date_gmt":"2025-11-07T07:59:21","guid":{"rendered":"https:\/\/www.europesays.com\/fr\/517807\/"},"modified":"2025-11-07T07:59:21","modified_gmt":"2025-11-07T07:59:21","slug":"un-premier-trailer-haletant-pour-la-serie-apple-tv-avec-benoit-magimel-et-melanie-laurent","status":"publish","type":"post","link":"https:\/\/www.europesays.com\/fr\/517807\/","title":{"rendered":"un premier trailer haletant pour la s\u00e9rie Apple TV avec Beno\u00eet Magimel et M\u00e9lanie Laurent"},"content":{"rendered":"<p>Port\u00e9e par Beno\u00eet Magimel et M\u00e9lanie Laurent, cette mini-s\u00e9rie thriller de six \u00e9pisodes sera diffus\u00e9e \u00e0 partir du 3 d\u00e9cembre sur Apple TV .<\/p>\n<p>Nouvelle production fran\u00e7aise d&rsquo;Apple TV, la mini-s\u00e9rie Traqu\u00e9s se d\u00e9voile \u00e0 travers une premi\u00e8re bande-annonce. Imagin\u00e9 et r\u00e9alis\u00e9 par C\u00e9dric Anger (La prochaine fois je viserai le c\u0153ur), ce thriller en six \u00e9pisodes raconte l&rsquo;histoire de Franck, incarn\u00e9 par <a href=\"https:\/\/www.bfmtv.com\/police-justice\/pourquoi-les-cesar-voles-a-benoit-magimel-seront-difficilement-vendables-pour-les-cambrioleurs_AV-202409040610.html\" title=\"Pourquoi les C\u00e9sar vol\u00e9s \u00e0 Beno\u00eet Magimel seront difficilement vendables pour les cambrioleurs\" class=\"internal_link\" rel=\"nofollow noopener\" target=\"_blank\">Beno\u00eet Magimel<\/a>, qui passe ses week-ends \u00e0 pratiquer la chasse avec ses amis.<\/p>\n<p>Mais un jour, leur partie tourne au cauchemar lorsqu&rsquo;un autre groupe de chasseur les prend pour cible sans raisons apparentes. Franck et ses amis r\u00e9pliquent et blessent gri\u00e8vement l&rsquo;un de leurs adversaires.<\/p>\n<blockquote class=\"embed embed_quote\"><p>\u00ab\u00a0Ils d\u00e9cident de garder l&rsquo;incident secret, et Franck tente de reprendre une vie normale aux c\u00f4t\u00e9s de sa femme Krystel (M\u00e9lanie Laurent). Mais tr\u00e8s vite, le groupe se sent observ\u00e9, et pire, traqu\u00e9 par ces hommes qui semblent pr\u00eats \u00e0 tout pour se venger\u00a0\u00bb, pr\u00e9cise le synopsis.<\/p><\/blockquote>\n<p>Damien Bonnard et Manuel Guillot au casting<\/p>\n<p>Beno\u00eet Magimel donnera notamment la r\u00e9plique \u00e0 M\u00e9lanie Laurent. L&rsquo;actrice qui tiendra le r\u00f4le de Krystel, avait d\u00e9j\u00e0 travaill\u00e9 avec C\u00e9dric Anger pour co-\u00e9crire son film <a href=\"https:\/\/www.bfmtv.com\/people\/cinema\/voleuses-la-comedie-d-action-de-melanie-laurent-numero-1-dans-le-monde-sur-netflix_AN-202311080706.html\" title=\"&quot;Voleuses&quot;: la com\u00e9die d&#039;action de M\u00e9lanie Laurent num\u00e9ro 1 dans le monde sur Netflix\" class=\"internal_link\" rel=\"nofollow noopener\" target=\"_blank\">Voleuses <\/a>en 2023.<\/p>\n<p>Se tiendront \u00e0 leurs c\u00f4t\u00e9s d&rsquo;autres com\u00e9diens de renoms tels que Damien Bonnard, Manuel Guillot, C\u00e9dric Appietto, Angelyna Danabe-Mignot, Paul Beaurepaire, Yann Goven, Sarah Pachoud ou encore Patrick De Vallette.<\/p>\n<p>Les deux premiers \u00e9pisodes de Traqu\u00e9s seront disponibles d\u00e8s le 3 d\u00e9cembre sur Apple TV. Ils seront suivis d\u2019un \u00e9pisode mis en ligne chaque mercredi jusqu\u2019au 31 d\u00e9cembre 2025.<\/p>\n","protected":false},"excerpt":{"rendered":"Port\u00e9e par Beno\u00eet Magimel et M\u00e9lanie Laurent, cette mini-s\u00e9rie thriller de six \u00e9pisodes sera diffus\u00e9e \u00e0 partir du&hellip;\n","protected":false},"author":2,"featured_media":517808,"comment_status":"","ping_status":"","sticky":false,"template":"","format":"standard","meta":{"footnotes":""},"categories":[1354],"tags":[58,59,1346,1011,27,1360],"class_list":{"0":"post-517807","1":"post","2":"type-post","3":"status-publish","4":"format-standard","5":"has-post-thumbnail","7":"category-films","8":"tag-divertissement","9":"tag-entertainment","10":"tag-films","11":"tag-fr","12":"tag-france","13":"tag-movies"},"share_on_mastodon":{"url":"https:\/\/pubeurope.com\/@fr\/115507361577018868","error":""},"_links":{"self":[{"href":"https:\/\/www.europesays.com\/fr\/wp-json\/wp\/v2\/posts\/517807","targetHints":{"allow":["GET"]}}],"collection":[{"href":"https:\/\/www.europesays.com\/fr\/wp-json\/wp\/v2\/posts"}],"about":[{"href":"https:\/\/www.europesays.com\/fr\/wp-json\/wp\/v2\/types\/post"}],"author":[{"embeddable":true,"href":"https:\/\/www.europesays.com\/fr\/wp-json\/wp\/v2\/users\/2"}],"replies":[{"embeddable":true,"href":"https:\/\/www.europesays.com\/fr\/wp-json\/wp\/v2\/comments?post=517807"}],"version-history":[{"count":0,"href":"https:\/\/www.europesays.com\/fr\/wp-json\/wp\/v2\/posts\/517807\/revisions"}],"wp:featuredmedia":[{"embeddable":true,"href":"https:\/\/www.europesays.com\/fr\/wp-json\/wp\/v2\/media\/517808"}],"wp:attachment":[{"href":"https:\/\/www.europesays.com\/fr\/wp-json\/wp\/v2\/media?parent=517807"}],"wp:term":[{"taxonomy":"category","embeddable":true,"href":"https:\/\/www.europesays.com\/fr\/wp-json\/wp\/v2\/categories?post=517807"},{"taxonomy":"post_tag","embeddable":true,"href":"https:\/\/www.europesays.com\/fr\/wp-json\/wp\/v2\/tags?post=517807"}],"curies":[{"name":"wp","href":"https:\/\/api.w.org\/{rel}","templated":true}]}}