{"id":517813,"date":"2025-11-07T08:02:12","date_gmt":"2025-11-07T08:02:12","guid":{"rendered":"https:\/\/www.europesays.com\/fr\/517813\/"},"modified":"2025-11-07T08:02:12","modified_gmt":"2025-11-07T08:02:12","slug":"la-philharmonie-de-paris-porte-plainte-apres-de-graves-incidents-lors-du-concert-dun-orchestre-israelien-jeudi-soir","status":"publish","type":"post","link":"https:\/\/www.europesays.com\/fr\/517813\/","title":{"rendered":"La Philharmonie de Paris porte plainte apr\u00e8s de\u00a0\u00ab\u00a0graves incidents\u00a0\u00bb lors du\u00a0concert d\u2019un orchestre isra\u00e9lien jeudi soir"},"content":{"rendered":"<p>                      <img loading=\"lazy\" decoding=\"async\" src=\"https:\/\/www.europesays.com\/fr\/wp-content\/uploads\/2025\/11\/16c7bb0_upload-1-hua3tilzqqcn-20250905-aduparc-philharmonie-f6a5131.jpg\" alt=\"A la Philharmonie de Paris, le 5 septembre 2025.\"   width=\"664\" height=\"443\"\/>    A la Philharmonie de Paris, le 5 septembre 2025.  AVA DU PARC \/ CHEEESE                          <\/p>\n<p class=\"article__paragraph  \">La Philharmonie de Paris a condamn\u00e9 vendredi 7\u00a0novembre \u00ab\u00a0fermement\u00a0\u00bb et a annonc\u00e9 qu\u2019elle avait port\u00e9 plainte concernant les \u00ab\u00a0graves incidents\u00a0\u00bb survenus jeudi soir dans sa salle lors d\u2019un concert de l\u2019Orchestre philharmonique d\u2019Isra\u00ebl.<\/p>\n<p class=\"article__paragraph  \">\u00ab\u00a0La Cit\u00e9 de la musique-Philharmonie de Paris d\u00e9plore et condamne fermement les graves incidents survenus dans la grande salle Pierre-Boulez durant le concert donn\u00e9 par l\u2019Israel Philharmonic Orchestra sous la direction de Lahav Shani avec le pianiste sir Andr\u00e1s Schiff\u00a0\u00bb, a annonc\u00e9 l\u2019\u00e9tablissement dans un communiqu\u00e9. \u00ab\u00a0L\u2019\u00e9tablissement a port\u00e9 plainte\u00a0\u00bb, a-t-il ajout\u00e9.<\/p>\n<p class=\"article__paragraph  \">La Philharmonie a pr\u00e9cis\u00e9 qu\u2019\u00ab\u00a0\u00e0 trois reprises, des spectateurs en possession d\u2019un billet ont tent\u00e9 de diverses mani\u00e8res d\u2019interrompre le concert, dont deux fois avec l\u2019usage de fumig\u00e8nes. Des spectateurs se sont interpos\u00e9s et des affrontements ont eu lieu\u00a0\u00bb. \u00ab\u00a0Les fauteurs de troubles ont \u00e9t\u00e9 \u00e9vacu\u00e9s et le concert, qui avait d\u00fb s\u2019interrompre, a repris et s\u2019est achev\u00e9 dans le calme\u00a0\u00bb, a poursuivi la Philharmonie.<\/p>\n<p>                    Pol\u00e9mique sur la tenue du concert                    <\/p>\n<p class=\"article__paragraph  \">Ces derniers jours, la pol\u00e9mique avait enfl\u00e9 sur la tenue de ce concert, des militants propalestiniens demandant son annulation, tandis que la CGT-Spectacle r\u00e9clamait que la Philharmonie \u00ab\u00a0rappelle \u00e0 son public les accusations gravissimes qui p\u00e8sent contre les dirigeants\u00a0\u00bb d\u2019Isra\u00ebl, notamment dans la guerre \u00e0 Gaza. Le dispositif de s\u00e9curit\u00e9 autour du concert avait \u00e9t\u00e9 renforc\u00e9.<\/p>\n<p class=\"article__paragraph  \">\u00ab\u00a0Bienvenue \u00e0 l\u2019Orchestre national d\u2019Isra\u00ebl (\u2026) La libert\u00e9 de cr\u00e9ation et de programmation est une valeur de notre R\u00e9publique. Aucun pr\u00e9texte \u00e0 l\u2019antis\u00e9mitisme\u00a0!\u00a0\u00bb, avait d\u00e9clar\u00e9 dans un message sur X la ministre de la culture, Rachida Dati.<\/p>\n<p class=\"article__paragraph  \">Des \u00ab\u00a0sanctions exemplaires doivent \u00eatre prises\u00a0\u00bb contre ces \u00ab\u00a0agitateurs haineux\u00a0\u00bb, a, pour sa part, r\u00e9agi sur X Yonathan Arfi, le pr\u00e9sident du Conseil repr\u00e9sentatif des institutions juives de France (CRIF), apr\u00e8s les incidents de jeudi soir. \u00ab\u00a0Les appels au boycott et les perturbations qui se multiplient sont inacceptables. Ils n\u2019emp\u00eacheront jamais les artistes cibl\u00e9s par la haine de rencontrer l\u2019ovation du public\u00a0\u00bb, a-t-il ajout\u00e9.<\/p>\n<p class=\"article__paragraph  \">Pour la Cit\u00e9 de la musique, \u00ab\u00a0rien ne peut justifier\u00a0\u00bb les actes survenus jeudi soir. \u00ab\u00a0La Philharmonie a d\u00e9montr\u00e9 qu\u2019elle \u00e9tait \u00e0 l\u2019\u00e9coute en r\u00e9pondant aux diverses interpellations re\u00e7ues ces derniers jours au sujet de ce concert. Mais la violence n\u2019est pas un d\u00e9bat. Et la faire entrer dans une salle de concert est tr\u00e8s grave\u00a0\u00bb, a-t-elle estim\u00e9 dans le communiqu\u00e9.<\/p>\n<p>                                       Lire aussi |  Article r\u00e9serv\u00e9 \u00e0 nos abonn\u00e9s  <a href=\"https:\/\/www.lemonde.fr\/culture\/article\/2025\/09\/17\/boycotte-a-gand-le-chef-d-orchestre-israelien-lahav-shani-acclame-au-theatre-des-champs-elysees-a-paris_6641490_3246.html\" class=\"js-article-read-also catcher--favoris__link\" data-premium=\"1\" id=\"article-title-3438380\" rel=\"nofollow noopener\" target=\"_blank\">Le chef d\u2019orchestre isra\u00e9lien Lahav Shani, boycott\u00e9 \u00e0 Gand et acclam\u00e9 \u00e0 Paris<\/a>    <\/p>\n<p>   Lire plus tard  <\/p>\n<p class=\"author__detail\">  Le Monde avec AFP  <\/p>\n<p>                <a href=\"https:\/\/www.lemonde.fr\/syndication\/\" class=\"reuse__content\" title=\"R\u00e9utiliser ce contenu\" target=\"_blank\" rel=\"nofollow noopener\">R\u00e9utiliser ce contenu<\/a>      <\/p>\n","protected":false},"excerpt":{"rendered":"A la Philharmonie de Paris, le 5 septembre 2025. AVA DU PARC \/ CHEEESE La Philharmonie de Paris&hellip;\n","protected":false},"author":2,"featured_media":517814,"comment_status":"","ping_status":"","sticky":false,"template":"","format":"standard","meta":{"footnotes":""},"categories":[8],"tags":[58,59,1011,27],"class_list":{"0":"post-517813","1":"post","2":"type-post","3":"status-publish","4":"format-standard","5":"has-post-thumbnail","7":"category-divertissement","8":"tag-divertissement","9":"tag-entertainment","10":"tag-fr","11":"tag-france"},"share_on_mastodon":{"url":"https:\/\/pubeurope.com\/@fr\/115507373873995088","error":""},"_links":{"self":[{"href":"https:\/\/www.europesays.com\/fr\/wp-json\/wp\/v2\/posts\/517813","targetHints":{"allow":["GET"]}}],"collection":[{"href":"https:\/\/www.europesays.com\/fr\/wp-json\/wp\/v2\/posts"}],"about":[{"href":"https:\/\/www.europesays.com\/fr\/wp-json\/wp\/v2\/types\/post"}],"author":[{"embeddable":true,"href":"https:\/\/www.europesays.com\/fr\/wp-json\/wp\/v2\/users\/2"}],"replies":[{"embeddable":true,"href":"https:\/\/www.europesays.com\/fr\/wp-json\/wp\/v2\/comments?post=517813"}],"version-history":[{"count":0,"href":"https:\/\/www.europesays.com\/fr\/wp-json\/wp\/v2\/posts\/517813\/revisions"}],"wp:featuredmedia":[{"embeddable":true,"href":"https:\/\/www.europesays.com\/fr\/wp-json\/wp\/v2\/media\/517814"}],"wp:attachment":[{"href":"https:\/\/www.europesays.com\/fr\/wp-json\/wp\/v2\/media?parent=517813"}],"wp:term":[{"taxonomy":"category","embeddable":true,"href":"https:\/\/www.europesays.com\/fr\/wp-json\/wp\/v2\/categories?post=517813"},{"taxonomy":"post_tag","embeddable":true,"href":"https:\/\/www.europesays.com\/fr\/wp-json\/wp\/v2\/tags?post=517813"}],"curies":[{"name":"wp","href":"https:\/\/api.w.org\/{rel}","templated":true}]}}