{"id":517819,"date":"2025-11-07T08:05:12","date_gmt":"2025-11-07T08:05:12","guid":{"rendered":"https:\/\/www.europesays.com\/fr\/517819\/"},"modified":"2025-11-07T08:05:12","modified_gmt":"2025-11-07T08:05:12","slug":"les-europeens-secharpent-sur-la-repartition-de-30-000-demandeurs-dasile-actualites","status":"publish","type":"post","link":"https:\/\/www.europesays.com\/fr\/517819\/","title":{"rendered":"Les Europ\u00e9ens s&rsquo;\u00e9charpent sur la r\u00e9partition de 30.000 demandeurs d&rsquo;asile : Actualit\u00e9s"},"content":{"rendered":"<p class=\"lead \">Quels pays europ\u00e9ens subissent la plus forte pression migratoire? Cette question divise fortement les Vingt-Sept, qui doivent d\u00e9terminer comment r\u00e9partir au moins 30.000 demandeurs d&rsquo;asile sur le continent d&rsquo;ici No\u00ebl.<\/p>\n<p class=\"lead \">L&rsquo;Union europ\u00e9enne a adopt\u00e9 en 2024 une gigantesque r\u00e9forme de sa politique migratoire, qui entrera bient\u00f4t en application.<\/p>\n<p class=\"lead \">Ce texte pr\u00e9voit &#8211; entre autres &#8211; un tout nouveau syst\u00e8me de prise en charge des demandeurs d&rsquo;asile sur le continent, afin de soulager les pays se situant le long des routes migratoires, comme l&rsquo;Espagne, la Gr\u00e8ce ou l&rsquo;Italie.<\/p>\n<p class=\"lead \">L&rsquo;id\u00e9e consiste, au fond, \u00e0 classer les Etats membres de l&rsquo;UE selon deux cat\u00e9gories:<\/p>\n<p class=\"lead \">&#8211; Ceux que Bruxelles consid\u00e8re comme \u00e9tant soumis \u00e0 une \u00ab\u00a0pression migratoire\u00a0\u00bb, d&rsquo;apr\u00e8s une s\u00e9rie de crit\u00e8res (nombre d&rsquo;arriv\u00e9es irr\u00e9guli\u00e8res, nombre de sauvetages en mer etc.)<\/p>\n<p class=\"lead \">&#8211; Les autres, qui, en vertu de ce nouveau m\u00e9canisme de solidarit\u00e9, devront relocaliser un certain nombre de demandeurs d&rsquo;asile sur leur territoire, ou verser une contribution financi\u00e8re aux pays sous pression (20.000 euros par personne).<\/p>\n<p class=\"lead \">&#8211; Tous sous pression? &#8211;<\/p>\n<p class=\"lead \">Premi\u00e8re complication.<\/p>\n<p class=\"lead \">A \u00e9couter les 27 pays de l&rsquo;UE, \u00ab\u00a0tous se sentent sous pression migratoire\u00a0\u00bb, assure une source \u00e0 la Commission, charg\u00e9e d&rsquo;\u00e9laborer cette r\u00e9partition. Et veulent tous peser sur la m\u00e9thode de calcul de l&rsquo;ex\u00e9cutif europ\u00e9en.<\/p>\n<p class=\"lead \">Au cours des derniers jours, la Su\u00e8de a ainsi tenu \u00e0 rappeler qu&rsquo;elle avait \u00ab\u00a0re\u00e7u 300.000 demandes d&rsquo;asile en dix ans\u00a0\u00bb, soit beaucoup \u00ab\u00a0pour un pays de taille moyenne\u00a0\u00bb; la Belgique que \u00ab\u00a0ses centres d&rsquo;accueil \u00e9taient pleins\u00a0\u00bb; et l&rsquo;Allemagne qu&rsquo;elle avait accueilli plus d&rsquo;un million de r\u00e9fugi\u00e9s ukrainiens depuis le d\u00e9but de la guerre. <\/p>\n<p class=\"lead \">La France insiste quant \u00e0 elle sur ses op\u00e9rations men\u00e9es en mer pour secourir les migrants cherchant \u00e0 rejoindre l&rsquo;Angleterre. <\/p>\n<p class=\"lead \">La Commission devrait d\u00e9voiler sa r\u00e9partition en milieu de semaine prochaine, apr\u00e8s pr\u00e8s d&rsquo;un mois de report.<\/p>\n<p class=\"lead \">C&rsquo;est sur cette base que les Etats membres d\u00e9battront ensuite de combien de migrants chacun est pr\u00eat \u00e0 \u00ab\u00a0relocaliser\u00a0\u00bb sur son sol, ou quelle aide financi\u00e8re ils sont pr\u00eats \u00e0 verser.<\/p>\n<p class=\"lead \">Un minimum de 30.000 relocalisations est exig\u00e9 chaque ann\u00e9e, avec une d\u00e9cision finale indispensable d&rsquo;ici fin d\u00e9cembre.<\/p>\n<p class=\"lead \">&#8211; \u00ab\u00a0Pas confiance\u00a0\u00bb &#8211;<\/p>\n<p class=\"lead \">Mais dans le contexte politique actuel, quels seront les pays pr\u00eats \u00e0 accepter les demandeurs d&rsquo;asile d&rsquo;un autre? Malgr\u00e9 des entr\u00e9es irr\u00e9guli\u00e8res en baisse, tous sont sous pression tr\u00e8s forte pour serrer la vis sur l&rsquo;immigration, face \u00e0 la pouss\u00e9e de la droite et l&rsquo;extr\u00eame droite.<\/p>\n<p class=\"lead \">\u00ab\u00a0C&rsquo;est un \u00e9quilibre extr\u00eamement d\u00e9licat \u00e0 trouver\u00a0\u00bb, affirme Camille Le Coz, directrice du centre de r\u00e9flexion Migration Policy Institute Europe.<\/p>\n<p class=\"lead \">Et d&rsquo;autant plus parce que les pays \u00ab\u00a0ne se font pas confiance\u00a0\u00bb sur cette question, explique-t-elle dans un entretien \u00e0 l&rsquo;AFP.<\/p>\n<p class=\"lead \">Plusieurs pays dont l&rsquo;Allemagne, la Belgique et les Pays-Bas, reprochent aux pays en premi\u00e8re ligne de laisser de nombreux migrants se diriger vers chez eux, plut\u00f4t que de traiter leurs demandes comme le droit europ\u00e9en les y oblige.<\/p>\n<p class=\"lead \">Des accusations que les pays concern\u00e9s minimisent.<\/p>\n<p class=\"lead \">\u00ab\u00a0Les Allemands sont nerveux, les tensions ont \u00e9t\u00e9 fortes avec les Italiens et les Grecs sur ce dossier\u00a0\u00bb, confie un diplomate europ\u00e9en sous couvert d&rsquo;anonymat.<\/p>\n<p class=\"lead \">\u00ab\u00a0Ce n&rsquo;est pas totalement simple parce que tout le monde se regarde et s&rsquo;interroge: +est-ce que l&rsquo;autre Etat membre ne b\u00e9n\u00e9ficiera pas d&rsquo;une meilleure situation?+\u00a0\u00bb, assure-t-il.<\/p>\n<p class=\"small font-weight-bold text-gray3 \"> publi\u00e9 le 7 novembre \u00e0 07h42, AFP<\/p>\n<p>                             Partager<\/p>\n","protected":false},"excerpt":{"rendered":"Quels pays europ\u00e9ens subissent la plus forte pression migratoire? Cette question divise fortement les Vingt-Sept, qui doivent d\u00e9terminer&hellip;\n","protected":false},"author":2,"featured_media":517820,"comment_status":"","ping_status":"","sticky":false,"template":"","format":"standard","meta":{"footnotes":""},"categories":[5],"tags":[11,2483,1011,27,1061,14,12,316,1778,28],"class_list":{"0":"post-517819","1":"post","2":"type-post","3":"status-publish","4":"format-standard","5":"has-post-thumbnail","7":"category-international","8":"tag-actualites","9":"tag-droits","10":"tag-fr","11":"tag-france","12":"tag-immigration","13":"tag-international","14":"tag-news","15":"tag-politique","16":"tag-ue","17":"tag-world"},"share_on_mastodon":{"url":"https:\/\/pubeurope.com\/@fr\/115507385171279631","error":""},"_links":{"self":[{"href":"https:\/\/www.europesays.com\/fr\/wp-json\/wp\/v2\/posts\/517819","targetHints":{"allow":["GET"]}}],"collection":[{"href":"https:\/\/www.europesays.com\/fr\/wp-json\/wp\/v2\/posts"}],"about":[{"href":"https:\/\/www.europesays.com\/fr\/wp-json\/wp\/v2\/types\/post"}],"author":[{"embeddable":true,"href":"https:\/\/www.europesays.com\/fr\/wp-json\/wp\/v2\/users\/2"}],"replies":[{"embeddable":true,"href":"https:\/\/www.europesays.com\/fr\/wp-json\/wp\/v2\/comments?post=517819"}],"version-history":[{"count":0,"href":"https:\/\/www.europesays.com\/fr\/wp-json\/wp\/v2\/posts\/517819\/revisions"}],"wp:featuredmedia":[{"embeddable":true,"href":"https:\/\/www.europesays.com\/fr\/wp-json\/wp\/v2\/media\/517820"}],"wp:attachment":[{"href":"https:\/\/www.europesays.com\/fr\/wp-json\/wp\/v2\/media?parent=517819"}],"wp:term":[{"taxonomy":"category","embeddable":true,"href":"https:\/\/www.europesays.com\/fr\/wp-json\/wp\/v2\/categories?post=517819"},{"taxonomy":"post_tag","embeddable":true,"href":"https:\/\/www.europesays.com\/fr\/wp-json\/wp\/v2\/tags?post=517819"}],"curies":[{"name":"wp","href":"https:\/\/api.w.org\/{rel}","templated":true}]}}