{"id":51782,"date":"2025-04-25T12:52:17","date_gmt":"2025-04-25T12:52:17","guid":{"rendered":"https:\/\/www.europesays.com\/fr\/51782\/"},"modified":"2025-04-25T12:52:17","modified_gmt":"2025-04-25T12:52:17","slug":"retour-des-paquebots-a-bordeaux-et-des-polemiques-journal-de-13-heures","status":"publish","type":"post","link":"https:\/\/www.europesays.com\/fr\/51782\/","title":{"rendered":"Retour des paquebots \u00e0 Bordeaux&#8230; et des pol\u00e9miques &#8211; Journal de 13 heures"},"content":{"rendered":"<p id=\"descriptionPanel\" aria-labelledby=\"descriptionArrow\" aria-expanded=\"false\" class=\"mr-2 line-clamp-2 pr-2.5 text-secondary overflow-visible\">La saison des croisi\u00e8res est lanc\u00e9e. En l\u2019espace d\u2019une matin\u00e9e, un paquebot g\u00e9ant est arriv\u00e9 t\u00f4t ce vendredi matin sur les quais en plein centre-ville de Bordeaux (Gironde). C\u2019est un lieu tr\u00e8s fr\u00e9quent\u00e9, et certains Bordelais ont du mal \u00e0 s\u2019y faire. Cette saison, 49 escales sont pr\u00e9vues. \u00c0 Bordeaux, le nombre de bateaux ne cessent d\u2019augmenter. Beaucoup s\u2019en plaignent, car ces bateaux sont parfois plus grands que les immeubles. Et avec eux, les nuisances, selon certains habitants.<\/p>\n<p>TF1 | Reportage A. CAZABONNE, C.DEVAUX\n<\/p>\n<p><a class=\"shrink-0\" href=\"https:\/\/www.tf1.fr\/tf1\/jt-13h\" target=\"_blank\" rel=\"noopener\"><img decoding=\"async\" src=\"https:\/\/www.europesays.com\/fr\/wp-content\/uploads\/2025\/04\/vignette-portrait_jt13h-v3-21f327-1d2fb4-0@1x.jpg\" width=\"138\" height=\"184\" alt=\"Journal de 13 heures\" loading=\"eager\" fetchpriority=\"auto\" class=\"aspect-[3\/4] h-24 w-auto rounded-3px\"\/><\/a><\/p>\n","protected":false},"excerpt":{"rendered":"La saison des croisi\u00e8res est lanc\u00e9e. En l\u2019espace d\u2019une matin\u00e9e, un paquebot g\u00e9ant est arriv\u00e9 t\u00f4t ce vendredi&hellip;\n","protected":false},"author":2,"featured_media":51783,"comment_status":"","ping_status":"","sticky":false,"template":"","format":"standard","meta":{"footnotes":""},"categories":[2817],"tags":[1111,11,1997,1777,674,3483,3484,1011,27,3486,3485,12,2219,25,3488,3489,3487],"class_list":{"0":"post-51782","1":"post","2":"type-post","3":"status-publish","4":"format-standard","5":"has-post-thumbnail","7":"category-bordeaux","8":"tag-actu","9":"tag-actualites","10":"tag-bordeaux","11":"tag-eu","12":"tag-europe","13":"tag-extrait","14":"tag-extrait-journal-de-13-heures","15":"tag-fr","16":"tag-france","17":"tag-journal-de-13-heures","18":"tag-journal-de-13-heures-extrait","19":"tag-news","20":"tag-nouvelle-aquitaine","21":"tag-republique-francaise","22":"tag-streaming-journal-de-13-heures","23":"tag-video-en-streaming-journal-de-13-heures","24":"tag-video-journal-de-13-heures"},"share_on_mastodon":{"url":"https:\/\/pubeurope.com\/@fr\/114398700771943770","error":""},"_links":{"self":[{"href":"https:\/\/www.europesays.com\/fr\/wp-json\/wp\/v2\/posts\/51782","targetHints":{"allow":["GET"]}}],"collection":[{"href":"https:\/\/www.europesays.com\/fr\/wp-json\/wp\/v2\/posts"}],"about":[{"href":"https:\/\/www.europesays.com\/fr\/wp-json\/wp\/v2\/types\/post"}],"author":[{"embeddable":true,"href":"https:\/\/www.europesays.com\/fr\/wp-json\/wp\/v2\/users\/2"}],"replies":[{"embeddable":true,"href":"https:\/\/www.europesays.com\/fr\/wp-json\/wp\/v2\/comments?post=51782"}],"version-history":[{"count":0,"href":"https:\/\/www.europesays.com\/fr\/wp-json\/wp\/v2\/posts\/51782\/revisions"}],"wp:featuredmedia":[{"embeddable":true,"href":"https:\/\/www.europesays.com\/fr\/wp-json\/wp\/v2\/media\/51783"}],"wp:attachment":[{"href":"https:\/\/www.europesays.com\/fr\/wp-json\/wp\/v2\/media?parent=51782"}],"wp:term":[{"taxonomy":"category","embeddable":true,"href":"https:\/\/www.europesays.com\/fr\/wp-json\/wp\/v2\/categories?post=51782"},{"taxonomy":"post_tag","embeddable":true,"href":"https:\/\/www.europesays.com\/fr\/wp-json\/wp\/v2\/tags?post=51782"}],"curies":[{"name":"wp","href":"https:\/\/api.w.org\/{rel}","templated":true}]}}