{"id":517825,"date":"2025-11-07T08:08:13","date_gmt":"2025-11-07T08:08:13","guid":{"rendered":"https:\/\/www.europesays.com\/fr\/517825\/"},"modified":"2025-11-07T08:08:13","modified_gmt":"2025-11-07T08:08:13","slug":"nos-idees-sorties-du-week-end-des-14-15-et-16-novembre-2025-dans-la-loire","status":"publish","type":"post","link":"https:\/\/www.europesays.com\/fr\/517825\/","title":{"rendered":"Nos id\u00e9es sorties du week-end des 14, 15 et 16 novembre 2025 dans la Loire"},"content":{"rendered":"<p class=\"is-style-chapo\">Voici la s\u00e9lection de la r\u00e9daction de If Saint-Etienne pour se divertir et s\u2019amuser dans la Loire le week-end prochain, soit les 14, 15 et 16 novembre. Une liste d\u2019\u00e9v\u00e9nements, s\u00e9lectionn\u00e9s de mani\u00e8re ind\u00e9pendante et, bien entendu, non-exhaustive.<\/p>\n<p><img loading=\"lazy\" decoding=\"async\" width=\"1024\" height=\"576\" src=\"https:\/\/www.europesays.com\/fr\/wp-content\/uploads\/2025\/11\/Photo-terrasse-paysage-scaled-e1625047040188-1024x576.jpg\" alt=\"\" class=\"wp-image-13073\"  \/>La cour de la Fabuleuse Catine<\/p>\n<p>1 \u2013 D\u2019art d\u2019art<\/p>\n<p>Du vendredi 14 au dimanche 16 novembre, <a href=\"https:\/\/ville-montbrison.fr\/actualites\/6e-biennale-artistique-de-montbrison\/\" target=\"_blank\" rel=\"noreferrer noopener nofollow\">Montbrison<\/a> accueille sa 6\u00e8me Biennale artistique au sein de l\u2019espace Guy Poirieux. Cette ann\u00e9e, c\u2019est Kael, artiste peintre et coloriste, qui ouvre les portes de son univers entre Art Na\u00eff et Pop Art. A ses c\u00f4t\u00e9s, Robert Chambon, artiste lig\u00e9rien, pr\u00e9sentera ses sculptures fa\u00e7onn\u00e9es par plus de 30 ans de cr\u00e9ativit\u00e9.<\/p>\n<p>2 \u2013 Musique\u00a0!<\/p>\n<p>Le <a href=\"https:\/\/www.if-saint-etienne.fr\/culture-loisirs\/decouvrez-les-chateaux-de-la-loire-dans-la-loire-1-2\" target=\"_blank\" rel=\"noreferrer noopener nofollow\">Ch\u00e2teau<\/a> de Goutelas accueille, du 14 au 16 novembre, le forum intitul\u00e9 \u00ab<a href=\"https:\/\/cmtra.org\/Nosactions\/Actionculturelle\/1535_CommentsonnelaLoire\/1546_CommentSonnelaLoire-Lyvynement.html\" target=\"_blank\" rel=\"noreferrer noopener nofollow\">\u00a0Comment sonne la Loire ?\u00a0<\/a>\u00bb, organis\u00e9 par le Centre des musiques traditionnelles Rh\u00f4ne-Alpes, en partenariat avec de nombreux acteurs culturels lig\u00e9riens. Au programme\u00a0: concerts, bals, rencontres et balades musicales.<\/p>\n<p>3 \u2013 L\u2019heure du crime<\/p>\n<p>Vendredi 14 novembre, \u00e0 19h30, La Fabuleuse Cantine, \u00e0 Saint-Etienne, accueille <a href=\"https:\/\/www.francebillet.com\/artist\/la-soiree-criminelle\/\" target=\"_blank\" rel=\"noreferrer noopener nofollow\">La soir\u00e9e criminelle<\/a>. Le concept\u00a0? Un d\u00eener \u00e0 plusieurs plats, combin\u00e9 \u00e0 une pi\u00e8ce de th\u00e9\u00e2tre interactive et myst\u00e9rieuse\u2026 Vous pouvez vous asseoir et profiter du th\u00e9\u00e2tre, mais aussi participer si vous prenez le r\u00f4le d\u2019un suspect ou d\u2019un enqu\u00eateur.<\/p>\n<p>4 \u2013 Master<\/p>\n<p>A Saint-Chamond, le complexe sportif Andr\u00e9 Boulloche accueille la 3\u00e8me \u00e9dition de <a href=\"https:\/\/novabrick.fr\/\" target=\"_blank\" rel=\"noreferrer noopener nofollow\">Novabrick<\/a> et sa foire, en pr\u00e9sence des candidats de Lego Master saison 4. Sur place, des cr\u00e9ations originales, des animations, des boutiques, et bien s\u00fbr, un espace de jeu.<\/p>\n<p>5 \u2013 A la maison<\/p>\n<p>Ils sont de retour \u00e0 la maison, au Fil. Samedi 15 novembre \u00e0 20h30, <a href=\"https:\/\/www.if-saint-etienne.fr\/culture-loisirs\/terrenoire-mettre-notre-energie-et-notre-creativite-au-profit-des-notres\" target=\"_blank\" rel=\"noreferrer noopener nofollow\">Terrenoire<\/a> revient sur ses terres. Avec prot\u00e9g\u00e9.e leur nouvel album, les deux fr\u00e8res de Terrenoire cartographient, en 14 musiques, un monde d\u2019incandescences et d\u2019ombres<\/p>\n","protected":false},"excerpt":{"rendered":"Voici la s\u00e9lection de la r\u00e9daction de If Saint-Etienne pour se divertir et s\u2019amuser dans la Loire le&hellip;\n","protected":false},"author":2,"featured_media":367605,"comment_status":"","ping_status":"","sticky":false,"template":"","format":"standard","meta":{"footnotes":""},"categories":[9653],"tags":[14428,1111,11,2430,1777,674,1011,27,14429,63824,12,14430,25,4001,1669,63825],"class_list":{"0":"post-517825","1":"post","2":"type-post","3":"status-publish","4":"format-standard","5":"has-post-thumbnail","7":"category-saint-etienne","8":"tag-activites-week-end-loire","9":"tag-actu","10":"tag-actualites","11":"tag-auvergne-rhone-alpes","12":"tag-eu","13":"tag-europe","14":"tag-fr","15":"tag-france","16":"tag-idees-sorties-loire","17":"tag-la-fabuleuse-cantine-saint-etienne","18":"tag-news","19":"tag-recreatif","20":"tag-republique-francaise","21":"tag-saint-etienne","22":"tag-sorties","23":"tag-terrenoire-saint-etienne"},"share_on_mastodon":{"url":"https:\/\/pubeurope.com\/@fr\/115507397578993088","error":""},"_links":{"self":[{"href":"https:\/\/www.europesays.com\/fr\/wp-json\/wp\/v2\/posts\/517825","targetHints":{"allow":["GET"]}}],"collection":[{"href":"https:\/\/www.europesays.com\/fr\/wp-json\/wp\/v2\/posts"}],"about":[{"href":"https:\/\/www.europesays.com\/fr\/wp-json\/wp\/v2\/types\/post"}],"author":[{"embeddable":true,"href":"https:\/\/www.europesays.com\/fr\/wp-json\/wp\/v2\/users\/2"}],"replies":[{"embeddable":true,"href":"https:\/\/www.europesays.com\/fr\/wp-json\/wp\/v2\/comments?post=517825"}],"version-history":[{"count":0,"href":"https:\/\/www.europesays.com\/fr\/wp-json\/wp\/v2\/posts\/517825\/revisions"}],"wp:featuredmedia":[{"embeddable":true,"href":"https:\/\/www.europesays.com\/fr\/wp-json\/wp\/v2\/media\/367605"}],"wp:attachment":[{"href":"https:\/\/www.europesays.com\/fr\/wp-json\/wp\/v2\/media?parent=517825"}],"wp:term":[{"taxonomy":"category","embeddable":true,"href":"https:\/\/www.europesays.com\/fr\/wp-json\/wp\/v2\/categories?post=517825"},{"taxonomy":"post_tag","embeddable":true,"href":"https:\/\/www.europesays.com\/fr\/wp-json\/wp\/v2\/tags?post=517825"}],"curies":[{"name":"wp","href":"https:\/\/api.w.org\/{rel}","templated":true}]}}