{"id":517849,"date":"2025-11-07T08:22:11","date_gmt":"2025-11-07T08:22:11","guid":{"rendered":"https:\/\/www.europesays.com\/fr\/517849\/"},"modified":"2025-11-07T08:22:11","modified_gmt":"2025-11-07T08:22:11","slug":"football-triple-confiance-et-renaissance-esteban-lepaul-illumine-rennes","status":"publish","type":"post","link":"https:\/\/www.europesays.com\/fr\/517849\/","title":{"rendered":"Football. Tripl\u00e9, confiance et renaissance&#8230; Esteban Lepaul illumine Rennes"},"content":{"rendered":"<p>\u00c0 travers le temps maussade d\u2019automne, le rayon de soleil s\u2019appelle Esteban Lepaul \u00e0 Rennes, qui lui doit une grande partie <a href=\"https:\/\/www.ledauphine.com\/sport\/2025\/11\/02\/ligue-1-rennes-atomise-strasbourg-avec-un-grand-lepaul-habib-beye-peut-souffler\" target=\"_blank\" rel=\"nofollow noopener\">de sa victoire face \u00e0 Strasbourg avec son tripl\u00e9 dimanche (4-1).<\/a> Face au Paris FC ce vendredi, les Rennais comptent sur leur p\u00e9pite pour continuer \u00e0 briller.<\/p>\n<p>\u00ab\u00a0Il y en a un qui est encore plus fort que je ne pensais, c\u2019est Esteban. Face au but, c\u2019est un v\u00e9ritable tueur\u00a0\u00bb, avait souffl\u00e9 Habib Beye \u00e0 une poign\u00e9e de journalistes qui assistaient \u00e0 l\u2019un de ses tout premiers entra\u00eenements, d\u00e9but septembre. Et en tant qu\u2019ancien d\u00e9fenseur \u00e0 la carri\u00e8re internationale, le coach s\u00e9n\u00e9galais sait de quoi il parle. Dimanche, Lepaul a \u00e9t\u00e9 le h\u00e9ros du premier match abouti des Bretons cette saison, exposant toute sa palette de pur buteur.<\/p>\n<p>Le premier but a \u00e9t\u00e9 un m\u00e9lange parfait d\u2019intelligence dans le d\u00e9placement et de hargne pour se jeter et couper au premier poteau un centre d\u00e9vi\u00e9 au d\u00e9part. Sur le deuxi\u00e8me, il s\u2019est fait oublier au second poteau pour profiter du gros travail de son comp\u00e8re Kader Me\u00eft\u00e9, et sur le troisi\u00e8me, il a catapult\u00e9 en pleine lucarne et sans contr\u00f4le une ouverture royale de Valentin Rongier. \u00ab\u00a0Celui qui me ressemble le plus, c\u2019est le premier et celui que je pr\u00e9f\u00e8re, c\u2019est le troisi\u00e8me\u00a0\u00bb, avait-il confi\u00e9 en zone mixte apr\u00e8s le match.<\/p>\n<p>  \u00ab\u00a0Un joueur qui est attir\u00e9 par le but\u00a0\u00bb<\/p>\n<p>\u00ab\u00a0Je ne sais pas si je suis le chouchou du Roazhon Park. J\u2019essaie de faire le maximum \u00e0 chaque match. Il y a des matches o\u00f9 on est un peu moins dedans mais j\u2019essaie de combler tout \u00e7a par beaucoup d\u2019efforts, beaucoup d\u2019acharnement\u00a0\u00bb, avait-il modestement expliqu\u00e9.<\/p>\n<p>Au-del\u00e0 de ses performances, le joueur de 25 ans, qui a fait une partie de sa formation \u00e0 l\u2019AS Nancy-Lorraine, affiche une simplicit\u00e9 et une fra\u00eecheur qui le rendent instantan\u00e9ment attachant. Son recrutement en provenance d\u2019Angers pour 15\u00a0millions d\u2019euros, bonus compris, fin ao\u00fbt, avait pourtant suscit\u00e9 une certaine d\u00e9fiance.<\/p>\n<p>Avec ses 50 matches chez les professionnels, il \u00e9tait une sorte de pari pour Rennes dont il n\u2019\u00e9tait d\u2019ailleurs pas le premier choix \u00e0 ce poste, malgr\u00e9 17 buts inscrits toutes comp\u00e9titions confondues la saison derni\u00e8re. D\u00e8s son premier match, et face \u00e0 son ancien club, le SCO, il avait pourtant d\u00e9j\u00e0 trouv\u00e9 le chemin des filets (1-1). Avec un total de 7 buts en 12 tirs cadr\u00e9s et 3 passes d\u00e9cisives, il est d\u00e9cisif toutes les 74 minutes en moyenne et a achev\u00e9 de faire taire toute critique.<\/p>\n<p>\u00ab\u00a0C\u2019est un joueur qui est attir\u00e9 par le but \u00e0 l\u2019entra\u00eenement, qui ne vit que par \u00e7a (et) qui a une \u00e9thique de travail exceptionnelle\u00a0\u00bb, a \u00e9num\u00e9r\u00e9 Beye qui le voulait d\u00e9j\u00e0 quand il dirigeait le Red Star \u00e0 une \u00e9poque o\u00f9 Lepaul brillait avec \u00c9pinal, en National. \u00ab\u00a0On dit souvent qu\u2019un attaquant est attir\u00e9 par le ballon, (mais) si vous regardez bien, Esteban Lepaul est attir\u00e9 par l\u2019espace qui lui permettra de pouvoir encha\u00eener en une touche avec de la spontan\u00e9it\u00e9\u00a0\u00bb, a-t-il ajout\u00e9.<\/p>\n<p>Contre le Paris FC, face \u00e0 qui il avait ouvert son compteur avec Angers lors de la premi\u00e8re journ\u00e9e (1-0), \u00ab\u00a0on va essayer d\u2019aller chercher une autre victoire pour commencer une s\u00e9rie. Et surtout pour partir \u00e0 la tr\u00eave tranquillement, la t\u00eate lib\u00e9r\u00e9e\u00a0\u00bb, a-t-il promis.<\/p>\n","protected":false},"excerpt":{"rendered":"\u00c0 travers le temps maussade d\u2019automne, le rayon de soleil s\u2019appelle Esteban Lepaul \u00e0 Rennes, qui lui doit&hellip;\n","protected":false},"author":2,"featured_media":517850,"comment_status":"","ping_status":"","sticky":false,"template":"","format":"standard","meta":{"footnotes":""},"categories":[2821],"tags":[1111,11,829,1777,674,107,63,1011,27,12,584,25,517,1947],"class_list":{"0":"post-517849","1":"post","2":"type-post","3":"status-publish","4":"format-standard","5":"has-post-thumbnail","7":"category-rennes","8":"tag-actu","9":"tag-actualites","10":"tag-bretagne","11":"tag-eu","12":"tag-europe","13":"tag-fil-info","14":"tag-football","15":"tag-fr","16":"tag-france","17":"tag-news","18":"tag-rennes","19":"tag-republique-francaise","20":"tag-sport","21":"tag-sport-national"},"share_on_mastodon":{"url":"https:\/\/pubeurope.com\/@fr\/115507452074007308","error":""},"_links":{"self":[{"href":"https:\/\/www.europesays.com\/fr\/wp-json\/wp\/v2\/posts\/517849","targetHints":{"allow":["GET"]}}],"collection":[{"href":"https:\/\/www.europesays.com\/fr\/wp-json\/wp\/v2\/posts"}],"about":[{"href":"https:\/\/www.europesays.com\/fr\/wp-json\/wp\/v2\/types\/post"}],"author":[{"embeddable":true,"href":"https:\/\/www.europesays.com\/fr\/wp-json\/wp\/v2\/users\/2"}],"replies":[{"embeddable":true,"href":"https:\/\/www.europesays.com\/fr\/wp-json\/wp\/v2\/comments?post=517849"}],"version-history":[{"count":0,"href":"https:\/\/www.europesays.com\/fr\/wp-json\/wp\/v2\/posts\/517849\/revisions"}],"wp:featuredmedia":[{"embeddable":true,"href":"https:\/\/www.europesays.com\/fr\/wp-json\/wp\/v2\/media\/517850"}],"wp:attachment":[{"href":"https:\/\/www.europesays.com\/fr\/wp-json\/wp\/v2\/media?parent=517849"}],"wp:term":[{"taxonomy":"category","embeddable":true,"href":"https:\/\/www.europesays.com\/fr\/wp-json\/wp\/v2\/categories?post=517849"},{"taxonomy":"post_tag","embeddable":true,"href":"https:\/\/www.europesays.com\/fr\/wp-json\/wp\/v2\/tags?post=517849"}],"curies":[{"name":"wp","href":"https:\/\/api.w.org\/{rel}","templated":true}]}}