{"id":517853,"date":"2025-11-07T08:24:18","date_gmt":"2025-11-07T08:24:18","guid":{"rendered":"https:\/\/www.europesays.com\/fr\/517853\/"},"modified":"2025-11-07T08:24:18","modified_gmt":"2025-11-07T08:24:18","slug":"le-capitaine-de-hacken-a-trouve-certains-joueurs-de-strasbourg-assez-mediocres-c4-j3-hacken-strasbourg-1-2","status":"publish","type":"post","link":"https:\/\/www.europesays.com\/fr\/517853\/","title":{"rendered":"Le capitaine de H\u00e4cken a trouv\u00e9 \u00ab\u00a0certains joueurs de Strasbourg assez m\u00e9diocres\u00a0\u00bb &#8211; C4 &#8211; J3 &#8211; H\u00e4cken-Strasbourg (1-2)"},"content":{"rendered":"<p>Comme quoi, la mauvaise foi, \u00e7a existe partout.<\/p>\n<p>Apr\u00e8s <a target=\"_blank\" href=\"https:\/\/www.sofoot.com\/breves\/ligue-conference-strasbourg-domine-difficilement-hacken#google_vignette\" rel=\"nofollow noopener\">le revers 2-1 de H\u00e4cken<\/a> face \u00e0 Strasbourg ce jeudi, <strong>le capitaine su\u00e9dois Simon Gustafson n\u2019a pas sorti la langue de sapin nordique<\/strong> face <a target=\"_blank\" href=\"https:\/\/www.fotbollskanalen.se\/europa-conference-league-kval\/gustafsons-strasbourg-utspel-nagra-spelare-ar-ganska-medelmattiga\/\" rel=\"nofollow noopener\">\u00e0 la presse locale<\/a>. \u2028\u00ab\u00a0Strasbourg a quelques bons joueurs individuels, mais aussi certains qui sont assez m\u00e9diocres\u00a0\u00bb, a-t-il l\u00e2ch\u00e9, avec le calme d\u2019un type qui a d\u00e9j\u00e0 tout v\u00e9cu. Du moins, ici : \u00ab\u00a0Un match \u00e9quilibr\u00e9. On a bien d\u00e9fendu, on a \u00e9t\u00e9 agressifs, on s\u2019en sort bien sans briller.\u00a0\u00bb<\/p>\n<p>Gustafson, le th\u00e9oricien du football<\/p>\n<p>Toujours aussi inspir\u00e9 face aux micros, le capitaine su\u00e9dois de l\u2019actuel 10e de D1 su\u00e9doise et 28e de C4 a pouss\u00e9 plus loin son analyse. Selon lui, <strong>certains Strasbourgeois n\u2019avaient tout simplement pas le niveau attendu en Coupe d\u2019Europe<\/strong> :\u2028 \u00ab\u00a0Je ne veux pas dire qu\u2019ils sont mauvais\u2026 mais certains n\u2019\u00e9taient pas assez bons pour jouer \u00e0 ce niveau.\u00a0\u00bb Et comme un professeur lass\u00e9 de corriger les m\u00eames copies, il a termin\u00e9 sur une le\u00e7on de football moderne : \u00ab\u00a0Je suis fatigu\u00e9 des d\u00e9fenseurs centraux qui se contentent de passer le ballon au lat\u00e9ral \u00e0 chaque fois et qui pensent qu\u2019ils sont bons. C\u2019est la grande le\u00e7on \u00e0 retenir ici.\u00a0\u00bb<\/p>\n<p>\u00c0 c\u00f4t\u00e9, Amor Layouni, ailier gauche de l\u2019\u00e9quipe, a jou\u00e9 les diplomates nordiques :\u2028\u00ab\u00a0Non, je pense que c\u2019\u00e9taient de bons footballeurs. Ils \u00e9taient rapides, techniques\u2026 On a fait un bon match contre eux.\u00a0\u00bb<\/p>\n<p>Heureusement que Gustafson n\u2019aura pas l\u2019occasion de croiser les Ni\u00e7ois cette saison en Europe.<\/p>\n<p>\t\t\t\t\t\t\t\t\t\t<a class=\"lien-connexe\" href=\"https:\/\/www.sofoot.com\/breves\/ligue-conference-strasbourg-domine-difficilement-hacken\" rel=\"nofollow noopener\" target=\"_blank\">Strasbourg domine difficilement H\u00e4cken et int\u00e8gre le top 8<\/a>\t\t\t\t\t<\/p>\n","protected":false},"excerpt":{"rendered":"Comme quoi, la mauvaise foi, \u00e7a existe partout. Apr\u00e8s le revers 2-1 de H\u00e4cken face \u00e0 Strasbourg ce&hellip;\n","protected":false},"author":2,"featured_media":517854,"comment_status":"","ping_status":"","sticky":false,"template":"","format":"standard","meta":{"footnotes":""},"categories":[2820],"tags":[1111,47,11,61,69,65,64,1777,674,63,1011,27,775,68,66,12,62,70,25,67,640],"class_list":{"0":"post-517853","1":"post","2":"type-post","3":"status-publish","4":"format-standard","5":"has-post-thumbnail","7":"category-strasbourg","8":"tag-actu","9":"tag-actualite","10":"tag-actualites","11":"tag-actus-football","12":"tag-bundesliga","13":"tag-championnats-europeens","14":"tag-equipe-de-france","15":"tag-eu","16":"tag-europe","17":"tag-football","18":"tag-fr","19":"tag-france","20":"tag-grand-est","21":"tag-ligua","22":"tag-ligue-1","23":"tag-news","24":"tag-news-foot","25":"tag-premier-league","26":"tag-republique-francaise","27":"tag-serie-a","28":"tag-strasbourg"},"share_on_mastodon":{"url":"https:\/\/pubeurope.com\/@fr\/115507459812419612","error":""},"_links":{"self":[{"href":"https:\/\/www.europesays.com\/fr\/wp-json\/wp\/v2\/posts\/517853","targetHints":{"allow":["GET"]}}],"collection":[{"href":"https:\/\/www.europesays.com\/fr\/wp-json\/wp\/v2\/posts"}],"about":[{"href":"https:\/\/www.europesays.com\/fr\/wp-json\/wp\/v2\/types\/post"}],"author":[{"embeddable":true,"href":"https:\/\/www.europesays.com\/fr\/wp-json\/wp\/v2\/users\/2"}],"replies":[{"embeddable":true,"href":"https:\/\/www.europesays.com\/fr\/wp-json\/wp\/v2\/comments?post=517853"}],"version-history":[{"count":0,"href":"https:\/\/www.europesays.com\/fr\/wp-json\/wp\/v2\/posts\/517853\/revisions"}],"wp:featuredmedia":[{"embeddable":true,"href":"https:\/\/www.europesays.com\/fr\/wp-json\/wp\/v2\/media\/517854"}],"wp:attachment":[{"href":"https:\/\/www.europesays.com\/fr\/wp-json\/wp\/v2\/media?parent=517853"}],"wp:term":[{"taxonomy":"category","embeddable":true,"href":"https:\/\/www.europesays.com\/fr\/wp-json\/wp\/v2\/categories?post=517853"},{"taxonomy":"post_tag","embeddable":true,"href":"https:\/\/www.europesays.com\/fr\/wp-json\/wp\/v2\/tags?post=517853"}],"curies":[{"name":"wp","href":"https:\/\/api.w.org\/{rel}","templated":true}]}}