{"id":517856,"date":"2025-11-07T08:26:21","date_gmt":"2025-11-07T08:26:21","guid":{"rendered":"https:\/\/www.europesays.com\/fr\/517856\/"},"modified":"2025-11-07T08:26:21","modified_gmt":"2025-11-07T08:26:21","slug":"les-excuses-de-melvin-bard-apres-ses-deux-enormes-erreurs-qui-ont-provoque-la-defaite-de-logc-nice-contre-fribourg-en-ligue-europa","status":"publish","type":"post","link":"https:\/\/www.europesays.com\/fr\/517856\/","title":{"rendered":"les excuses de Melvin Bard apr\u00e8s ses deux \u00e9normes erreurs qui ont provoqu\u00e9 la d\u00e9faite de l\u2019OGC Nice contre Fribourg en Ligue Europa"},"content":{"rendered":"<p class=\"fs-5 \">Un match cauchemardesque. Capitaine de l\u2019OGC Nice en l\u2019absence de Dante,<strong> Melvin Bard a v\u00e9cu \u00ab\u00a0l\u2019un des pires matchs\u00a0\u00bb <\/strong>de sa carri\u00e8re contre Fribourg en Ligue Europa <a href=\"https:\/\/www.nicematin.com\/sports\/desesperant-l-ogc-nice-s-effondre-face-a-fribourg-1-3-et-reste-toujours-sans-point-en-ligue-europa-10655637\" target=\"_blank\" rel=\"noopener\">(d\u00e9faite 1-3\u00a0\u00e0 l\u2019Allianz Riviera).<\/a><\/p>\n<p class=\"fs-5 \">Alors que l\u2019OGC Nice menait 1-0\u00a0apr\u00e8s l\u2019ouverture du score de Kevin Carlos, le d\u00e9fenseur ni\u00e7ois a commis <strong>deux grosses boulettes en 4\u00a0minutes<\/strong> qui ont pr\u00e9cipit\u00e9 les Aiglons dans le pr\u00e9cipice.<\/p>\n<p class=\"fs-5 \">Une mauvaise conduite de balle dans la surface a d\u2019abord conduit \u00e0 l\u2019\u00e9galisation des Allemands puis un mauvais contr\u00f4le l\u2019a oblig\u00e9 \u00e0 conc\u00e9der un p\u00e9nalty. Un p\u00e9nalty transform\u00e9.<\/p>\n<p>                                                                                \u00ab\u00a0J\u2019en prends la responsabilit\u00e9\u00a0\u00bb<\/p>\n<p class=\"fs-5 \">Deux \u00e9normes cadeaux de Melvin Bard&#8230; alors que le joueur f\u00eatait son anniversaire sur la pelouse de l\u2019Allianz Riviera.<\/p>\n<p class=\"fs-5 \">Le gaucher a publi\u00e9 un message sur Instagram apr\u00e8s le coup de sifflet finale pour assumer ses responsabilit\u00e9s. \u00ab \u00c7a a \u00e9t\u00e9 un de mes pires matchs ce soir et l\u2019\u00e9quipe en a souffert, a-t-il \u00e9crit. <strong>C\u2019\u00e9tait pas digne de vous<\/strong> et je tenais \u00e0 vous dire que j\u2019en prends la responsabilit\u00e9. A moi de bosser dur et de montrer un meilleur visage. Merci pour votre soutien sans faille.\u00a0\u00bb<\/p>\n<p>        <img decoding=\"async\" src=\"https:\/\/www.europesays.com\/fr\/wp-content\/uploads\/2025\/11\/ARTVIEW-10655656-ORIG-d82163e_upload-1-2t7d72quanzj-fkejkgjkejgkej.PNG\" class=\"figure-img img-fluid rounded\" alt=\"A generic square placeholder image with rounded corners in a figure.\"\/><\/p>\n<p class=\"fs-5 \">Interrog\u00e9 apr\u00e8s le match, le coach de l\u2019OGC Nice Franck n\u2019a pas accabl\u00e9 son capitaine. \u00ab\u00a0\u00ab\u00a0Oui, il y a des erreurs individuelles. Mais on fait quoi derri\u00e8re, on rebondit ensemble ou pas\u00a0? Sur le troisi\u00e8me but, il n\u2019y a pas de repli, tout est ouvert&#8230; Et \u00e0 3-1 \u00e0 la mi-temps en Coupe d\u2019Europe&#8230; Tout le monde doit faire mieux. On n\u2019est pas au niveau.\u00a0\u00bb<\/p>\n","protected":false},"excerpt":{"rendered":"Un match cauchemardesque. Capitaine de l\u2019OGC Nice en l\u2019absence de Dante, Melvin Bard a v\u00e9cu \u00ab\u00a0l\u2019un des pires&hellip;\n","protected":false},"author":2,"featured_media":517857,"comment_status":"","ping_status":"","sticky":false,"template":"","format":"standard","meta":{"footnotes":""},"categories":[2819],"tags":[1111,11,1777,674,1011,27,12,2401,54521,882,25],"class_list":{"0":"post-517856","1":"post","2":"type-post","3":"status-publish","4":"format-standard","5":"has-post-thumbnail","7":"category-nice","8":"tag-actu","9":"tag-actualites","10":"tag-eu","11":"tag-europe","12":"tag-fr","13":"tag-france","14":"tag-news","15":"tag-nice","16":"tag-ogcnice","17":"tag-provence-alpes-cote-dazur","18":"tag-republique-francaise"},"share_on_mastodon":{"url":"https:\/\/pubeurope.com\/@fr\/115507468587701542","error":""},"_links":{"self":[{"href":"https:\/\/www.europesays.com\/fr\/wp-json\/wp\/v2\/posts\/517856","targetHints":{"allow":["GET"]}}],"collection":[{"href":"https:\/\/www.europesays.com\/fr\/wp-json\/wp\/v2\/posts"}],"about":[{"href":"https:\/\/www.europesays.com\/fr\/wp-json\/wp\/v2\/types\/post"}],"author":[{"embeddable":true,"href":"https:\/\/www.europesays.com\/fr\/wp-json\/wp\/v2\/users\/2"}],"replies":[{"embeddable":true,"href":"https:\/\/www.europesays.com\/fr\/wp-json\/wp\/v2\/comments?post=517856"}],"version-history":[{"count":0,"href":"https:\/\/www.europesays.com\/fr\/wp-json\/wp\/v2\/posts\/517856\/revisions"}],"wp:featuredmedia":[{"embeddable":true,"href":"https:\/\/www.europesays.com\/fr\/wp-json\/wp\/v2\/media\/517857"}],"wp:attachment":[{"href":"https:\/\/www.europesays.com\/fr\/wp-json\/wp\/v2\/media?parent=517856"}],"wp:term":[{"taxonomy":"category","embeddable":true,"href":"https:\/\/www.europesays.com\/fr\/wp-json\/wp\/v2\/categories?post=517856"},{"taxonomy":"post_tag","embeddable":true,"href":"https:\/\/www.europesays.com\/fr\/wp-json\/wp\/v2\/tags?post=517856"}],"curies":[{"name":"wp","href":"https:\/\/api.w.org\/{rel}","templated":true}]}}