{"id":517885,"date":"2025-11-07T08:54:13","date_gmt":"2025-11-07T08:54:13","guid":{"rendered":"https:\/\/www.europesays.com\/fr\/517885\/"},"modified":"2025-11-07T08:54:13","modified_gmt":"2025-11-07T08:54:13","slug":"nous-avons-du-gagner-la-confiance-des-jeunes-a-paris-deux-fois-plus-de-mediateurs-pour-prevenir-les-rixes","status":"publish","type":"post","link":"https:\/\/www.europesays.com\/fr\/517885\/","title":{"rendered":"\u00ab\u00a0Nous avons d\u00fb gagner la confiance des jeunes\u00a0\u00bb\u00a0: \u00e0 Paris, deux fois plus de m\u00e9diateurs pour pr\u00e9venir les rixes"},"content":{"rendered":"<p class=\"paragraph text_align_left lp-f-body-02\">Mamadou est d\u00e9sempar\u00e9. Depuis quelques mois, son fils de 18 ans <a href=\"https:\/\/www.leparisien.fr\/faits-divers\/dans-la-tete-des-ados-qui-vont-au-lycee-avec-un-couteau-sans-ca-tu-ne-peux-pas-te-defendre-25-05-2025-JKMJITOI3BBIDFRIVB2W4VSATA.php\" target=\"_self\" rel=\"nofollow noopener\">se prom\u00e8ne avec un couteau sur lui<\/a>. \u00ab C\u2019est son petit fr\u00e8re qui m\u2019a pr\u00e9venu, glisse le p\u00e8re de famille, en d\u00e9signant le jeune coll\u00e9gien. Je ne comprends pas pourquoi il a \u00e7a avec lui, \u00e7a me fait peur. \u00bb<\/p>\n<p class=\"paragraph text_align_left lp-f-body-02\">Mamadou a pourtant d\u00e9j\u00e0 tent\u00e9 de parler \u00e0 son a\u00een\u00e9 \u00e0 plusieurs reprises. Il a aussi essay\u00e9 de lui confisquer la lame. En vain. Ce mercredi apr\u00e8s-midi, des m\u00e9diateurs de la Ville de Paris lui tendent justement un d\u00e9pliant sur le sujet, au pied de son immeuble, \u00e0 deux pas du m\u00e9tro Couronnes (<a href=\"https:\/\/www.leparisien.fr\/paris-75\/paris-75020\/\" target=\"_blank\" rel=\"noreferrer nofollow noopener\">XXe arrondissement<\/a>).<\/p>\n","protected":false},"excerpt":{"rendered":"Mamadou est d\u00e9sempar\u00e9. Depuis quelques mois, son fils de 18 ans se prom\u00e8ne avec un couteau sur lui.&hellip;\n","protected":false},"author":2,"featured_media":517886,"comment_status":"","ping_status":"","sticky":false,"template":"","format":"standard","meta":{"footnotes":""},"categories":[1888],"tags":[11,1777,674,118,1011,27,1944,12,626,25],"class_list":{"0":"post-517885","1":"post","2":"type-post","3":"status-publish","4":"format-standard","5":"has-post-thumbnail","7":"category-paris","8":"tag-actualites","9":"tag-eu","10":"tag-europe","11":"tag-faits-divers","12":"tag-fr","13":"tag-france","14":"tag-ma-ville","15":"tag-news","16":"tag-paris","17":"tag-republique-francaise"},"share_on_mastodon":{"url":"https:\/\/pubeurope.com\/@fr\/115507577829450958","error":""},"_links":{"self":[{"href":"https:\/\/www.europesays.com\/fr\/wp-json\/wp\/v2\/posts\/517885","targetHints":{"allow":["GET"]}}],"collection":[{"href":"https:\/\/www.europesays.com\/fr\/wp-json\/wp\/v2\/posts"}],"about":[{"href":"https:\/\/www.europesays.com\/fr\/wp-json\/wp\/v2\/types\/post"}],"author":[{"embeddable":true,"href":"https:\/\/www.europesays.com\/fr\/wp-json\/wp\/v2\/users\/2"}],"replies":[{"embeddable":true,"href":"https:\/\/www.europesays.com\/fr\/wp-json\/wp\/v2\/comments?post=517885"}],"version-history":[{"count":0,"href":"https:\/\/www.europesays.com\/fr\/wp-json\/wp\/v2\/posts\/517885\/revisions"}],"wp:featuredmedia":[{"embeddable":true,"href":"https:\/\/www.europesays.com\/fr\/wp-json\/wp\/v2\/media\/517886"}],"wp:attachment":[{"href":"https:\/\/www.europesays.com\/fr\/wp-json\/wp\/v2\/media?parent=517885"}],"wp:term":[{"taxonomy":"category","embeddable":true,"href":"https:\/\/www.europesays.com\/fr\/wp-json\/wp\/v2\/categories?post=517885"},{"taxonomy":"post_tag","embeddable":true,"href":"https:\/\/www.europesays.com\/fr\/wp-json\/wp\/v2\/tags?post=517885"}],"curies":[{"name":"wp","href":"https:\/\/api.w.org\/{rel}","templated":true}]}}