{"id":517891,"date":"2025-11-07T08:57:15","date_gmt":"2025-11-07T08:57:15","guid":{"rendered":"https:\/\/www.europesays.com\/fr\/517891\/"},"modified":"2025-11-07T08:57:15","modified_gmt":"2025-11-07T08:57:15","slug":"guerre-en-ukraine-fixeur-pour-tf1-et-lci-anton-bondarenko-est-mort-sur-le-front","status":"publish","type":"post","link":"https:\/\/www.europesays.com\/fr\/517891\/","title":{"rendered":"Guerre en Ukraine : fixeur pour TF1 et LCI, Anton Bondarenko est mort sur le front"},"content":{"rendered":"<ul class=\"jsx-862013697 ArticleChapo__List\">\n<li class=\"jsx-862013697 ArticleChapo__List_Item flex\">Anton Bondarenko, 26 ans, \u00e9tait fixeur pour nos reporters en Ukraine.<\/li>\n<li class=\"jsx-862013697 ArticleChapo__List_Item flex\">Devenu soldat, il est mort sur le front.<\/li>\n<li class=\"jsx-862013697 ArticleChapo__List_Item flex\">Les r\u00e9dactions de TF1 et LCI lui rendent hommage.<\/li>\n<\/ul>\n<p data-module=\"article-paragraph\" class=\"jsx-3046738180 Paragraph Paragraph__End\">Dans les zones de conflit, <a href=\"https:\/\/www.tf1info.fr\/international\/video-guerre-ukraine-russie-la-menace-des-drones-russes-omnipresente-2392995.html\" target=\"_blank\" rel=\"noopener\">aucun reportage<\/a> n&rsquo;est possible sans fixeurs. Depuis f\u00e9vrier 2022, date de l&rsquo;invasion russe en Ukraine, Anton Bondarenko, 26 ans, \u00e9tait l&rsquo;un d&rsquo;entre eux. Il \u00e9tait \u00e0 la fois le guide, le traducteur et le compagnon de route des reporters de TF1 et LCI. Il a ensuite d\u00e9cid\u00e9 de s&rsquo;engager dans l&rsquo;arm\u00e9e. Il est mort sur le front en d\u00e9fendant son pays.\u00a0<\/p>\n<p data-module=\"article-paragraph\" class=\"jsx-3046738180 Paragraph Paragraph__End\">Notre journaliste Charline Hurel a partag\u00e9 son quotidien lors de la guerre en Ukraine. \u00ab\u00a0Tu nous as permis de documenter cette \u00e9pouvantable guerre. Tu m\u2019as ouvert les portes de ton pays pour mieux le comprendre. Gr\u00e2ce \u00e0 toi, nous avons pu donner la parole \u00e0<a href=\"https:\/\/www.tf1info.fr\/international\/video-guerre-ukraine-russie-document-lci-guerre-en-ukraine-pres-du-front-de-l-est-les-civils-partages-entre-resilience-et-epuisement-2313295.html\" target=\"_blank\" rel=\"noopener\"> tous ces habitants<\/a> qui vivent avec la menace constante de la mort, faire entendre la voix de ceux qui souffrent. Montrer aussi ce que l\u2019\u00eatre humain peut endurer pour d\u00e9fendre son pays, sa libert\u00e9\u00a0\u00bb, \u00e9crit-elle, jeudi 6 novembre, dans un hommage publi\u00e9 sur Instagram.<\/p>\n<p><a href=\"https:\/\/www.tf1info.fr\/regions\/video-les-filets-sauvent-des-vies-des-pecheurs-bretons-aident-l-ukraine-a-se-proteger-des-drones-russes-2402795.html\" rel=\"noopener\" class=\"jsx-3308031228 Link flex\" target=\"_blank\"><img decoding=\"async\" src=\"https:\/\/www.europesays.com\/fr\/wp-content\/uploads\/2025\/11\/filets-de-peche-bretagne-guerre-ukraine-drones-russes-26-10-04c38f-0@1x.jpeg\" alt=\"capture LCI\" loading=\"lazy\" importance=\"low\" fetchpriority=\"low\" class=\"\" aria-hidden=\"true\"\/><\/p>\n<p class=\"jsx-3657663356 ReadMoreArticle__Title\">Lire aussi<\/p>\n<p class=\"jsx-3657663356\">\u00ab\u00a0Les filets sauvent des vies\u00a0\u00bb : des p\u00eacheurs bretons aident l&rsquo;Ukraine \u00e0 se prot\u00e9ger des drones russes<\/p>\n<p><\/a><\/p>\n<p data-module=\"article-paragraph\" class=\"jsx-3046738180 Paragraph Paragraph__End\">\u00ab\u00a0Ta joie de vivre paraissait faire rempart \u00e0 la mort, jusqu\u2019\u00e0 ce qu\u2019un drone russe fauche toutes ces ann\u00e9es que tu avais encore \u00e0 vivre. [&#8230;] Tu as voulu t\u2019engager dans ton arm\u00e9e pour d\u00e9fendre ton pays, tu ne supportais plus de voir mourir autant d\u2019innocents. Tu \u00e9tais ce soleil au milieu des t\u00e9n\u00e8bres. On ne peut rien face \u00e0 la guerre. Repose en paix mon Anton\u00a0\u00bb, conclut-elle.\u00a0<\/p>\n<p>Emma ALLAMAND<\/p>\n","protected":false},"excerpt":{"rendered":"Anton Bondarenko, 26 ans, \u00e9tait fixeur pour nos reporters en Ukraine. Devenu soldat, il est mort sur le&hellip;\n","protected":false},"author":2,"featured_media":517892,"comment_status":"","ping_status":"","sticky":false,"template":"","format":"standard","meta":{"footnotes":""},"categories":[1590],"tags":[1111,11,1921,6778,1777,674,1922,12,220,1917,133,1920],"class_list":{"0":"post-517891","1":"post","2":"type-post","3":"status-publish","4":"format-standard","5":"has-post-thumbnail","7":"category-ukraine","8":"tag-actu","9":"tag-actualites","10":"tag-article-video","11":"tag-bonjour-la-matinale-tf1","12":"tag-eu","13":"tag-europe","14":"tag-info","15":"tag-news","16":"tag-ukraine","17":"tag-ukraine-4-annee-de-guerre","18":"tag-video","19":"tag-video-international"},"share_on_mastodon":{"url":"https:\/\/pubeurope.com\/@fr\/115507590471492170","error":""},"_links":{"self":[{"href":"https:\/\/www.europesays.com\/fr\/wp-json\/wp\/v2\/posts\/517891","targetHints":{"allow":["GET"]}}],"collection":[{"href":"https:\/\/www.europesays.com\/fr\/wp-json\/wp\/v2\/posts"}],"about":[{"href":"https:\/\/www.europesays.com\/fr\/wp-json\/wp\/v2\/types\/post"}],"author":[{"embeddable":true,"href":"https:\/\/www.europesays.com\/fr\/wp-json\/wp\/v2\/users\/2"}],"replies":[{"embeddable":true,"href":"https:\/\/www.europesays.com\/fr\/wp-json\/wp\/v2\/comments?post=517891"}],"version-history":[{"count":0,"href":"https:\/\/www.europesays.com\/fr\/wp-json\/wp\/v2\/posts\/517891\/revisions"}],"wp:featuredmedia":[{"embeddable":true,"href":"https:\/\/www.europesays.com\/fr\/wp-json\/wp\/v2\/media\/517892"}],"wp:attachment":[{"href":"https:\/\/www.europesays.com\/fr\/wp-json\/wp\/v2\/media?parent=517891"}],"wp:term":[{"taxonomy":"category","embeddable":true,"href":"https:\/\/www.europesays.com\/fr\/wp-json\/wp\/v2\/categories?post=517891"},{"taxonomy":"post_tag","embeddable":true,"href":"https:\/\/www.europesays.com\/fr\/wp-json\/wp\/v2\/tags?post=517891"}],"curies":[{"name":"wp","href":"https:\/\/api.w.org\/{rel}","templated":true}]}}