{"id":517897,"date":"2025-11-07T09:00:28","date_gmt":"2025-11-07T09:00:28","guid":{"rendered":"https:\/\/www.europesays.com\/fr\/517897\/"},"modified":"2025-11-07T09:00:28","modified_gmt":"2025-11-07T09:00:28","slug":"rebond-des-exportations-en-septembre-grace-aux-etats-unis","status":"publish","type":"post","link":"https:\/\/www.europesays.com\/fr\/517897\/","title":{"rendered":"rebond des exportations en septembre gr\u00e2ce aux \u00c9tats-Unis"},"content":{"rendered":"<p class=\"fig-paragraph\">Les\u00a0<a href=\"https:\/\/www.lefigaro.fr\/conjoncture\/le-moteur-allemand-des-exportations-s-essouffle-20230807\" target=\"_blank\" data-fig-type=\"Article\" rel=\"noopener\" data-gtm-custom-categorie=\"navigation\" data-gtm-custom-action=\"crossclick\" data-gtm-custom-label=\"Contextuel\" data-gtm-event=\"customEventSPE\" data-fig-domain=\"LEFIGARO\">exportations allemandes<\/a>\u00a0ont rebondi plus que pr\u00e9vu en septembre apr\u00e8s deux mois cons\u00e9cutifs de chute, tir\u00e9es par les \u00e9changes avec les \u00c9tats-Unis, son principal partenaire commercial, en d\u00e9pit des droits de douane, selon des donn\u00e9es officielles publi\u00e9es vendredi. Les exportations de produits made in Germany ont progress\u00e9 de 1,4% par rapport \u00e0 ao\u00fbt, atteignant 131,1 milliards d&rsquo;euros, en donn\u00e9es corrig\u00e9es des variations saisonni\u00e8res et calendaires (CVS), selon l&rsquo;institut Destatis. Les analystes sond\u00e9s par la plateforme Factset, moins optimiste, tablaient sur une progression de 0,5%.<\/p>\n<p class=\"fig-paragraph\">Depuis juillet, l&rsquo;indicateur reculait, principalement sous l&rsquo;effet des droits de douane am\u00e9ricains. Mais en septembre, les exportations vers les \u00c9tats-Unis, qui demeurent le premier partenaire commercial, ont \u00abaugment\u00e9 pour la premi\u00e8re fois apr\u00e8s cinq baisses cons\u00e9cutives\u00bb, indique le communiqu\u00e9. Des marchandises d&rsquo;une valeur de 12,2 milliards d&rsquo;euros y ont \u00e9t\u00e9 export\u00e9es, soit une augmentation de 11,9 % par rapport \u00e0 ao\u00fbt. En \u00e9volution annuelle, le volume des exportations vers les \u00c9tats-Unis a n\u00e9anmoins diminu\u00e9 de 14%.<\/p>\n<p class=\"fig-body-link\">\n            \u00c0 lire aussi<br \/>\n        <a class=\"fig-body-link__link\" href=\"http:\/\/www.lefigaro.fr\/flash-eco\/allemagne-merz-soutient-la-commission-europeenne-contre-l-acier-subventionne-de-chine-20251106\" target=\"_blank\" data-fig-type=\"NewsFlash\" rel=\"noopener\" data-gtm-custom-categorie=\"navigation\" data-gtm-custom-action=\"crossclick\" data-gtm-custom-label=\"Contextuel\" data-gtm-event=\"customEventSPE\" data-fig-domain=\"LEFIGARO\"><\/p>\n<p>        Allemagne\u00a0: Friedrich Merz soutient la Commission europ\u00e9enne contre l&rsquo;acier subventionn\u00e9 de Chine<br \/>\n    <\/a>\n<\/p>\n<p>                                    <a class=\"fig-a11y-skip a11y-hidden\" href=\"#fig-a11y-skip-main-inarticle\"><br \/>\n        Passer la publicit\u00e9<br \/>\n    <\/a><\/p>\n<p>Des droits de douane lourds \u00e0 porter<\/p>\n<p class=\"fig-paragraph\">\u00abLes droits de douane am\u00e9ricains p\u00e8sent toujours sur les exportations et montreront probablement leur plein effet au cours des prochains mois, sans oublier le risque de nouveaux tarifs\u00bb, analyse Carsten Brzeski de la banque ING. Le rebond de septembre est donc \u00abtrop faible pour dissiper les inqui\u00e9tudes\u00bb. D&rsquo;autant que l&#8217;embellie des exportations est effac\u00e9e par une hausse plus forte des importations, de 3,1% sur un mois. Ainsi, la balance commerciale affiche un exc\u00e9dent de 15,3 milliards d&rsquo;euros, contre 16,9 milliards en ao\u00fbt et 18 milliards en septembre 2024. En septembre, les exportations vers la Chine, longtemps principale terre d&rsquo;accueil pour le Made in Germany, ont diminu\u00e9 de 2,2% sur un mois, tandis que celles vers les pays de l&rsquo;UE ont grimp\u00e9 de 2,5%.<\/p>\n<p class=\"fig-paragraph\">La perte d&rsquo;attractivit\u00e9 du Made in Germany prend sa source dans la crise de l&rsquo;industrie allemande, qui se poursuit apr\u00e8s deux ann\u00e9es de r\u00e9cession cons\u00e9cutives. L&rsquo;industrie a besoin d&rsquo;une \u00abprotection contre le commerce ext\u00e9rieur\u00bb, face aux droits de douane am\u00e9ricains \u00e9lev\u00e9s et \u00e0 la concurrence chinoise, a martel\u00e9 jeudi le chancelier Friedrich Merz lors d&rsquo;un sommet de crise du secteur sid\u00e9rurgique. Le dirigeant conservateur s&rsquo;est engag\u00e9 \u00e0 soutenir le plan d&rsquo;action de la Commission Europ\u00e9enne pour r\u00e9duire les importations d&rsquo;acier chinois dans l&rsquo;UE. Pour soulager le secteur manufacturier, la coalition entre conservateurs et sociaux-d\u00e9mocrates travaille \u00e9galement \u00e0 un prix de l&rsquo;\u00e9lectricit\u00e9 r\u00e9duit pour l&rsquo;industrie de 2026 \u00e0 2029.<\/p>\n","protected":false},"excerpt":{"rendered":"Les\u00a0exportations allemandes\u00a0ont rebondi plus que pr\u00e9vu en septembre apr\u00e8s deux mois cons\u00e9cutifs de chute, tir\u00e9es par les \u00e9changes&hellip;\n","protected":false},"author":2,"featured_media":517898,"comment_status":"","ping_status":"","sticky":false,"template":"","format":"standard","meta":{"footnotes":""},"categories":[1587],"tags":[11,672,1804,1805,1803,1777,674,21821,1801,12,1802,308],"class_list":{"0":"post-517897","1":"post","2":"type-post","3":"status-publish","4":"format-standard","5":"has-post-thumbnail","7":"category-allemagne","8":"tag-actualites","9":"tag-allemagne","10":"tag-bundesrepublik-deutschland","11":"tag-de","12":"tag-deutschland","13":"tag-eu","14":"tag-europe","15":"tag-exportations","16":"tag-germany","17":"tag-news","18":"tag-republique-federale-dallemagne","19":"tag-usa"},"share_on_mastodon":{"url":"https:\/\/pubeurope.com\/@fr\/115507601320248540","error":""},"_links":{"self":[{"href":"https:\/\/www.europesays.com\/fr\/wp-json\/wp\/v2\/posts\/517897","targetHints":{"allow":["GET"]}}],"collection":[{"href":"https:\/\/www.europesays.com\/fr\/wp-json\/wp\/v2\/posts"}],"about":[{"href":"https:\/\/www.europesays.com\/fr\/wp-json\/wp\/v2\/types\/post"}],"author":[{"embeddable":true,"href":"https:\/\/www.europesays.com\/fr\/wp-json\/wp\/v2\/users\/2"}],"replies":[{"embeddable":true,"href":"https:\/\/www.europesays.com\/fr\/wp-json\/wp\/v2\/comments?post=517897"}],"version-history":[{"count":0,"href":"https:\/\/www.europesays.com\/fr\/wp-json\/wp\/v2\/posts\/517897\/revisions"}],"wp:featuredmedia":[{"embeddable":true,"href":"https:\/\/www.europesays.com\/fr\/wp-json\/wp\/v2\/media\/517898"}],"wp:attachment":[{"href":"https:\/\/www.europesays.com\/fr\/wp-json\/wp\/v2\/media?parent=517897"}],"wp:term":[{"taxonomy":"category","embeddable":true,"href":"https:\/\/www.europesays.com\/fr\/wp-json\/wp\/v2\/categories?post=517897"},{"taxonomy":"post_tag","embeddable":true,"href":"https:\/\/www.europesays.com\/fr\/wp-json\/wp\/v2\/tags?post=517897"}],"curies":[{"name":"wp","href":"https:\/\/api.w.org\/{rel}","templated":true}]}}