{"id":517905,"date":"2025-11-07T09:04:12","date_gmt":"2025-11-07T09:04:12","guid":{"rendered":"https:\/\/www.europesays.com\/fr\/517905\/"},"modified":"2025-11-07T09:04:12","modified_gmt":"2025-11-07T09:04:12","slug":"gerard-depardieu-se-separe-de-son-avocat-jeremie-assous-liberation","status":"publish","type":"post","link":"https:\/\/www.europesays.com\/fr\/517905\/","title":{"rendered":"G\u00e9rard Depardieu se s\u00e9pare de son avocat J\u00e9r\u00e9mie Assous \u2013 Lib\u00e9ration"},"content":{"rendered":"<p class=\"sc-cPiKLX AiZTS text-element\">Changement de strat\u00e9gie pour l\u2019acteur G\u00e9rard Depardieu, mis en cause dans plusieurs affaires d\u2019agressions sexuelles et de viols pr\u00e9sum\u00e9s, et en conflit devant les tribunaux avec de nombreux titres de presse, dont Lib\u00e9ration. Selon nos informations, l\u2019acteur a cess\u00e9 sa collaboration avec <a href=\"https:\/\/www.liberation.fr\/checknews\/jeremie-assous-avocat-de-gerard-depardieu-la-face-sombre-du-sale-gosse-du-barreau-20250415_3QIN7RJOVJBS3GCJV7UNERRENQ\/?redirected=1\" target=\"_blank\" rel=\"noreferrer nofollow noopener\" title=\"https:\/\/www.liberation.fr\/checknews\/jeremie-assous-avocat-de-gerard-depardieu-la-face-sombre-du-sale-gosse-du-barreau-20250415_3QIN7RJOVJBS3GCJV7UNERRENQ\/?redirected=1\">le tr\u00e8s m\u00e9diatique avocat J\u00e9r\u00e9mie Assous<\/a> concernant ses dossiers en cours au p\u00e9nal (<a href=\"https:\/\/www.liberation.fr\/culture\/proces-de-gerard-depardieu-le-jugement-attendu-ce-mardi-jour-de-louverture-du-festival-de-cannes-20250512_AZEO4V22DBCNJEUXPGRGQPKPRY\/\" target=\"_blank\" rel=\"noreferrer nofollow noopener\" title=\"https:\/\/www.liberation.fr\/culture\/proces-de-gerard-depardieu-le-jugement-attendu-ce-mardi-jour-de-louverture-du-festival-de-cannes-20250512_AZEO4V22DBCNJEUXPGRGQPKPRY\/\">le tournage des Volets verts<\/a> et <a href=\"https:\/\/www.liberation.fr\/societe\/police-justice\/affaire-depardieu-charlotte-arnould-depose-plainte-contre-me-jeremie-assous-aupres-de-lordre-des-avocats-20250917_AOS3GDMZB5HMNGCZ3LQJEP3JDE\/\" target=\"_blank\" rel=\"noreferrer nofollow noopener\" title=\"https:\/\/www.liberation.fr\/societe\/police-justice\/af&lt;\/p&gt;&lt;\/div&gt;&lt;\/article&gt;&lt;\/div&gt;&lt;div data-fusion-lazy-id=\" f0f8vgvlad832fw=\"\"><\/p>\n","protected":false},"excerpt":{"rendered":"Changement de strat\u00e9gie pour l\u2019acteur G\u00e9rard Depardieu, mis en cause dans plusieurs affaires d\u2019agressions sexuelles et de viols&hellip;\n","protected":false},"author":2,"featured_media":517906,"comment_status":"","ping_status":"","sticky":false,"template":"","format":"standard","meta":{"footnotes":""},"categories":[2],"tags":[11,1011,27,302,12,25,799],"class_list":{"0":"post-517905","1":"post","2":"type-post","3":"status-publish","4":"format-standard","5":"has-post-thumbnail","7":"category-actualites","8":"tag-actualites","9":"tag-fr","10":"tag-france","11":"tag-gerard-depardieu","12":"tag-news","13":"tag-republique-francaise","14":"tag-violences-sexuelles"},"share_on_mastodon":{"url":"https:\/\/pubeurope.com\/@fr\/115507617091421018","error":""},"_links":{"self":[{"href":"https:\/\/www.europesays.com\/fr\/wp-json\/wp\/v2\/posts\/517905","targetHints":{"allow":["GET"]}}],"collection":[{"href":"https:\/\/www.europesays.com\/fr\/wp-json\/wp\/v2\/posts"}],"about":[{"href":"https:\/\/www.europesays.com\/fr\/wp-json\/wp\/v2\/types\/post"}],"author":[{"embeddable":true,"href":"https:\/\/www.europesays.com\/fr\/wp-json\/wp\/v2\/users\/2"}],"replies":[{"embeddable":true,"href":"https:\/\/www.europesays.com\/fr\/wp-json\/wp\/v2\/comments?post=517905"}],"version-history":[{"count":0,"href":"https:\/\/www.europesays.com\/fr\/wp-json\/wp\/v2\/posts\/517905\/revisions"}],"wp:featuredmedia":[{"embeddable":true,"href":"https:\/\/www.europesays.com\/fr\/wp-json\/wp\/v2\/media\/517906"}],"wp:attachment":[{"href":"https:\/\/www.europesays.com\/fr\/wp-json\/wp\/v2\/media?parent=517905"}],"wp:term":[{"taxonomy":"category","embeddable":true,"href":"https:\/\/www.europesays.com\/fr\/wp-json\/wp\/v2\/categories?post=517905"},{"taxonomy":"post_tag","embeddable":true,"href":"https:\/\/www.europesays.com\/fr\/wp-json\/wp\/v2\/tags?post=517905"}],"curies":[{"name":"wp","href":"https:\/\/api.w.org\/{rel}","templated":true}]}}