{"id":517909,"date":"2025-11-07T09:06:12","date_gmt":"2025-11-07T09:06:12","guid":{"rendered":"https:\/\/www.europesays.com\/fr\/517909\/"},"modified":"2025-11-07T09:06:12","modified_gmt":"2025-11-07T09:06:12","slug":"rory-mcilroy-sportif-de-lannee-cest-lannee-ou-jamais-selon-le-nord-irlandais","status":"publish","type":"post","link":"https:\/\/www.europesays.com\/fr\/517909\/","title":{"rendered":"Rory McIlroy sportif de l&rsquo;ann\u00e9e ? C&rsquo;est l&rsquo;ann\u00e9e ou jamais selon le Nord-Irlandais"},"content":{"rendered":"<p>\t\t\t\t\t\t<img width=\"770\" height=\"556\" src=\"https:\/\/www.europesays.com\/fr\/wp-content\/uploads\/2025\/06\/rory-mcilroy-ryder-cup-770x556.jpg\" class=\"img-responsive wp-post-image\" alt=\"Rory McIlroy Mike Ehrmann\/USGA\" decoding=\"async\" fetchpriority=\"high\"  \/>\t\t\t\t\t<\/p>\n<p>\t\t\t\t\t\t Partager cet article <\/p>\n<p class=\"screen-reader-text juiz_sps_maybe_hidden_text\">Partager la publication \u00ab\u00a0Rory McIlroy sportif de l\u2019ann\u00e9e ? C\u2019est l\u2019ann\u00e9e ou jamais selon le Nord-Irlandais\u00a0\u00bb<\/p>\n<p><strong>Rory McIlroy a annonc\u00e9 qu\u2019il sera pr\u00e9sent \u00e0 la c\u00e9r\u00e9monie de la BBC Sports Personality of the Year en d\u00e9cembre 2025, pour la premi\u00e8re fois depuis plus d\u2019une d\u00e9cennie. Cette d\u00e9cision marque un revirement notable : il avait auparavant boud\u00e9 l\u2019\u00e9v\u00e9nement, le qualifiant de \u201cconcours de popularit\u00e9\u201d.<\/strong><\/p>\n<p>2025 a \u00e9t\u00e9 exceptionnelle pour <strong>Rory<\/strong> <strong>McIlroy<\/strong> et le Nord-Irlandais estime que c\u2019est l\u2019ann\u00e9e ou jamais pour \u00eatre r\u00e9compens\u00e9 lors de la c\u00e9r\u00e9monie du sportif de l\u2019ann\u00e9e organis\u00e9e par la BBC.<\/p>\n<p>Victorieux du <strong>Masters<\/strong>, qui lui a permis de devenir le 6e joueur de l\u2019histoire \u00e0 r\u00e9aliser le \u201cGrand Chelem\u201d en carri\u00e8re, il a \u00e9galement jou\u00e9 un r\u00f4le d\u00e9terminant dans la victoire de l\u2019\u00e9quipe europ\u00e9enne en <strong>Ryder Cup<\/strong> sur le sol am\u00e9ricain.<\/p>\n<p>Malgr\u00e9 tout, le golf est tr\u00e8s peu r\u00e9compens\u00e9 \u00e0 \u201cSPOTY\u201d(Sports Personality of the Year ) : seuls deux golfeurs ont \u00e9t\u00e9 sacr\u00e9s (<strong>Sir Nick Faldo<\/strong> en 1989 et <strong>Dai Rees<\/strong> en 1957). On comprend mieux pourquoi Rory a d\u00e9clar\u00e9 que s\u2019il ne gagnait pas cette ann\u00e9e il ne serait jamais r\u00e9compens\u00e9.<\/p>\n<p>&#13;<br \/>\nEn premi\u00e8re ligne avec Lando Norris<\/p>\n<p>Cependant, il n\u2019est pas le seul parmi les favoris : des athl\u00e8tes comme <strong>Chlo\u00eb Kelly<\/strong> (football) ou <strong>Lando Norris<\/strong> (Formule 1) sont \u00e9galement cit\u00e9s parmi les candidats s\u00e9rieux pour le troph\u00e9e.\u00a0<\/p>\n<p>Accus\u00e9 de souvent retourner sa veste (encore r\u00e9cemment par <strong>Lee Westwood<\/strong>), McIlroy a critiqu\u00e9 la c\u00e9r\u00e9monie par le pass\u00e9, estimant que son sport n\u2019\u00e9tait pas suffisamment soutenu et que la r\u00e9compense s\u2019apparentait \u00e0 un concours de popularit\u00e9.<\/p>\n<p>Mais cette ann\u00e9e, il a souhait\u00e9 \u00eatre pr\u00e9sent le 15 d\u00e9cembre 2025 \u00e0 Salford pour donner encore plus de visibilit\u00e9 au golf et peut-\u00eatre profiter de ce moment cl\u00e9 de sa carri\u00e8re pour ouvrir une nouvelle \u00e8re.<\/p>\n<p>Photo : Mike Ehrmann\/USGA<\/p>\n","protected":false},"excerpt":{"rendered":"Partager cet article Partager la publication \u00ab\u00a0Rory McIlroy sportif de l\u2019ann\u00e9e ? C\u2019est l\u2019ann\u00e9e ou jamais selon le&hellip;\n","protected":false},"author":2,"featured_media":182717,"comment_status":"","ping_status":"","sticky":false,"template":"","format":"standard","meta":{"footnotes":""},"categories":[1418],"tags":[1011,27,1472,60],"class_list":{"0":"post-517909","1":"post","2":"type-post","3":"status-publish","4":"format-standard","5":"has-post-thumbnail","7":"category-golf","8":"tag-fr","9":"tag-france","10":"tag-golf","11":"tag-sports"},"share_on_mastodon":{"url":"https:\/\/pubeurope.com\/@fr\/115507625135766399","error":""},"_links":{"self":[{"href":"https:\/\/www.europesays.com\/fr\/wp-json\/wp\/v2\/posts\/517909","targetHints":{"allow":["GET"]}}],"collection":[{"href":"https:\/\/www.europesays.com\/fr\/wp-json\/wp\/v2\/posts"}],"about":[{"href":"https:\/\/www.europesays.com\/fr\/wp-json\/wp\/v2\/types\/post"}],"author":[{"embeddable":true,"href":"https:\/\/www.europesays.com\/fr\/wp-json\/wp\/v2\/users\/2"}],"replies":[{"embeddable":true,"href":"https:\/\/www.europesays.com\/fr\/wp-json\/wp\/v2\/comments?post=517909"}],"version-history":[{"count":0,"href":"https:\/\/www.europesays.com\/fr\/wp-json\/wp\/v2\/posts\/517909\/revisions"}],"wp:featuredmedia":[{"embeddable":true,"href":"https:\/\/www.europesays.com\/fr\/wp-json\/wp\/v2\/media\/182717"}],"wp:attachment":[{"href":"https:\/\/www.europesays.com\/fr\/wp-json\/wp\/v2\/media?parent=517909"}],"wp:term":[{"taxonomy":"category","embeddable":true,"href":"https:\/\/www.europesays.com\/fr\/wp-json\/wp\/v2\/categories?post=517909"},{"taxonomy":"post_tag","embeddable":true,"href":"https:\/\/www.europesays.com\/fr\/wp-json\/wp\/v2\/tags?post=517909"}],"curies":[{"name":"wp","href":"https:\/\/api.w.org\/{rel}","templated":true}]}}