{"id":517910,"date":"2025-11-07T09:07:11","date_gmt":"2025-11-07T09:07:11","guid":{"rendered":"https:\/\/www.europesays.com\/fr\/517910\/"},"modified":"2025-11-07T09:07:11","modified_gmt":"2025-11-07T09:07:11","slug":"jattendais-mon-heure-simon-gill-leloge-de-la-patience-a-lalterna-stade-poitevin","status":"publish","type":"post","link":"https:\/\/www.europesays.com\/fr\/517910\/","title":{"rendered":"\u00ab\u00a0j\u2019attendais mon heure\u00a0\u00bb, Simon Gill, l\u2019\u00e9loge de la patience \u00e0 l\u2019Alterna Stade Poitevin"},"content":{"rendered":"<p><strong>Alterna Stade Poitevin\u00a0&#8211; Plessis-Robinson<\/strong><\/p>\n<p>La date est coch\u00e9e depuis de nombreuses semaines sur son agenda personnel. Le 2\u00a0d\u00e9cembre prochain, l\u2019Alterna Stade Poitevin accueillera les Spacer\u2019s de Toulouse \u00e0 l\u2019occasion de la 9e\u00a0journ\u00e9e de MSL. Et face \u00e0 lui, de l\u2019autre c\u00f4t\u00e9 du filet, Simon Gill devrait logiquement retrouver Thomas\u2026 Gill, son grand fr\u00e8re. Celui qui a donn\u00e9 au passeur poitevin l\u2019envie de d\u00e9buter le volley \u00e0 l\u2019\u00e2ge de quatre ans, du c\u00f4t\u00e9 de Chatenois, dans le Bas-Rhin, avant de marcher dans ses pas en rejoignant le Centre national du volley-ball, \u00e0 Montpellier, en 2021, cinq ann\u00e9es apr\u00e8s son a\u00een\u00e9.<\/p>\n<p>Un mod\u00e8le et une source d\u2019inspiration, avec qui il \u00e9change tr\u00e8s r\u00e9guli\u00e8rement, apr\u00e8s avoir un peu grandi dans son ombre, sans en prendre en ombrage. \u00ab\u00a0Je me souviens de repas des familles o\u00f9 on parlait surtout de lui parce qu\u2019il \u00e9tait d\u00e9j\u00e0 en pro, se souvient le jeune Alsacien. Mais j\u2019ai toujours \u00e9t\u00e9 fier de lui. Et maintenant, \u00e7a fait plaisir d\u2019\u00eatre au m\u00eame niveau. C\u2019est cool et incroyable que ce soit au plus haut niveau fran\u00e7ais.\u00a0\u00bb En se retrouvant, en plus, tous les deux sur le terrain&#8230;. <\/p>\n<p>    Cet article a \u00e9t\u00e9 tronqu\u00e9. Abonnez-vous pour lire l&rsquo;article complet sur notre site.<\/p>\n<p style=\"margin: 0 !important; padding: 0 !important; font-size: 12px !important;\">Cet article a \u00e9t\u00e9 tronqu\u00e9. Abonnez-vous pour lire l&rsquo;article complet.<\/p>\n<p>    <a href=\"https:\/\/www.lanouvellerepublique.fr\/abonnements\" style=\"display: inline-block; margin-top: 5px !important; padding: 6px 12px !important; background: #cb1c27; color: white; text-decoration: none; border-radius: 4px; font-size: 12px !important;\" target=\"_blank\" rel=\"noopener\"><br \/>\n      S&rsquo;abonner<br \/>\n    <\/a><\/p>\n","protected":false},"excerpt":{"rendered":"Alterna Stade Poitevin\u00a0&#8211; Plessis-Robinson La date est coch\u00e9e depuis de nombreuses semaines sur son agenda personnel. Le 2\u00a0d\u00e9cembre&hellip;\n","protected":false},"author":2,"featured_media":517911,"comment_status":"","ping_status":"","sticky":false,"template":"","format":"standard","meta":{"footnotes":""},"categories":[1417],"tags":[1392,1654,1011,27,1655,1653,60,1584,1470,1469],"class_list":{"0":"post-517910","1":"post","2":"type-post","3":"status-publish","4":"format-standard","5":"has-post-thumbnail","7":"category-volley","8":"tag-a-la-une-local","9":"tag-alterna-stade-poitevin-volley-ball","10":"tag-fr","11":"tag-france","12":"tag-ligue-a","13":"tag-poitiers","14":"tag-sports","15":"tag-vienne","16":"tag-volley","17":"tag-volleyball"},"share_on_mastodon":{"url":"https:\/\/pubeurope.com\/@fr\/115507628846025676","error":""},"_links":{"self":[{"href":"https:\/\/www.europesays.com\/fr\/wp-json\/wp\/v2\/posts\/517910","targetHints":{"allow":["GET"]}}],"collection":[{"href":"https:\/\/www.europesays.com\/fr\/wp-json\/wp\/v2\/posts"}],"about":[{"href":"https:\/\/www.europesays.com\/fr\/wp-json\/wp\/v2\/types\/post"}],"author":[{"embeddable":true,"href":"https:\/\/www.europesays.com\/fr\/wp-json\/wp\/v2\/users\/2"}],"replies":[{"embeddable":true,"href":"https:\/\/www.europesays.com\/fr\/wp-json\/wp\/v2\/comments?post=517910"}],"version-history":[{"count":0,"href":"https:\/\/www.europesays.com\/fr\/wp-json\/wp\/v2\/posts\/517910\/revisions"}],"wp:featuredmedia":[{"embeddable":true,"href":"https:\/\/www.europesays.com\/fr\/wp-json\/wp\/v2\/media\/517911"}],"wp:attachment":[{"href":"https:\/\/www.europesays.com\/fr\/wp-json\/wp\/v2\/media?parent=517910"}],"wp:term":[{"taxonomy":"category","embeddable":true,"href":"https:\/\/www.europesays.com\/fr\/wp-json\/wp\/v2\/categories?post=517910"},{"taxonomy":"post_tag","embeddable":true,"href":"https:\/\/www.europesays.com\/fr\/wp-json\/wp\/v2\/tags?post=517910"}],"curies":[{"name":"wp","href":"https:\/\/api.w.org\/{rel}","templated":true}]}}