{"id":517912,"date":"2025-11-07T09:08:10","date_gmt":"2025-11-07T09:08:10","guid":{"rendered":"https:\/\/www.europesays.com\/fr\/517912\/"},"modified":"2025-11-07T09:08:10","modified_gmt":"2025-11-07T09:08:10","slug":"transferts-pro-d2-biarritz-lancien-directeur-general-de-colomiers-frederic-boitier-nouveau-conseiller-du-president","status":"publish","type":"post","link":"https:\/\/www.europesays.com\/fr\/517912\/","title":{"rendered":"Transferts. Pro D2 \u2013 Biarritz\u00a0: L\u2019ancien directeur g\u00e9n\u00e9ral de Colomiers, Fr\u00e9d\u00e9ric Boitier, nouveau conseiller du pr\u00e9sident"},"content":{"rendered":"<p>\n                L\u2019ancien directeur g\u00e9n\u00e9ral de Colomiers, Fr\u00e9d\u00e9ric Boitier, va int\u00e9grer la gouvernance du Biarritz olympique, en tant que bras droit de Cyril Arrosteguy.\n            <\/p>\n<p dir=\"ltr\">Le Biarritz olympique poursuit sa restructuration. Apr\u00e8s avoir ent\u00e9rin\u00e9, en d\u00e9but de semaine, un passage en conseil d\u2019administration, dont Cyril Arrosteguy a pris la pr\u00e9sidence, le club rouge et blanc vient de recruter une nouvelle t\u00eate pensante. Fr\u00e9d\u00e9ric Boitier va, en effet, devenir conseiller du pr\u00e9sident Arrosteguy, pour une mission temporaire.<\/p>\n<p>Pass\u00e9 par Tarbes, Colomiers et Arcachon<\/p>\n<p dir=\"ltr\">Directeur g\u00e9n\u00e9ral de Tarbes (2012-2015), Colomiers (2015-2022) puis du Rugby Club Bassin d\u2019Arcachon (2022-2024), il int\u00e8gre le BOPB pour \u00e9pauler, au quotidien, Cyril Arrosteguy sur la n\u00e9gociation des contrats de joueurs.<\/p>\n<p dir=\"ltr\">Il sera aussi pr\u00e9sent, le jour de match, aux c\u00f4t\u00e9s du patron du BO lors des diff\u00e9rents protocoles officiels, et accompagnera le pr\u00e9sident du conseil d\u2019administration sur les rouages relatifs aux r\u00e8glements de la LNR et de la FFR.<\/p>\n","protected":false},"excerpt":{"rendered":"L\u2019ancien directeur g\u00e9n\u00e9ral de Colomiers, Fr\u00e9d\u00e9ric Boitier, va int\u00e9grer la gouvernance du Biarritz olympique, en tant que bras&hellip;\n","protected":false},"author":2,"featured_media":517913,"comment_status":"","ping_status":"","sticky":false,"template":"","format":"standard","meta":{"footnotes":""},"categories":[1416],"tags":[1011,27,479,1468,60],"class_list":{"0":"post-517912","1":"post","2":"type-post","3":"status-publish","4":"format-standard","5":"has-post-thumbnail","7":"category-rugby","8":"tag-fr","9":"tag-france","10":"tag-rugby","11":"tag-rugby-football","12":"tag-sports"},"share_on_mastodon":{"url":"https:\/\/pubeurope.com\/@fr\/115507632831649957","error":""},"_links":{"self":[{"href":"https:\/\/www.europesays.com\/fr\/wp-json\/wp\/v2\/posts\/517912","targetHints":{"allow":["GET"]}}],"collection":[{"href":"https:\/\/www.europesays.com\/fr\/wp-json\/wp\/v2\/posts"}],"about":[{"href":"https:\/\/www.europesays.com\/fr\/wp-json\/wp\/v2\/types\/post"}],"author":[{"embeddable":true,"href":"https:\/\/www.europesays.com\/fr\/wp-json\/wp\/v2\/users\/2"}],"replies":[{"embeddable":true,"href":"https:\/\/www.europesays.com\/fr\/wp-json\/wp\/v2\/comments?post=517912"}],"version-history":[{"count":0,"href":"https:\/\/www.europesays.com\/fr\/wp-json\/wp\/v2\/posts\/517912\/revisions"}],"wp:featuredmedia":[{"embeddable":true,"href":"https:\/\/www.europesays.com\/fr\/wp-json\/wp\/v2\/media\/517913"}],"wp:attachment":[{"href":"https:\/\/www.europesays.com\/fr\/wp-json\/wp\/v2\/media?parent=517912"}],"wp:term":[{"taxonomy":"category","embeddable":true,"href":"https:\/\/www.europesays.com\/fr\/wp-json\/wp\/v2\/categories?post=517912"},{"taxonomy":"post_tag","embeddable":true,"href":"https:\/\/www.europesays.com\/fr\/wp-json\/wp\/v2\/tags?post=517912"}],"curies":[{"name":"wp","href":"https:\/\/api.w.org\/{rel}","templated":true}]}}