{"id":51792,"date":"2025-04-25T12:57:08","date_gmt":"2025-04-25T12:57:08","guid":{"rendered":"https:\/\/www.europesays.com\/fr\/51792\/"},"modified":"2025-04-25T12:57:08","modified_gmt":"2025-04-25T12:57:08","slug":"ils-sont-entres-par-la-fenetre","status":"publish","type":"post","link":"https:\/\/www.europesays.com\/fr\/51792\/","title":{"rendered":"Ils sont entr\u00e9s par la fen\u00eatre"},"content":{"rendered":"<p>            Par<br \/>\n        <strong><br \/>\n            <a href=\"https:\/\/actu.fr\/auteur\/fabien-binacchi\" title=\"Consulter tous les articles de Fabien Binacchi\" target=\"_blank\" rel=\"noopener\">Fabien Binacchi<\/a><br \/>\n        <\/strong><\/p>\n<p>        Publi\u00e9 le<\/p>\n<p>            25 avr. 2025 \u00e0 14h14        <\/p>\n<p><strong>EXCLUSIF.<\/strong> Le choc, de tr\u00e8s bon matin. Ce jeudi 24\u00a0avril, leur maison encore endormie, un couple d\u2019habitants d\u2019une commune tr\u00e8s proche de <a href=\"https:\/\/actu.fr\/marseille\/\" target=\"_blank\" rel=\"noopener\">Marseille<\/a> (<a href=\"https:\/\/actu.fr\/provence-alpes-cote-d-azur\/bouches-du-rhone_13\" target=\"_blank\" rel=\"noopener\">Bouches-du-Rh\u00f4ne<\/a>), et leurs quatre invit\u00e9s, ont <strong>l\u2019\u00e9norme surprise d\u2019\u00eatre r\u00e9veill\u00e9s par des policiers<\/strong> venus perquisitionner des trafiquants de drogues. C\u2019est en tout cas ce que les agents pensaient.<\/p>\n<p class=\" wall-content\"><strong>L\u2019affaire \u00e9tait bien rattach\u00e9e \u00e0 cette habitation,<\/strong> rachet\u00e9e il y a un an aux ench\u00e8res, mais pas \u00e0 ces nouveaux propri\u00e9taires trentenaires.<\/p>\n<p class=\" wall-content\">Ils racontent ce d\u00e9but de journ\u00e9e tr\u00e8s mouvement\u00e9 \u00e0 actu Marseille.<\/p>\n<p>Avec deux couples d\u2019amis<\/p>\n<p class=\" wall-content\">Sophie et Julien* sont <strong>en plein travaux<\/strong> en ce moment.<\/p>\n<p class=\" wall-content\">La maison que cet homme de 33\u00a0ans a rachet\u00e9e aux ench\u00e8res, d\u00e9but 2024, dans <strong>un quartier pavillonnaire<\/strong> d\u2019une commune situ\u00e9e \u00e0 quelques minutes de Marseille (le couple a demand\u00e9 que la localit\u00e9 ne soit pas r\u00e9v\u00e9l\u00e9e), a besoin d\u2019un grand coup de neuf.<\/p>\n<p>Vid\u00e9os : en ce moment sur Actu<\/p>\n<p class=\" wall-content\">\u00ab\u2009On y est r\u00e9guli\u00e8rement, mais pas tout le temps. Et il se trouve justement qu\u2019on y a pass\u00e9 la nuit de mercredi \u00e0 ce jeudi [24 avril], t\u00e9moignage sa compagne. On venait d\u2019organiser un d\u00eener avec un couple d\u2019amis am\u00e9ricains et un autre, d\u2019ici, <strong>qui sont rest\u00e9s dormir.<\/strong>\u2009\u00bb<\/p>\n<p class=\" wall-content\">Ils n\u2019ont pas \u00e9t\u00e9 d\u00e9\u00e7us de leur visite.<\/p>\n<p>\u00ab\u2009J\u2019ai pens\u00e9 \u00e0 un cambriolage\u2009\u00bb<\/p>\n<p class=\" wall-content\">6\u00a0heures du matin ce jeudi, les six occupants de la b\u00e2tisse, \u00e0 l\u2019\u00e9tage, dorment encore \u00e0 poings ferm\u00e9s. Au rez-de-chauss\u00e9e, <strong>on tambourine \u00e0 la porte.<\/strong> Avec insistance.<\/p>\n<blockquote class=\"ac-article-quote wall-content\">\n<p>J&rsquo;\u00e9merge mais je ne comprends pas trop. Le temps que j&rsquo;arrive sur le palier, je n&rsquo;avais pas encore descendu l&rsquo;escalier, je vois quatre personnes qui \u00e9taient entr\u00e9es par la fen\u00eatre de la cuisine.<\/p>\n<p>    <strong>Sophie<\/strong>\n            <\/p><\/blockquote>\n<p class=\" wall-content\">\u00ab\u2009Police, police\u2009!\u2009\u00bb.<\/p>\n<p class=\" wall-content\">La jeune femme, 33 ans \u00e9galement, se frotte les yeux. \u00ab\u2009La premi\u00e8re chose \u00e0 laquelle j\u2019ai pens\u00e9 c\u2019est que c\u2019\u00e9tait un cambriolage et qu\u2019<strong>il s\u2019agissait de faux policiers.<\/strong> On voit et on entend tellement de choses aujourd\u2019hui\u2009\u00bb, souffle-t-elle \u00e0 actu Marseille.<\/p>\n<p>En \u00ab\u2009crise d\u2019angoisse\u2009\u00bb<\/p>\n<p class=\" wall-content\">Heureusement, pas de home-jacking en vue\u2009: les intrus disaient vrai.<\/p>\n<p class=\" wall-content\">\u00ab\u2009Ils me montrent des papiers. Ils expliquent qu\u2019ils sont l\u00e0 dans le cadre d\u2019<strong>une enqu\u00eate li\u00e9e \u00e0 un trafic de drogues.<\/strong> Ils r\u00e9veillent m\u00eame mon compagnon qui n\u2019arrivait pas \u00e0 \u00e9merger\u2009\u00bb, poursuit Sophie.<\/p>\n<p class=\" wall-content\">Branle-bas de combat dans la maison. Chacun finit par \u00eatre tir\u00e9 de sa nuit. \u00ab\u2009Ce n\u2019est quand m\u00eame pas rien. Une amie a m\u00eame fait une petite crise d\u2019angoisse\u2009\u00bb, explique-t-elle encore. L\u2019<strong>invit\u00e9e chamboul\u00e9e<\/strong> et les cinq autres habitants finissent par se rassurer.<\/p>\n<p class=\" wall-content\">\u00ab\u2009Ils nous ont demand\u00e9 nos identit\u00e9s et on a tous commenc\u00e9 \u00e0 comprendre qu\u2019on n\u2019\u00e9tait pas ceux qu\u2019ils cherchaient. On leur a expliqu\u00e9 le rachat de la maison, les ench\u00e8res, tout \u00e7a, d\u00e9taille encore la trentenaire. Et <strong>ils ont fini par s\u2019excuser.<\/strong>\u2009\u00bb<\/p>\n<p>Li\u00e9 au coup de filet annonc\u00e9 par le ministre\u2009?<\/p>\n<p class=\" wall-content\">La visite impromptue aura dur\u00e9 <strong>une demi-heure.<\/strong> En tout et pour tout. Mais Sophie et Julien et leurs invit\u00e9s ne sont pas pr\u00e8s de l\u2019oublier. La premi\u00e8re est \u00ab\u2009persuad\u00e9e\u2009\u00bb que cette tentative de perquisition est <a href=\"https:\/\/actu.fr\/provence-alpes-cote-d-azur\/marseille_13055\/trafics-de-drogue-coup-de-filet-massif-a-marseille-bruno-retailleau-frappe-fort_62550736.html\" target=\"_blank\" rel=\"noopener\">\u00ab\u2009li\u00e9e au coup de filet\u2009\u00bb annonc\u00e9 par le ministre de l\u2019Int\u00e9rieur<\/a> et qu\u2019actu Marseille a d\u00e9taill\u00e9 dans un autre article, publi\u00e9 ce jeudi. Les forces de l\u2019ordre venaient d\u2019interpeller 21\u00a0personnes en lien avec \u00ab\u2009un important trafic\u2009\u00bb.<\/p>\n<p class=\" wall-content\">Contact\u00e9e, une source proche n\u2019a pas confirm\u00e9, \u00ab\u2009vu l\u2019enqu\u00eate en cours\u2009\u00bb.<\/p>\n<p class=\" wall-content\">Sophie s\u2019\u00e9tonne en tout cas de <strong>cette \u00ab\u2009erreur\u2009\u00bb.<\/strong><\/p>\n<p class=\" wall-content\">\u00ab\u2009Il n\u2019y a pas de v\u00e9rification, de rep\u00e9rage qui aurait pu \u00e9viter \u00e7a\u2009\u00bb, interroge-t-elle.<\/p>\n<p class=\" wall-content\">La m\u00eame source, cit\u00e9e plus haut, r\u00e9fute le terme \u00ab\u2009erreur\u2009\u00bb. \u00ab\u2009Cette perquisition fait partie d\u2019<strong>une proc\u00e9dure classique<\/strong>, il y a des informations et la police les v\u00e9rifie. Dans une enqu\u00eate, <strong>on doit fermer des portes pour avancer<\/strong>, c\u2019est le cas ici.\u2009\u00bb<\/p>\n<p class=\" wall-content\">*Les pr\u00e9noms ont \u00e9t\u00e9 modifi\u00e9s \u00e0 leur demande<\/p>\n<p class=\" wall-content\">Suivez toute l\u2019actualit\u00e9 de vos villes et m\u00e9dias favoris en vous inscrivant \u00e0 <a href=\"https:\/\/moncompte.actu.fr\" title=\"D\u00e9couvez Mon Actu\" rel=\"nofollow noopener\" data-trk=\"{&quot;cta&quot;:{&quot;action&quot;:&quot;https:\\\/\\\/moncompte.actu.fr&quot;,&quot;category&quot;:&quot;mon compte&quot;,&quot;from&quot;:&quot;article footer&quot;,&quot;name&quot;:&quot;Mon actu&quot;,&quot;type&quot;:&quot;cta&quot;}}\" target=\"_blank\">Mon Actu<\/a>.<\/p>\n","protected":false},"excerpt":{"rendered":"Par Fabien Binacchi Publi\u00e9 le 25 avr. 2025 \u00e0 14h14 EXCLUSIF. Le choc, de tr\u00e8s bon matin. Ce&hellip;\n","protected":false},"author":2,"featured_media":51793,"comment_status":"","ping_status":"","sticky":false,"template":"","format":"standard","meta":{"footnotes":""},"categories":[2814],"tags":[1111,11,1052,1777,674,1011,27,884,12,1072,882,25,104,240],"class_list":{"0":"post-51792","1":"post","2":"type-post","3":"status-publish","4":"format-standard","5":"has-post-thumbnail","7":"category-marseille","8":"tag-actu","9":"tag-actualites","10":"tag-drogue","11":"tag-eu","12":"tag-europe","13":"tag-fr","14":"tag-france","15":"tag-marseille","16":"tag-news","17":"tag-police","18":"tag-provence-alpes-cote-dazur","19":"tag-republique-francaise","20":"tag-societe","21":"tag-temoignage"},"share_on_mastodon":{"url":"https:\/\/pubeurope.com\/@fr\/114398720393442947","error":""},"_links":{"self":[{"href":"https:\/\/www.europesays.com\/fr\/wp-json\/wp\/v2\/posts\/51792","targetHints":{"allow":["GET"]}}],"collection":[{"href":"https:\/\/www.europesays.com\/fr\/wp-json\/wp\/v2\/posts"}],"about":[{"href":"https:\/\/www.europesays.com\/fr\/wp-json\/wp\/v2\/types\/post"}],"author":[{"embeddable":true,"href":"https:\/\/www.europesays.com\/fr\/wp-json\/wp\/v2\/users\/2"}],"replies":[{"embeddable":true,"href":"https:\/\/www.europesays.com\/fr\/wp-json\/wp\/v2\/comments?post=51792"}],"version-history":[{"count":0,"href":"https:\/\/www.europesays.com\/fr\/wp-json\/wp\/v2\/posts\/51792\/revisions"}],"wp:featuredmedia":[{"embeddable":true,"href":"https:\/\/www.europesays.com\/fr\/wp-json\/wp\/v2\/media\/51793"}],"wp:attachment":[{"href":"https:\/\/www.europesays.com\/fr\/wp-json\/wp\/v2\/media?parent=51792"}],"wp:term":[{"taxonomy":"category","embeddable":true,"href":"https:\/\/www.europesays.com\/fr\/wp-json\/wp\/v2\/categories?post=51792"},{"taxonomy":"post_tag","embeddable":true,"href":"https:\/\/www.europesays.com\/fr\/wp-json\/wp\/v2\/tags?post=51792"}],"curies":[{"name":"wp","href":"https:\/\/api.w.org\/{rel}","templated":true}]}}