{"id":517920,"date":"2025-11-07T09:15:12","date_gmt":"2025-11-07T09:15:12","guid":{"rendered":"https:\/\/www.europesays.com\/fr\/517920\/"},"modified":"2025-11-07T09:15:12","modified_gmt":"2025-11-07T09:15:12","slug":"orelsan-la-punchline-qui-met-un-tacle-a-la-famille-mbappe-dans-son-nouvel-album","status":"publish","type":"post","link":"https:\/\/www.europesays.com\/fr\/517920\/","title":{"rendered":"Orelsan, la punchline qui met un tacle \u00e0 la famille Mbapp\u00e9 dans son nouvel album"},"content":{"rendered":"<p>            Par<br \/>\n        <strong><br \/>\n            <a href=\"https:\/\/actu.fr\/auteur\/maxence-gorregues\" title=\"Consulter tous les articles de Maxence Gorregues\" target=\"_blank\" rel=\"noopener\">Maxence Gorregues<\/a><br \/>\n        <\/strong><\/p>\n<p>        Publi\u00e9 le<\/p>\n<p>            7 nov. 2025 \u00e0 8h39        <\/p>\n<p>\u00c0 Caen et probablement dans le monde entier, tout le monde le sait\u2009: <b>Orelsan aime le Stade Malherbe Caen<\/b> (Calvados). Maillots port\u00e9s sur sc\u00e8ne, r\u00e9f\u00e9rences dans son premier film, pr\u00e9sence au stade d\u2019Ornano \u00e0 de multiples reprises, en tribunes et m\u00eame parfois sur le terrain\u2026 le rappeur de Caen a toujours gard\u00e9 une attention particuli\u00e8re \u00e0 son <b>club de c\u0153ur<\/b>, en marge de sa <b>carri\u00e8re \u00e0 la progression fulgurante<\/b> ces derni\u00e8res ann\u00e9es.<\/p>\n<p>\u00ab\u2009Faire couler ta ville comme les Mbapp\u00e9\u2009\u00bb<\/p>\n<p class=\" wall-content\">Alors forc\u00e9ment, quand Orelsan sort <a href=\"https:\/\/actu.fr\/normandie\/caen_14118\/daft-punk-k-pop-un-boss-du-rap-orelsan-sort-un-nouvel-album-plein-de-surprises_63355581.html\" target=\"_blank\" rel=\"noopener\">un nouvel album<\/a> comme c\u2019est le cas ce vendredi 7\u00a0novembre 2025 avec con cinqui\u00e8me opus, La Fuite en Avant, les personnes qui sont \u00e0 la fois supporters du Stade Malherbe et fan du rappeur normand, scrutent les r\u00e9f\u00e9rences \u00e0 sa ville, et \u00e0 son club f\u00e9tiche.<\/p>\n<p class=\" wall-content\">Et il en est une, sur le 12e des 17 titres, <a href=\"https:\/\/open.spotify.com\/intl-fr\/track\/1opVRgNUKLYLD9nXtSOt7B\" target=\"_blank\" rel=\"noopener\">La petite voix<\/a>. Orelsan lance ainsi\u2009:<\/p>\n<p class=\" wall-content\">Fais pas semblant d\u2019aimer ta ville, elle est claqu\u00e9e<br \/>Elle est morte, c\u2019est pour \u00e7a qu\u2019on vous appelle Caennais<br \/>Elle est remplie d\u2019ploucs que tu peux m\u00eame pas saquer<br \/>Ouais, tu vas faire couler ta ville comme les Mbapp\u00e9<\/p>\n<p class=\" wall-content\">\n<p>L\u2019art du second degr\u00e9<\/p>\n<p class=\" wall-content\">Le tacle adress\u00e9 par cette punchline \u00e0 la direction du club intervient 16\u00a0mois <a href=\"https:\/\/actu.fr\/normandie\/caen_14118\/sm-caen-kylian-mbappe-officiellement-proprietaire-du-stade-malherbe_61586971.html\" target=\"_blank\" rel=\"noopener\">apr\u00e8s le rachat du SM Caen par la soci\u00e9t\u00e9 Coalition Capital<\/a>, propri\u00e9t\u00e9 de Kylian Mbapp\u00e9. Alors que <b>l\u2019\u00e9quipe premi\u00e8re du SMC venait de terminer<\/b> la saison 2023-2024 \u00e0 la <b>sixi\u00e8me place de Ligue\u00a02<\/b>, elle finissait l\u2019exercice suivant bon dernier, synonyme de <a href=\"https:\/\/actu.fr\/normandie\/caen_14118\/sm-caen-malherbe-relegue-en-national-une-onde-de-choc-et-des-interrogations_62547979.html\" target=\"_blank\" rel=\"noopener\">rel\u00e9gation en National<\/a>. Une premi\u00e8re <a href=\"https:\/\/actu.fr\/normandie\/caen_14118\/sm-caen-a-quoi-ressemblait-le-monde-en-1984-la-derniere-fois-que-malherbe-evoluait-en-national_62553933.html\" target=\"_blank\" rel=\"noopener\">en quatre d\u00e9cennies<\/a>. Et le d\u00e9but de saison actuel est moribond puisque, apr\u00e8s 12 journ\u00e9es, Malherbe est dixi\u00e8me avec trois victoires seulement au compteur.<\/p>\n<p class=\" wall-content\">Comme pour de tr\u00e8s nombreux morceaux d\u2019Orelsan, il est bon de rappeler qu\u2019une \u00e9coute au second degr\u00e9 d\u2019une partie de ses textes est \u00e0 observer. Ne dit-il pas, trois lignes avant dans cette chanson, Fais pas semblant d\u2019aimer ta ville, elle est claqu\u00e9e\u2009?, alors qu\u2019il adore Caen\u2009? Le hasard du calendrier fait que son album sort au moment o\u00f9 un plan social se traduisant par plusieurs licenciements au club vient d\u2019\u00eatre act\u00e9.<\/p>\n<p class=\" wall-content\">Personnalisez votre actualit\u00e9 en ajoutant vos villes et m\u00e9dias en favori avec <a href=\"https:\/\/moncompte.actu.fr\" title=\"D\u00e9couvez Mon Actu\" rel=\"nofollow noopener\" data-trk=\"{&quot;cta&quot;:{&quot;action&quot;:&quot;https:\\\/\\\/moncompte.actu.fr&quot;,&quot;category&quot;:&quot;mon compte&quot;,&quot;from&quot;:&quot;article footer&quot;,&quot;name&quot;:&quot;Mon actu&quot;,&quot;type&quot;:&quot;cta&quot;}}\" target=\"_blank\">Mon Actu<\/a>.<\/p>\n","protected":false},"excerpt":{"rendered":"Par Maxence Gorregues Publi\u00e9 le 7 nov. 2025 \u00e0 8h39 \u00c0 Caen et probablement dans le monde entier,&hellip;\n","protected":false},"author":2,"featured_media":517921,"comment_status":"","ping_status":"","sticky":false,"template":"","format":"standard","meta":{"footnotes":""},"categories":[1359],"tags":[58,59,63,1011,27,6477,21953,973,60,266],"class_list":{"0":"post-517920","1":"post","2":"type-post","3":"status-publish","4":"format-standard","5":"has-post-thumbnail","7":"category-people","8":"tag-divertissement","9":"tag-entertainment","10":"tag-football","11":"tag-fr","12":"tag-france","13":"tag-kylian-mbappe","14":"tag-orelsan","15":"tag-people","16":"tag-sports","17":"tag-stade-malherbe-de-caen"},"share_on_mastodon":{"url":"https:\/\/pubeurope.com\/@fr\/115507660452773509","error":""},"_links":{"self":[{"href":"https:\/\/www.europesays.com\/fr\/wp-json\/wp\/v2\/posts\/517920","targetHints":{"allow":["GET"]}}],"collection":[{"href":"https:\/\/www.europesays.com\/fr\/wp-json\/wp\/v2\/posts"}],"about":[{"href":"https:\/\/www.europesays.com\/fr\/wp-json\/wp\/v2\/types\/post"}],"author":[{"embeddable":true,"href":"https:\/\/www.europesays.com\/fr\/wp-json\/wp\/v2\/users\/2"}],"replies":[{"embeddable":true,"href":"https:\/\/www.europesays.com\/fr\/wp-json\/wp\/v2\/comments?post=517920"}],"version-history":[{"count":0,"href":"https:\/\/www.europesays.com\/fr\/wp-json\/wp\/v2\/posts\/517920\/revisions"}],"wp:featuredmedia":[{"embeddable":true,"href":"https:\/\/www.europesays.com\/fr\/wp-json\/wp\/v2\/media\/517921"}],"wp:attachment":[{"href":"https:\/\/www.europesays.com\/fr\/wp-json\/wp\/v2\/media?parent=517920"}],"wp:term":[{"taxonomy":"category","embeddable":true,"href":"https:\/\/www.europesays.com\/fr\/wp-json\/wp\/v2\/categories?post=517920"},{"taxonomy":"post_tag","embeddable":true,"href":"https:\/\/www.europesays.com\/fr\/wp-json\/wp\/v2\/tags?post=517920"}],"curies":[{"name":"wp","href":"https:\/\/api.w.org\/{rel}","templated":true}]}}