{"id":517922,"date":"2025-11-07T09:16:13","date_gmt":"2025-11-07T09:16:13","guid":{"rendered":"https:\/\/www.europesays.com\/fr\/517922\/"},"modified":"2025-11-07T09:16:13","modified_gmt":"2025-11-07T09:16:13","slug":"laurence-des-cars-donne-de-bonnes-nouvelles-sur-la-couronne-deugenie-abimee-lors-du-casse","status":"publish","type":"post","link":"https:\/\/www.europesays.com\/fr\/517922\/","title":{"rendered":"Laurence des Cars donne de bonnes nouvelles sur la couronne d\u2019Eug\u00e9nie ab\u00eem\u00e9e lors du casse"},"content":{"rendered":"<p>        <img decoding=\"async\" loading=\"lazy\" src=\"https:\/\/www.europesays.com\/fr\/wp-content\/uploads\/2025\/11\/9d4c7a0_upload-1-hoqswk6yvbsn-capture-da-a-cran-2025-11-07-075744.png\"  width=\"728\" height=\"409\" alt=\"La couronne de l\u2019imp\u00e9ratrice Eug\u00e9nie, avec son \u00e9crin. \"\/>  <\/p>\n<p>Mus\u00e9e du Louvre<\/p>\n<p>La couronne de l\u2019imp\u00e9ratrice Eug\u00e9nie, avec son \u00e9crin. <\/p>\n<p>      <strong>EN BREF<\/strong> <strong>\u2022 <\/strong>La couronne de l\u2019imp\u00e9ratrice Eug\u00e9nie, vol\u00e9e au Louvre, sera restaur\u00e9e et r\u00e9expos\u00e9e, selon Laurence Des Cars.<br \/><strong>\u2022 <\/strong>Les diamants et \u00e9meraudes sont intacts, mais quelques pi\u00e8ces manquent. Des m\u00e9c\u00e8nes soutiendront la restauration.<br \/><strong>\u2022 <\/strong>La directrice du Louvre juge le rapport de la Cour des Comptes sur le mus\u00e9e \u00ab\u00a0s\u00e9v\u00e8re\u00a0\u00bb.                         <\/p>\n<p class=\"asset asset-text\">CULTURE &#8211; Une bonne nouvelle, pr\u00e8s de trois semaines apr\u00e8s <a href=\"https:\/\/www.huffingtonpost.fr\/politique\/article\/vol-des-bijoux-au-louvre-le-rapport-accablant-de-la-cour-des-comptes-sur-le-musee-parisien-qui-replique_256860.html\" target=\"_blank\" rel=\"noopener nofollow\" title=\"Nouvelle fen\u00eatre\">le vol au Louvre.<\/a> La couronne de l\u2019imp\u00e9ratrice Eug\u00e9nie, retrouv\u00e9e \u00e0 proximit\u00e9 du mus\u00e9e apr\u00e8s l\u2019impressionnant casse, va pouvoir \u00eatre restaur\u00e9e et de nouveau expos\u00e9e. Invit\u00e9e sur <a href=\"https:\/\/www.franceinfo.fr\/faits-divers\/cambriolage-au-musee-du-louvre\/la-cour-des-comptes-a-tort-d-etre-aussi-severe-reagit-laurence-des-cars-la-presidente-directrice-du-louvre_7601054.html\" target=\"_blank\" rel=\"noopener nofollow\" title=\"Nouvelle fen\u00eatre\">franceinfo<\/a> ce vendredi 7\u00a0novembre, la directrice du mus\u00e9e, <a href=\"https:\/\/www.huffingtonpost.fr\/culture\/article\/vol-au-louvre-les-directeurs-des-plus-grands-musees-du-monde-volent-au-secours-de-laurence-des-cars_256464.html\" target=\"_blank\" rel=\"noopener nofollow\" title=\"Nouvelle fen\u00eatre\">Laurence Des\u00a0Cars<\/a>, a d\u00e9clar\u00e9 que ce retour \u00ab\u00a0sera un tr\u00e8s beau symbole de la renaissance du Louvre\u00a0\u00bb.<\/p>\n<p class=\"asset asset-text\">\u00ab\u00a0Il nous faudra un peu de temps pour sa restauration\u00a0\u00bb, a-t-elle \u00e9galement pr\u00e9cis\u00e9. Le fait que les braqueurs, qui ont d\u00e9rob\u00e9 huit autres <a href=\"https:\/\/www.huffingtonpost.fr\/france\/article\/vol-des-bijoux-au-musee-du-louvre-le-prejudice-evalue-a-pres-de-100-millions-d-euros_256247.html\" rel=\"nofollow noopener\" target=\"_blank\">joyaux de la Couronne de France,<\/a> aient abandonn\u00e9 une telle pi\u00e8ce \u00e9tait inesp\u00e9r\u00e9. Les autres bijoux restent depuis introuvables.<\/p>\n<p class=\"asset asset-text\">La couronne en question, sertie de 1\u00a0354 diamants et 56 \u00e9meraudes, appartenait \u00e0 l\u2019imp\u00e9ratrice Eug\u00e9nie, \u00e9pouse de Napol\u00e9on III. Chef-d\u2019\u0153uvre de l\u2019orf\u00e8vre Alexandre-Gabriel Lemonnier, elle symbolise le luxe et le raffinement du Second Empire. Sa structure complexe allie huit arceaux en forme d\u2019aigle en or, qui se rejoignent sous un globe en diamants, entour\u00e9 de trente-deux \u00e9meraudes et surmont\u00e9 d\u2019une croix de six brillants.<\/p>\n<p>                     Endommag\u00e9e lors de l\u2019extraction de la vitrine    <\/p>\n<p class=\"asset asset-text\">\u00ab\u00a0Les premi\u00e8res constatations faites par l\u2019\u00e9quipe du d\u00e9partement des objets d\u2019art confirment que la couronne a \u00e9t\u00e9 endommag\u00e9e, sans doute au moment de l\u2019extraction de la vitrine, par la petite fente pratiqu\u00e9e par la disqueuse\u00a0\u00bb, a expliqu\u00e9 Laurence Des\u00a0Cars.<\/p>\n<p class=\"asset asset-text\">Pour rappel, le 19\u00a0octobre dernier, quatre hommes ont braqu\u00e9 le Louvre en seulement sept \u00e0 huit minutes. Deux d\u2019entre eux, visages masqu\u00e9s, ont acc\u00e9d\u00e9 \u00e0 <a href=\"https:\/\/www.huffingtonpost.fr\/faits-divers\/video\/quels-sont-les-bijoux-exposes-a-la-galerie-d-apollon-au-louvre-braquee-ce-dimanche_256157.html\" rel=\"nofollow noopener\" target=\"_blank\">la galerie Apollon <\/a>gr\u00e2ce \u00e0 un monte-charge, bris\u00e9 une fen\u00eatre et les vitrines contenant les bijoux \u00e0 l\u2019aide de disqueuses, avant de s\u2019enfuir \u00e0 bord de scooters conduits par leurs complices.<\/p>\n<p class=\"asset asset-text\">Concernant la couronne, Laurence Des\u00a0Cars a pr\u00e9cis\u00e9\u00a0: \u00ab\u00a0Les pi\u00e8ces les plus importantes, les diamants et les \u00e9meraudes, sont intactes. Il manque toutefois quelques petites pi\u00e8ces de diamants et un aigle d\u2019or sur les huit qui \u00e9taient pr\u00e9sents sur la couronne.\u00a0\u00bb<\/p>\n<p class=\"asset asset-text\">\u00ab\u00a0Nous avons d\u00e9j\u00e0 des m\u00e9c\u00e8nes qui se sont propos\u00e9s pour aider \u00e0 cette restauration. Nous allons constituer un comit\u00e9 scientifique qui suivra cette restauration\u00a0\u00bb, a-t-elle ajout\u00e9. La couronne retrouvera ainsi prochainement sa place parmi les collections du mus\u00e9e.<\/p>\n<p class=\"asset asset-text\">Pour autant, un important chantier de s\u00e9curisation et de r\u00e9novation du Louvre reste \u00e0 mener. La Cour des comptes a publi\u00e9 ce jeudi un rapport accablant, indiquant que le c\u00e9l\u00e8bre mus\u00e9e de la capitale \u00ab\u00a0a privil\u00e9gi\u00e9 les op\u00e9rations visibles et attractives\u00a0\u00bb au d\u00e9triment d\u2019investissement dans la s\u00e9curisation.<\/p>\n<p class=\"asset asset-text\">Jugeant ce rapport \u00ab\u00a0s\u00e9v\u00e8re\u00a0\u00bb, Laurence Des\u00a0Cars a assur\u00e9 \u00ab\u00a0avoir pris toute la mesure\u00a0\u00bb des <a href=\"https:\/\/www.huffingtonpost.fr\/france\/article\/la-securite-du-louvre-est-defaillante-et-ce-rapport-de-la-cour-des-comptes-redige-avant-le-vol-le-montre-bien_256194.html\" rel=\"nofollow noopener\" target=\"_blank\">probl\u00e8mes de s\u00e9curit\u00e9<\/a> d\u00e8s son arriv\u00e9e, en 2021. Selon la directrice du mus\u00e9e, cette question s\u2019ajoute \u00e0 d\u2019autres d\u00e9fis, comme la congestion de la Pyramide ou le probl\u00e8me de la pr\u00e9sentation de la Joconde.<\/p>\n","protected":false},"excerpt":{"rendered":"Mus\u00e9e du Louvre La couronne de l\u2019imp\u00e9ratrice Eug\u00e9nie, avec son \u00e9crin. EN BREF \u2022 La couronne de l\u2019imp\u00e9ratrice&hellip;\n","protected":false},"author":2,"featured_media":517923,"comment_status":"","ping_status":"","sticky":false,"template":"","format":"standard","meta":{"footnotes":""},"categories":[1358],"tags":[1348,1384,1385,251,1386,58,59,1011,27,11274,1175],"class_list":{"0":"post-517922","1":"post","2":"type-post","3":"status-publish","4":"format-standard","5":"has-post-thumbnail","7":"category-arts-et-design","8":"tag-arts","9":"tag-arts-and-design","10":"tag-arts-et-design","11":"tag-culture","12":"tag-design","13":"tag-divertissement","14":"tag-entertainment","15":"tag-fr","16":"tag-france","17":"tag-louvre","18":"tag-vol"},"share_on_mastodon":{"url":"https:\/\/pubeurope.com\/@fr\/115507664922139210","error":""},"_links":{"self":[{"href":"https:\/\/www.europesays.com\/fr\/wp-json\/wp\/v2\/posts\/517922","targetHints":{"allow":["GET"]}}],"collection":[{"href":"https:\/\/www.europesays.com\/fr\/wp-json\/wp\/v2\/posts"}],"about":[{"href":"https:\/\/www.europesays.com\/fr\/wp-json\/wp\/v2\/types\/post"}],"author":[{"embeddable":true,"href":"https:\/\/www.europesays.com\/fr\/wp-json\/wp\/v2\/users\/2"}],"replies":[{"embeddable":true,"href":"https:\/\/www.europesays.com\/fr\/wp-json\/wp\/v2\/comments?post=517922"}],"version-history":[{"count":0,"href":"https:\/\/www.europesays.com\/fr\/wp-json\/wp\/v2\/posts\/517922\/revisions"}],"wp:featuredmedia":[{"embeddable":true,"href":"https:\/\/www.europesays.com\/fr\/wp-json\/wp\/v2\/media\/517923"}],"wp:attachment":[{"href":"https:\/\/www.europesays.com\/fr\/wp-json\/wp\/v2\/media?parent=517922"}],"wp:term":[{"taxonomy":"category","embeddable":true,"href":"https:\/\/www.europesays.com\/fr\/wp-json\/wp\/v2\/categories?post=517922"},{"taxonomy":"post_tag","embeddable":true,"href":"https:\/\/www.europesays.com\/fr\/wp-json\/wp\/v2\/tags?post=517922"}],"curies":[{"name":"wp","href":"https:\/\/api.w.org\/{rel}","templated":true}]}}