{"id":517932,"date":"2025-11-07T09:22:10","date_gmt":"2025-11-07T09:22:10","guid":{"rendered":"https:\/\/www.europesays.com\/fr\/517932\/"},"modified":"2025-11-07T09:22:10","modified_gmt":"2025-11-07T09:22:10","slug":"une-belle-soiree-cauchemar-pour-les-clubs-francais-mais-il-y-a-quand-meme-une-bonne-nouvelle","status":"publish","type":"post","link":"https:\/\/www.europesays.com\/fr\/517932\/","title":{"rendered":"Une belle soir\u00e9e cauchemar pour les clubs fran\u00e7ais (mais il y a quand m\u00eame une bonne nouvelle)"},"content":{"rendered":"<p>Le foot fran\u00e7ais a connu meilleures semaines europ\u00e9ennes. Cinq d\u00e9faites en sept matchs, avec pour seules \u00e9claircies les victoires de Monaco <a href=\"https:\/\/www.20minutes.fr\/sport\/football\/4183626-20251104-ligue-champions-monaco-impose-courage-bodoe-glimt-relance\" class=\"c-link c-link--is-underlined\" target=\"_blank\" rel=\"noopener\">au-del\u00e0 du cercle polaire arctique face \u00e0 Bodo-Glimt<\/a> en <a href=\"https:\/\/www.20minutes.fr\/sport\/ligue_des_champions\/\" class=\"c-link c-link--is-underlined\" target=\"_blank\" rel=\"noopener\">Ligue des champions<\/a> et celle de Strasbourg en Ligue Conference, le bilan est lourd. Jeudi soir, les trois clubs engag\u00e9s en <a href=\"https:\/\/www.20minutes.fr\/sport\/ligue_europa\/\" target=\"_blank\" class=\"c-link c-link--is-underlined\" rel=\"noopener\">Ligue Europa<\/a> sont tomb\u00e9s bien bas.<\/p>\n<blockquote class=\"twitter-tweet\" align=\"center\" data-lang=\"fr_FR\">\n<p lang=\"fr\" dir=\"ltr\">Sale semaine pour le football fran\u00e7ais en Europe \u274c<\/p>\n<p>Pour la PREMI\u00c8RE FOIS de l&rsquo;histoire, Paris, Marseille et Lyon s&rsquo;inclinent la m\u00eame semaine en Coupe d&rsquo;Europe \u2639\ufe0f<a href=\"https:\/\/twitter.com\/hashtag\/UCL?src=hash&amp;ref_src=twsrc%5Etfw\" target=\"_blank\" rel=\"noopener\">#UCL<\/a> |\u00a0<a href=\"https:\/\/twitter.com\/hashtag\/UEL?src=hash&amp;ref_src=twsrc%5Etfw\" target=\"_blank\" rel=\"noopener\">#UEL<\/a> <a href=\"https:\/\/t.co\/qZFMM7Ggsc\">pic.twitter.com\/qZFMM7Ggsc<\/a><\/p>\n<p>\u2014 CANAL+ Foot (@CanalplusFoot) <a href=\"https:\/\/twitter.com\/CanalplusFoot\/status\/1986555390037803078?ref_src=twsrc%5Etfw\" target=\"_blank\" rel=\"noopener\">November 6, 2025<\/a><\/p><\/blockquote>\n<p class=\"mb-xxl@xs color-ultramarine font-weight-semi-bold@xs font-source-serif-pro heading-s@xs\">L\u2019acc\u00e8s \u00e0 ce contenu a \u00e9t\u00e9 bloqu\u00e9 afin de respecter votre choix de consentement<\/p>\n<p class=\"mb-m@xs text-l@xs\">En cliquant sur\u00ab J\u2019accepte \u00bb, vous acceptez le d\u00e9p\u00f4t de cookies par des services externes et aurez ainsi acc\u00e8s aux contenus de nos partenaires.<\/p>\n<p class=\"mb-xl@xs text-s@xs\">Plus d\u2019informations sur la page<a href=\"https:\/\/www.20minutes.fr\/gestion-cookies\" class=\"mx-xxs@xs color-ultramarine\" target=\"_blank\" rel=\"noopener\">Politique de gestion des cookies<\/a><\/p>\n<p>J\u2019accepteFin de s\u00e9rie pour Lyon<\/p>\n<p>Difficile de jouer sur tous les tableaux avec un effectif affaibli. L\u2019OL, avec un onze largement remani\u00e9 en vue du choc face au PSG dimanche soir, s\u2019est montr\u00e9 <a href=\"https:\/\/www.20minutes.fr\/sport\/football\/ligue_europa\/4183713-20251106-direct-betis-seville-ol-lyon-defie-adversaire-plus-prestigieux-ligue-europa-tolisso-suivez-match-20h30\" class=\"c-link c-link--is-underlined\" target=\"_blank\" rel=\"noopener\">trop timor\u00e9 sur la pelouse du Betis S\u00e9ville (2-0).<\/a> Sans vraiment \u00eatre domin\u00e9, les Lyonnais ont pay\u00e9 leurs quelques erreurs, et n\u2019ont pas montr\u00e9 assez de mordant pour recoller.<\/p>\n<p>\u00ab\u00a0Nous n\u2019avons pas \u00e9t\u00e9 assez dangereux et nous nous sommes cr\u00e9\u00e9 peu d\u2019occasions, reconna\u00eet l\u2019entra\u00eeneur Paulo Fonseca. Nous avons des joueurs bless\u00e9s comme Malick (Fofana), Ernest (Nuamah) ou Coco (Tolisso), et nous avons besoin de ces joueurs. Mais je tiens \u00e0 souligner que les jeunes ont jou\u00e9 avec courage.\u00a0\u00bb<\/p>\n<p>Rien de dramatique toutefois au classement. Septi\u00e8me avec 9 points, <a href=\"https:\/\/www.20minutes.fr\/sport\/ol\/\" class=\"c-link c-link--is-underlined\" target=\"_blank\" rel=\"noopener\">l\u2019OL <\/a>peut toujours viser le top 8 et une qualification directe pour la suite de la comp\u00e9tition.<\/p>\n<p>Le Losc plomb\u00e9 par \u00d6zer<\/p>\n<p>Sans \u00eatre flamboyants, les Lillois tenaient le point du match nul sur le <a href=\"https:\/\/www.20minutes.fr\/sport\/2392419-20181211-etoile-rouge-psg-nourri-legende-club-raconte-tunnel-apocalypse-mene-pelouse-marakana\" class=\"c-link c-link--is-underlined\" target=\"_blank\" rel=\"noopener\">terrain de l\u2019\u00c9toile Rouge de Belgrade<\/a> quand son gardien Berke \u00d6zer a conc\u00e9d\u00e9 un penalty \u00e9vitable en fin de rencontre. Marko Arnautovic n\u2019a alors laiss\u00e9 aucune chance au Turc de r\u00e9parer son erreur, d\u2019une frappe puissante et pr\u00e9cise (85e). La pire conclusion possible d\u2019une soir\u00e9e o\u00f9 les joueurs de Bruno Genesio ont sembl\u00e9 manquer d\u2019allant, leur mal r\u00e9current cette saison, en particulier en coupe d&rsquo;Europe, qui expliquait d\u00e9j\u00e0 leur d\u00e9convenue \u00e0 domicile contre le PAOK (4-3).<\/p>\n<p>Avec ces deux d\u00e9faites de rang, le <a href=\"https:\/\/www.20minutes.fr\/sport\/losc\/\" class=\"c-link c-link--is-underlined\" target=\"_blank\" rel=\"noopener\">Losc <\/a>navigue \u00e0 la 19e place et n\u2019a plus de marge de man\u0153uvre s\u2019il veut viser le top 8. Ce dont il a largement les moyens, encore faudrait-il jouer cette Coupe d&rsquo;Europe avec l\u2019investissement qu\u2019elle m\u00e9rite.<\/p>\n<\/p>\n<p>Nice n\u2019en finit plus de couler<\/p>\n<p>Les blagues sur l\u2019incapacit\u00e9 ni\u00e7oise \u00e0 gagner un match europ\u00e9en n\u2019ont jamais fait rire Franck Haise. Mais l\u00e0, le coach de <a href=\"https:\/\/www.20minutes.fr\/sport\/ogc_nice\/\" class=\"c-link c-link--is-underlined\" target=\"_blank\" rel=\"noopener\">l\u2019OGCN <\/a>\u00e9tait <a href=\"https:\/\/www.20minutes.fr\/sport\/football\/ligue_europa\/4184149-20251107-ogc-nice-fribourg-sentiment-honte-gym-toujours-plus-ridicule-ligue-europa-haise-hausse\" class=\"c-link c-link--is-underlined\" target=\"_blank\" rel=\"noopener\">vraiment tr\u00e8s affect\u00e9<\/a> apr\u00e8s la nouvelle d\u00e9convenue de son \u00e9quipe \u00e0 la maison contre Fribourg (1-3). Ses joueurs ont coul\u00e9 apr\u00e8s l\u2019ouverture du score de Kevin Carlos, encaissant trois buts en 13 minutes avant la pause.<\/p>\n<p>L\u2019entra\u00eeneur n\u2019a pas cach\u00e9 sa col\u00e8re en conf\u00e9rence de presse, reconnaissant en avoir \u00ab\u00a0ras le bol de perdre\u00a0\u00bb. \u00ab\u00a0On ne peut pas tomber d\u00e8s qu\u2019il y a un duel\u00a0! \u00c0 l\u2019entra\u00eenement, c\u2019est pareil\u00a0! Arr\u00eatez de tomber\u00a0! Oui, il y a des erreurs, il y en aura toujours, mais on en fait quoi de ces erreurs\u00a0? On rebondit ensemble ou pas\u00a0? On s\u2019est sabord\u00e9s\u00a0\u00bb, a-t-il poursuivi.<\/p>\n<p>En attendant un hypoth\u00e9tique rebond \u00e0 Porto \u00e0 la fin du mois, Nice est avant-dernier du classement, et tra\u00eene comme un boulet cette s\u00e9rie de quinze matchs d\u2019affil\u00e9e sans victoire en Coupe d&rsquo;Europe.<\/p>\n<p>Une bonne nouvelle avant de se quitter\u00a0?<\/p>\n<p>Aussi m\u00e9diocres qu\u2019aient \u00e9t\u00e9 les r\u00e9sultats de la semaine, la France (5e) creuse tout de m\u00eame un peu l\u2019\u00e9cart avec les Pays-Bas (6e) \u00e0 l\u2019indice UEFA, nous apprend <a href=\"https:\/\/www.lequipe.fr\/Football\/Actualites\/Malgre-une-semaine-a-cinq-defaites-pour-les-clubs-francais-il-n-y-a-pas-de-casse-a-l-indice-uefa\/1607948\" target=\"_blank\" class=\"c-link c-link--is-underlined\" rel=\"noopener\">L\u2019Equipe<\/a>. Oui oui. Car les clubs n\u00e9erlandais ont fait pire (deux matchs nuls pour le PSV et Utrecht, quatre d\u00e9faites).<\/p>\n<p>On rappelle qu\u2019il ne faut absolument pas tomber \u00e0 cette 6e place, synonyme de quota ramen \u00e0 deux clubs pour la Ligue des champions, dont un seul qualifi\u00e9 directement pour la phase de ligue.<\/p>\n<p><script async src=\"https:\/\/platform.twitter.com\/widgets.js\" charset=\"utf-8\"><\/script><\/p>\n","protected":false},"excerpt":{"rendered":"Le foot fran\u00e7ais a connu meilleures semaines europ\u00e9ennes. Cinq d\u00e9faites en sept matchs, avec pour seules \u00e9claircies les&hellip;\n","protected":false},"author":2,"featured_media":517933,"comment_status":"","ping_status":"","sticky":false,"template":"","format":"standard","meta":{"footnotes":""},"categories":[9],"tags":[1089,63,1011,27,5843,2854,2268,2853,517,60],"class_list":{"0":"post-517932","1":"post","2":"type-post","3":"status-publish","4":"format-standard","5":"has-post-thumbnail","7":"category-sports","8":"tag-coupe-deurope","9":"tag-football","10":"tag-fr","11":"tag-france","12":"tag-ligue-europa","13":"tag-losc-lille","14":"tag-ogc-nice","15":"tag-olympique-lyonnais-ol","16":"tag-sport","17":"tag-sports"},"share_on_mastodon":{"url":"https:\/\/pubeurope.com\/@fr\/115507688017594025","error":""},"_links":{"self":[{"href":"https:\/\/www.europesays.com\/fr\/wp-json\/wp\/v2\/posts\/517932","targetHints":{"allow":["GET"]}}],"collection":[{"href":"https:\/\/www.europesays.com\/fr\/wp-json\/wp\/v2\/posts"}],"about":[{"href":"https:\/\/www.europesays.com\/fr\/wp-json\/wp\/v2\/types\/post"}],"author":[{"embeddable":true,"href":"https:\/\/www.europesays.com\/fr\/wp-json\/wp\/v2\/users\/2"}],"replies":[{"embeddable":true,"href":"https:\/\/www.europesays.com\/fr\/wp-json\/wp\/v2\/comments?post=517932"}],"version-history":[{"count":0,"href":"https:\/\/www.europesays.com\/fr\/wp-json\/wp\/v2\/posts\/517932\/revisions"}],"wp:featuredmedia":[{"embeddable":true,"href":"https:\/\/www.europesays.com\/fr\/wp-json\/wp\/v2\/media\/517933"}],"wp:attachment":[{"href":"https:\/\/www.europesays.com\/fr\/wp-json\/wp\/v2\/media?parent=517932"}],"wp:term":[{"taxonomy":"category","embeddable":true,"href":"https:\/\/www.europesays.com\/fr\/wp-json\/wp\/v2\/categories?post=517932"},{"taxonomy":"post_tag","embeddable":true,"href":"https:\/\/www.europesays.com\/fr\/wp-json\/wp\/v2\/tags?post=517932"}],"curies":[{"name":"wp","href":"https:\/\/api.w.org\/{rel}","templated":true}]}}