{"id":517939,"date":"2025-11-07T09:26:12","date_gmt":"2025-11-07T09:26:12","guid":{"rendered":"https:\/\/www.europesays.com\/fr\/517939\/"},"modified":"2025-11-07T09:26:12","modified_gmt":"2025-11-07T09:26:12","slug":"donald-trump-vante-le-potentiel-incroyable-de-lasie-centrale","status":"publish","type":"post","link":"https:\/\/www.europesays.com\/fr\/517939\/","title":{"rendered":"Donald Trump vante le \u00abpotentiel incroyable\u00bb de l\u2019Asie centrale"},"content":{"rendered":"<p>\n    Les dirigeants de cinq ex-r\u00e9publiques sovi\u00e9tiques (Kazakhstan, Kirghizstan, Ouzb\u00e9kistan, Tadjikistan, Turkm\u00e9nistan) ont \u00e9t\u00e9 re\u00e7us jeudi \u00e0 la Maison-Blanche. Washington cherche \u00e0 consolider ses partenariats \u00e9conomiques et militaires face \u00e0 l\u2019influence russe et chinoise.<\/p>\n<p class=\"fig-paragraph\"><a href=\"http:\/\/www.lefigaro.fr\/flash-actu\/nous-verrons-ce-qui-arrive-trump-se-dit-ouvert-a-la-levee-des-sanctions-contre-l-iran-20251107\" data-fig-type=\"NewsFlash\" data-gtm-custom-categorie=\"navigation\" data-gtm-custom-action=\"crossclick\" data-gtm-custom-label=\"Contextuel\" data-gtm-event=\"customEventSPE\" data-fig-domain=\"LEFIGARO\" target=\"_blank\" rel=\"noopener\">Donald Trump<\/a>\u00a0a accueilli jeudi \u00e0 la\u00a0<a href=\"http:\/\/www.lefigaro.fr\/international\/etats-unis-la-maison-blanche-restreint-l-acces-des-journalistes-a-son-bureau-de-presse-20251031\" data-fig-type=\"NewsFlash\" data-gtm-custom-categorie=\"navigation\" data-gtm-custom-action=\"crossclick\" data-gtm-custom-label=\"Contextuel\" data-gtm-event=\"customEventSPE\" data-fig-domain=\"LEFIGARO\" target=\"_blank\" rel=\"noopener\">Maison-Blanche\u00a0<\/a>pour la premi\u00e8re fois les dirigeants des cinq ex-r\u00e9publiques sovi\u00e9tiques d&rsquo;Asie centrale, une r\u00e9gion qui attise toutes les convoitises par ses ressources naturelles. \u00abNous renfor\u00e7ons notre partenariat \u00e9conomique, nous am\u00e9liorons notre coop\u00e9ration militaire\u00bb, a dit Donald Trump avant un d\u00eener avec les pr\u00e9sidents des cinq \u00c9tats invit\u00e9s (Kazakhstan, Kirghizstan, Ouzb\u00e9kistan, Tadjikistan, Turkm\u00e9nistan). \u00abL&rsquo;un des sujets les plus importants \u00e0 notre programme est les minerais strat\u00e9giques\u00bb, a encore dit le pr\u00e9sident am\u00e9ricain, affirmant que ces pays avaient \u00abune importance immense et un potentiel incroyable\u00bb. Donald Trump a d&rsquo;ailleurs annonc\u00e9 sur son r\u00e9seau Truth Social un accord commercial avec l&rsquo;Ouzb\u00e9kistan.<\/p>\n<p class=\"fig-paragraph\">Le pays investira pr\u00e8s de 35 milliards de dollars sur trois ans et plus de 100 milliards sur 10 ans \u00abdans des secteurs cl\u00e9s\u00bb, a-t-il pr\u00e9cis\u00e9, citant entre autres les minerais critiques, l&rsquo;\u00e9nergie et les technologies. Les abondantes r\u00e9serves naturelles encore largement inexplor\u00e9es des pays centrasiatiques attisent les convoitises de Bruxelles et Washington, qui veulent diversifier leurs approvisionnements en terres rares, des mat\u00e9riaux indispensables aux industries d&rsquo;aujourd&rsquo;hui et sur lesquels la Chine a un quasi-monopole.<\/p>\n<p>                                    <a class=\"fig-a11y-skip a11y-hidden\" href=\"#fig-a11y-skip-main-inarticle\"><br \/>\n        Passer la publicit\u00e9<br \/>\n    <\/a><\/p>\n<p class=\"fig-paragraph\">Le Kazakhstan est par ailleurs le premier producteur mondial d&rsquo;uranium, l&rsquo;Ouzb\u00e9kistan regorge d&rsquo;or, et les r\u00e9serves de gaz du Turkm\u00e9nistan sont parmi les plus importantes de la plan\u00e8te. L&rsquo;acheminement de ces mat\u00e9riaux vers le reste du monde reste toutefois compliqu\u00e9. Cette r\u00e9gion de hautes montagnes et de d\u00e9serts d&rsquo;environ 80 millions d&rsquo;habitants, enclav\u00e9e et immense (4 millions de km2, soit presque autant que l&rsquo;Union europ\u00e9enne), est bord\u00e9e par la Russie (nord), la Chine (est), l&rsquo;Iran et l&rsquo;Afghanistan (sud), des \u00c9tats aux relations conflictuelles avec les Occidentaux.<\/p>\n<p>\u00abEnvoy\u00e9 par le ciel\u00bb<\/p>\n<p class=\"fig-paragraph\">Les invit\u00e9s de Donald Trump n&rsquo;ont pas tari d&rsquo;\u00e9loges pour leur h\u00f4te. \u00abVous \u00eates le grand leader, homme d&rsquo;\u00c9tat, envoy\u00e9 par le Ciel pour ramener du bon sens et les traditions\u00bb, a lou\u00e9 le pr\u00e9sident du Kazakhstan<a href=\"https:\/\/www.lefigaro.fr\/international\/kazakhstan-kassym-jomart-tokaiev-attendu-au-tournant-des-reformes-20221118\" data-fig-type=\"Article\" data-gtm-custom-categorie=\"navigation\" data-gtm-custom-action=\"crossclick\" data-gtm-custom-label=\"Contextuel\" data-gtm-event=\"customEventSPE\" data-fig-domain=\"LEFIGARO\" target=\"_blank\" rel=\"noopener\">\u00a0Kassym-Jomart Toka\u00efev<\/a>. \u00abAucun pr\u00e9sident des \u00c9tats-Unis n&rsquo;a jamais trait\u00e9 l&rsquo;Asie centrale comme vous le faites\u00bb, a dit le pr\u00e9sident ouzbek Chavkat Mirzio\u00efev.<\/p>\n<p class=\"fig-paragraph\">Ces cinq pays sous influence russe exclusive entre le milieu du 19e si\u00e8cle et la chute de l&rsquo;URSS en 1991 tentent d&rsquo;appara\u00eetre comme un p\u00f4le g\u00e9opolitique unifi\u00e9. P\u00e9kin est d\u00e9j\u00e0 solidement implant\u00e9 dans la r\u00e9gion avec ses \u00abNouvelles routes de la soie\u00bb, immense projet d&rsquo;infrastructures, et s&rsquo;est impos\u00e9 comme le premier partenaire commercial. Au niveau s\u00e9curitaire, Moscou reste incontournable.<\/p>\n<p>Accords d&rsquo;Abraham<\/p>\n<p class=\"fig-paragraph\">La principale annonce de la soir\u00e9e est venue du Kazakhstan, qui rejoindra<a href=\"https:\/\/video.lefigaro.fr\/figaro\/international\/en-quoi-consistent-les-accords-dabraham-evoques-par-donald-trump-devant-le-parlement-israelien-20251015\" data-fig-type=\"Video\" data-gtm-custom-categorie=\"navigation\" data-gtm-custom-action=\"crossclick\" data-gtm-custom-label=\"Contextuel\" data-gtm-event=\"customEventSPE\" data-fig-domain=\"LEFIGARO\" target=\"_blank\" rel=\"noopener\">\u00a0les accords d&rsquo;Abraham.<\/a>\u00a0Ce processus tr\u00e8s cher \u00e0 Donald Trump avait vu plusieurs pays arabes normaliser leurs relations avec Isra\u00ebl en 2020, pendant le premier mandat du r\u00e9publicain: \u00c9mirats arabes unis, Bahre\u00efn, Maroc et Soudan. Cette d\u00e9cision du Kazakhstan a \u00e9t\u00e9 qualifi\u00e9e de \u00abr\u00e9el progr\u00e8s\u00bb par le pr\u00e9sident am\u00e9ricain, bien que son impact ne soit en rien comparable puisque le pays a d\u00e9j\u00e0 des rapports diplomatiques avec Isra\u00ebl.<\/p>\n<p class=\"fig-paragraph\">Le vice-pr\u00e9sident JD Vance, \u00e9galement pr\u00e9sent jeudi, a dit que cette d\u00e9cision avait valeur de \u00absignal\u00bb, alors que Washington assure que la liste des signataires ne va faire que s&rsquo;allonger. Nombre d&rsquo;\u00c9tats ont jusqu&rsquo;ici refus\u00e9 de se joindre \u00e0 ce processus, en particulier l&rsquo;Arabie saoudite, ainsi que la Syrie et le Liban, voisins d&rsquo;Isra\u00ebl.<\/p>\n<p>                                    <a class=\"fig-a11y-skip a11y-hidden\" href=\"#fig-a11y-skip-main-inarticle_mtf\"><br \/>\n        Passer la publicit\u00e9<br \/>\n    <\/a><\/p>\n<p>De nombreuses ONG notent une d\u00e9gradation r\u00e9cente des droits humains<\/p>\n<p class=\"fig-paragraph\">Pour les \u00c9tats-Unis de Donald Trump, la coop\u00e9ration \u00e9conomique prime franchement sur la promotion des valeurs d\u00e9mocratiques dans cette r\u00e9gion aux r\u00e9gimes autoritaires, \u00e0 divers degr\u00e9s. Si l&rsquo;Asie centrale s&rsquo;ouvre aux investissements \u00e9trangers et aux touristes, de nombreuses ONG notent une d\u00e9gradation r\u00e9cente des droits humains tandis que la sc\u00e8ne politique est cadenass\u00e9e et la presse \u00e9troitement contr\u00f4l\u00e9e.<\/p>\n<p class=\"fig-paragraph\"><a href=\"http:\/\/www.lefigaro.fr\/secteur\/high-tech\/sante-mentale-amnesty-international-denonce-les-manquements-de-tiktok-aux-lois-europeennes-et-saisit-l-arcom-20251021\" data-fig-type=\"NewsFlash\" data-gtm-custom-categorie=\"navigation\" data-gtm-custom-action=\"crossclick\" data-gtm-custom-label=\"Contextuel\" data-gtm-event=\"customEventSPE\" data-fig-domain=\"LEFIGARO\" target=\"_blank\" rel=\"noopener\">Amnesty International<\/a>\u00a0estime la situation \u00abpr\u00e9occupante\u00bb, Human Rights Watch rel\u00e8ve \u00abl&rsquo;intensification de l&rsquo;intimidation, du harc\u00e8lement et des poursuites contre les militants critiques et les journalistes\u00bb. Le d\u00e9mant\u00e8lement par Donald Trump du m\u00e9dia public am\u00e9ricain Radio Free Europe, l&rsquo;une des rares sources d&rsquo;information alternatives en Asie centrale diffusant dans les langues locales, a \u00e9t\u00e9 salu\u00e9 par les pr\u00e9sidents du Kazakhstan et du Kirghizstan.<\/p>\n","protected":false},"excerpt":{"rendered":"Les dirigeants de cinq ex-r\u00e9publiques sovi\u00e9tiques (Kazakhstan, Kirghizstan, Ouzb\u00e9kistan, Tadjikistan, Turkm\u00e9nistan) ont \u00e9t\u00e9 re\u00e7us jeudi \u00e0 la Maison-Blanche.&hellip;\n","protected":false},"author":2,"featured_media":517940,"comment_status":"","ping_status":"","sticky":false,"template":"","format":"standard","meta":{"footnotes":""},"categories":[5],"tags":[11,2762,75,1011,27,14,12,28],"class_list":{"0":"post-517939","1":"post","2":"type-post","3":"status-publish","4":"format-standard","5":"has-post-thumbnail","7":"category-international","8":"tag-actualites","9":"tag-asie-centrale","10":"tag-donald-trump","11":"tag-fr","12":"tag-france","13":"tag-international","14":"tag-news","15":"tag-world"},"share_on_mastodon":{"url":"https:\/\/pubeurope.com\/@fr\/115507703645321302","error":""},"_links":{"self":[{"href":"https:\/\/www.europesays.com\/fr\/wp-json\/wp\/v2\/posts\/517939","targetHints":{"allow":["GET"]}}],"collection":[{"href":"https:\/\/www.europesays.com\/fr\/wp-json\/wp\/v2\/posts"}],"about":[{"href":"https:\/\/www.europesays.com\/fr\/wp-json\/wp\/v2\/types\/post"}],"author":[{"embeddable":true,"href":"https:\/\/www.europesays.com\/fr\/wp-json\/wp\/v2\/users\/2"}],"replies":[{"embeddable":true,"href":"https:\/\/www.europesays.com\/fr\/wp-json\/wp\/v2\/comments?post=517939"}],"version-history":[{"count":0,"href":"https:\/\/www.europesays.com\/fr\/wp-json\/wp\/v2\/posts\/517939\/revisions"}],"wp:featuredmedia":[{"embeddable":true,"href":"https:\/\/www.europesays.com\/fr\/wp-json\/wp\/v2\/media\/517940"}],"wp:attachment":[{"href":"https:\/\/www.europesays.com\/fr\/wp-json\/wp\/v2\/media?parent=517939"}],"wp:term":[{"taxonomy":"category","embeddable":true,"href":"https:\/\/www.europesays.com\/fr\/wp-json\/wp\/v2\/categories?post=517939"},{"taxonomy":"post_tag","embeddable":true,"href":"https:\/\/www.europesays.com\/fr\/wp-json\/wp\/v2\/tags?post=517939"}],"curies":[{"name":"wp","href":"https:\/\/api.w.org\/{rel}","templated":true}]}}