{"id":51794,"date":"2025-04-25T12:58:08","date_gmt":"2025-04-25T12:58:08","guid":{"rendered":"https:\/\/www.europesays.com\/fr\/51794\/"},"modified":"2025-04-25T12:58:08","modified_gmt":"2025-04-25T12:58:08","slug":"un-armateur-juge-pour-mouillages-sur-des-herbiers-de-posidonie","status":"publish","type":"post","link":"https:\/\/www.europesays.com\/fr\/51794\/","title":{"rendered":"un armateur jug\u00e9 pour mouillages sur des herbiers de posidonie"},"content":{"rendered":"<p>Une amende de 50.000 euros a \u00e9t\u00e9 requise \u00e0 l\u2019encontre d\u2019une soci\u00e9t\u00e9 qui transportait des touristes \u00e0 bord d\u2019un catamaran dans les calanques, au motif que l\u2019entreprise a d\u00e9truit des herbiers de posidonie dans le parc national.<\/p>\n<p class=\"fig-paragraph\">Une amende de 50.000 euros avec sursis a \u00e9t\u00e9 requise vendredi \u00e0 Marseille contre la soci\u00e9t\u00e9 propri\u00e9taire d&rsquo;un catamaran de transport de touristes pour deux mouillages interdits dans le parc national des\u00a0<a href=\"http:\/\/www.lefigaro.fr\/marseille\/marseille-pourquoi-un-voilier-est-il-echoue-depuis-plus-de-50-jours-dans-les-calanques-20241204\" data-fig-type=\"NewsFlash\" data-gtm-custom-categorie=\"navigation\" data-gtm-custom-action=\"crossclick\" data-gtm-custom-label=\"Contextuel\" data-gtm-event=\"customEventSPE\" data-fig-domain=\"LEFIGARO\" target=\"_blank\" rel=\"noopener\">Calanques\u00a0<\/a>qui ont d\u00e9truit des herbiers de\u00a0<a href=\"http:\/\/www.lefigaro.fr\/marseille\/marseille-la-justice-francaise-reconnait-le-prejudice-ecologique-d-atteinte-a-l-herbier-de-posidonie-20241125\" data-fig-type=\"NewsFlash\" data-gtm-custom-categorie=\"navigation\" data-gtm-custom-action=\"crossclick\" data-gtm-custom-label=\"Contextuel\" data-gtm-event=\"customEventSPE\" data-fig-domain=\"LEFIGARO\" target=\"_blank\" rel=\"noopener\">posidonie<\/a>.<\/p>\n<p class=\"fig-paragraph\">Le catamaran E-Colorato de la soci\u00e9t\u00e9 Levantin avait \u00e9t\u00e9 contr\u00f4l\u00e9 en infraction ayant mouill\u00e9, le 19 juillet 2021 et le 30 avril 2022, devant les calanques de Sugiton et de Sormiou dans une zone interdite au mouillage pour les navires de plus de 24 m\u00e8tres. Il mesure pr\u00e9cis\u00e9ment 24,86 m\u00e8tres.<\/p>\n<p class=\"fig-paragraph\">Les deux skippers ont \u00e9t\u00e9 condamn\u00e9s selon une proc\u00e9dure de composition p\u00e9nale, une mesure alternative aux poursuites, permettant de condamner rapidement le ou les auteurs d&rsquo;une l&rsquo;infraction, \u00e0 condition qu&rsquo;ils reconnaissent les faits. Les skippers ont admis devant le tribunal maritime avoir c\u00e9d\u00e9 \u00e0 la pression commerciale des passagers et de l&rsquo;armateur, en d\u00e9pit, a dit l&rsquo;un d&rsquo;eux, de sa sensibilit\u00e9 environnementale.<\/p>\n<p class=\"fig-paragraph\">Le g\u00e9rant \u00e9tait lui absent \u00e0 l&rsquo;audience. \u00abIl adopte la politique de la terre br\u00fbl\u00e9e, il remplit ses caisses le plus vite possible avant de dispara\u00eetre \u00e0 l&rsquo;\u00e9tranger\u00bb, a d\u00e9plor\u00e9 le procureur Michel Sastre.<\/p>\n<p>D\u00e9cision le 12 juin<\/p>\n<p class=\"fig-paragraph\">Si le tribunal maritime de Marseille a d\u00e9j\u00e0 condamn\u00e9 des capitaines \u00e0 la r\u00e9paration du pr\u00e9judice \u00e9cologique, c&rsquo;est le premier dossier ciblant un armateur. Cette soci\u00e9t\u00e9 \u00aba gagn\u00e9 beaucoup d&rsquo;argent gr\u00e2ce au parc national des\u00a0<a href=\"http:\/\/www.lefigaro.fr\/voyages\/le-massif-des-calanques-entre-randonnees-et-baignades-nos-cles-du-paradis-20200619\" data-fig-type=\"Article\" data-gtm-custom-categorie=\"navigation\" data-gtm-custom-action=\"crossclick\" data-gtm-custom-label=\"Contextuel\" data-gtm-event=\"customEventSPE\" data-fig-domain=\"LEFIGARO\" target=\"_blank\" rel=\"noopener\">Calanques\u00a0<\/a> jusqu&rsquo;\u00e0 sa suspension, fin 2023 de la liste des transports de passagers autoris\u00e9s dans le c\u0153ur marin pour des manquements r\u00e9p\u00e9t\u00e9s\u00bb, a fait savoir Me S\u00e9bastien Mabile, avocat du parc. L&rsquo;entreprise a ensuite fait faillite et se trouve d\u00e9sormais en liquidation judiciaire.<\/p>\n<p class=\"fig-paragraph\">Me Mabile a demand\u00e9 la condamnation de la soci\u00e9t\u00e9 Levantin au titre de la r\u00e9paration du pr\u00e9judice \u00e9cologique \u00e0 49.000 euros de dommages et int\u00e9r\u00eats face \u00e0 une destruction estim\u00e9e de 435 m\u00b2 d&rsquo;herbiers de posidonies.<\/p>\n<p class=\"fig-paragraph\">L&rsquo;int\u00e9r\u00eat \u00e9cologique des herbiers de posidonies &#8211; captation d&rsquo;une grande quantit\u00e9 de carbone, lib\u00e9ration d&rsquo;oxyg\u00e8ne et refuge de biodiversit\u00e9 &#8211; a d\u00e9j\u00e0 \u00e9t\u00e9 retenu par le tribunal qui a mis en \u0153uvre un mode de calcul innovant du pr\u00e9judice \u00e9cologique.<\/p>\n<p class=\"fig-paragraph\">Ce parc \u00aben compte 700 hectares mais, si rien n&rsquo;est fait, en quelques dizaines d&rsquo;ann\u00e9es, la totalit\u00e9 des herbiers pourrait dispara\u00eetre alors qu&rsquo;ils ont mis des mill\u00e9naires \u00e0 se constituer\u00bb, a alert\u00e9 Me Mabile.<\/p>\n<p class=\"fig-paragraph\">\u00abOn ne peut pas se faire de l&rsquo;argent au d\u00e9triment de la biodiversit\u00e9\u00bb, a estim\u00e9 de son c\u00f4t\u00e9 Me Isabelle Vergnoux, avocate de trois associations de d\u00e9fense de l&rsquo;environnement dont France Nature Environnement.<\/p>\n<p class=\"fig-paragraph\">Avocate du mandataire liquidateur de la soci\u00e9t\u00e9 Levantin, Me B\u00e9n\u00e9dicte Chabas a invit\u00e9 le tribunal \u00e0 \u00abne pas entrer en voie de condamnation civile d&rsquo;une personne morale qui n&rsquo;est pas \u00e0 l&rsquo;origine de l&rsquo;infraction\u00bb. La d\u00e9cision sera rendue le 12 juin.<\/p>\n","protected":false},"excerpt":{"rendered":"Une amende de 50.000 euros a \u00e9t\u00e9 requise \u00e0 l\u2019encontre d\u2019une soci\u00e9t\u00e9 qui transportait des touristes \u00e0 bord&hellip;\n","protected":false},"author":2,"featured_media":51795,"comment_status":"","ping_status":"","sticky":false,"template":"","format":"standard","meta":{"footnotes":""},"categories":[2814],"tags":[1111,11,885,1182,1180,1181,436,1777,674,1011,27,1184,1185,884,12,1177,1176,149,2694,1186,882,25,1178,1183,1179],"class_list":{"0":"post-51794","1":"post","2":"type-post","3":"status-publish","4":"format-standard","5":"has-post-thumbnail","7":"category-marseille","8":"tag-actu","9":"tag-actualites","10":"tag-bouches-du-rhone","11":"tag-calanques","12":"tag-canebiere","13":"tag-cite-phoceenne","14":"tag-environnement","15":"tag-eu","16":"tag-europe","17":"tag-fr","18":"tag-france","19":"tag-la-timone","20":"tag-les-baumettes-mediterranee","21":"tag-marseille","22":"tag-news","23":"tag-notre-dame-de-la-garde","24":"tag-olympique-de-marseille","25":"tag-om","26":"tag-proces","27":"tag-provence","28":"tag-provence-alpes-cote-dazur","29":"tag-republique-francaise","30":"tag-saint-charles","31":"tag-sormiou","32":"tag-vieux-port"},"share_on_mastodon":{"url":"https:\/\/pubeurope.com\/@fr\/114398724432667781","error":""},"_links":{"self":[{"href":"https:\/\/www.europesays.com\/fr\/wp-json\/wp\/v2\/posts\/51794","targetHints":{"allow":["GET"]}}],"collection":[{"href":"https:\/\/www.europesays.com\/fr\/wp-json\/wp\/v2\/posts"}],"about":[{"href":"https:\/\/www.europesays.com\/fr\/wp-json\/wp\/v2\/types\/post"}],"author":[{"embeddable":true,"href":"https:\/\/www.europesays.com\/fr\/wp-json\/wp\/v2\/users\/2"}],"replies":[{"embeddable":true,"href":"https:\/\/www.europesays.com\/fr\/wp-json\/wp\/v2\/comments?post=51794"}],"version-history":[{"count":0,"href":"https:\/\/www.europesays.com\/fr\/wp-json\/wp\/v2\/posts\/51794\/revisions"}],"wp:featuredmedia":[{"embeddable":true,"href":"https:\/\/www.europesays.com\/fr\/wp-json\/wp\/v2\/media\/51795"}],"wp:attachment":[{"href":"https:\/\/www.europesays.com\/fr\/wp-json\/wp\/v2\/media?parent=51794"}],"wp:term":[{"taxonomy":"category","embeddable":true,"href":"https:\/\/www.europesays.com\/fr\/wp-json\/wp\/v2\/categories?post=51794"},{"taxonomy":"post_tag","embeddable":true,"href":"https:\/\/www.europesays.com\/fr\/wp-json\/wp\/v2\/tags?post=51794"}],"curies":[{"name":"wp","href":"https:\/\/api.w.org\/{rel}","templated":true}]}}