{"id":517945,"date":"2025-11-07T09:29:21","date_gmt":"2025-11-07T09:29:21","guid":{"rendered":"https:\/\/www.europesays.com\/fr\/517945\/"},"modified":"2025-11-07T09:29:21","modified_gmt":"2025-11-07T09:29:21","slug":"lorchestre-massenet-de-saint-etienne-et-lorchesttre-tain-tournon-a-beauzac-le-15-novembre","status":"publish","type":"post","link":"https:\/\/www.europesays.com\/fr\/517945\/","title":{"rendered":"L&rsquo;orchestre Massenet de Saint-Etienne et l&rsquo;OrcHesTTre Tain Tournon \u00e0 Beauzac le 15 novembre"},"content":{"rendered":"<p>\t\t\t\t\t\t\t\t\t\t\t\t\t\t\t\t\t\t\t\t\t\t\t\t\t\t\t\t\t\t\t\t\t\t\t\t\t\t\t\t\t\t\t\t\t\t<img decoding=\"async\" loading=\"lazy\" src=\"https:\/\/www.europesays.com\/fr\/wp-content\/uploads\/2025\/11\/afrique.gif\" alt=\"F\u00eate africaine novembre 2025\"\/><\/p>\n<p>\t\t\t\t\t\t\t\t\t\t\t\t\t\t\t\t\t\t\t\t\t\t\t\t\t\t\t\t\t\t\t\t\t\t\t\t\t\t\t\t\t\t\t\t\t\t\t\t\t\t\t\t\t\t\t\t\t\t\t\t\t\t\t<a href=\"https:\/\/www.lacommere43.fr\/component\/banners\/click\/1754.html\" target=\"_blank\" title=\"Annonces l\u00e9gales Une\" rel=\"noopener\"><br \/>\n\t\t\t\t\t\t\t<img decoding=\"async\" loading=\"lazy\" src=\"https:\/\/www.europesays.com\/fr\/wp-content\/uploads\/2025\/07\/CARRE.gif\" alt=\"Annonces l\u00e9gales Une\"\/><br \/>\n\t\t\t\t\t\t<\/a><\/p>\n<p><strong>L&rsquo;orchestre Massenet de Saint-Etienne et l&rsquo;OrcHesTTre de Tain Tournon se sont mobilis\u00e9s pour une soir\u00e9e musicale \u00e0 l&rsquo;Espace \u00ab\u00a0La Dorli\u00e8re\u00a0\u00bb de Beauzac samedi 15 novembre \u00e0 20 h 30.<\/strong><\/p>\n<p>L&rsquo;Orchestre Massenet est un orchestre d&rsquo;harmonie compos\u00e9 d&rsquo;\u00e9l\u00e8ves du Conservatoire \u00e0 rayonnement r\u00e9gional et de musiciens amateurs et professionnels r\u00e9sidant sur la r\u00e9gion st\u00e9phanoise. Plac\u00e9 sous la direction musicale d&rsquo;Eric Varion de 2013 \u00e0 2023, l&rsquo;orchestre a men\u00e9 de nombreux projets musicaux sur la ville de Saint-Etienne.<\/p>\n<p><strong>Un r\u00e9pertoire original<\/strong><\/p>\n<p>En parall\u00e8le \u00e0 cet engagement territorial, il est all\u00e9 \u00e0 la rencontre des publics au-del\u00e0 de la ville : M\u00e9tropole, d\u00e9partements de la Loire, de la Haute-Loire et jusqu&rsquo;en entreprise. Sa volont\u00e9 est de d\u00e9fendre le r\u00e9pertoire original pour orchestre d&rsquo;harmonie, les transcriptions ambitieuses du grand r\u00e9pertoire symphonique, ainsi que les collaborations artistiques avec les autres esth\u00e9tiques musicales (jazz, chanson, ch\u0153urs&#8230;).<\/p>\n<p><strong>Des \u00e9changes \u00e0 l&rsquo;international<\/strong><\/p>\n<p>De structure associative, l&rsquo;OrcHesTTre de Tain Tournon accueille une soixantaine de musiciens de tr\u00e8s bon niveau (grands \u00e9l\u00e8ves d&rsquo;\u00e9coles de musique, de conservatoires, adultes confirm\u00e9s, professeurs&#8230;) d\u00e9sirant pratiquer, dans un cadre amateur, la musique d&rsquo;ensemble avec le souci constant d&rsquo;exigence et de qualit\u00e9. Dans un esprit d&rsquo;ouverture et de d\u00e9couvertes, l&rsquo;OrcHesTTre a mis en place de grands projets d&rsquo;\u00e9changes avec des formations musicales lointaines : Louisiane, Banda de Santiago de Cuba, Qu\u00e9bec.<\/p>\n<p><strong>Infos pratiques<\/strong><\/p>\n<p>Placement libre assis<\/p>\n<p>R\u00e9servation en ligne sur <a href=\"https:\/\/www.billetweb.fr\/orchestre-d-harmonie-l-orchestre-massenet-de-st-etienne-et-l-orchettre-de-tain-tournon\" target=\"_blank\" rel=\"noopener\">www.billetweb.fr<\/a> : 12 \u20acSur place : 15 \u20ac<\/p>\n<p>Enfant (12-18 ans) : 5 \u20ac<\/p>\n<p>Enfant -12 ans : gratuit<\/p>\n","protected":false},"excerpt":{"rendered":"L&rsquo;orchestre Massenet de Saint-Etienne et l&rsquo;OrcHesTTre de Tain Tournon se sont mobilis\u00e9s pour une soir\u00e9e musicale \u00e0 l&rsquo;Espace&hellip;\n","protected":false},"author":2,"featured_media":517946,"comment_status":"","ping_status":"","sticky":false,"template":"","format":"standard","meta":{"footnotes":""},"categories":[9653],"tags":[1111,2281,11,2430,1777,674,2282,1011,27,2280,2284,2285,2283,12,25,4001],"class_list":{"0":"post-517945","1":"post","2":"type-post","3":"status-publish","4":"format-standard","5":"has-post-thumbnail","7":"category-saint-etienne","8":"tag-actu","9":"tag-actualite-43","10":"tag-actualites","11":"tag-auvergne-rhone-alpes","12":"tag-eu","13":"tag-europe","14":"tag-faits-divers-auvergne","15":"tag-fr","16":"tag-france","17":"tag-information-haute-loire","18":"tag-infos-43","19":"tag-journal-haute-loire","20":"tag-la-commere-43","21":"tag-news","22":"tag-republique-francaise","23":"tag-saint-etienne"},"share_on_mastodon":{"url":"https:\/\/pubeurope.com\/@fr\/115507715994044343","error":""},"_links":{"self":[{"href":"https:\/\/www.europesays.com\/fr\/wp-json\/wp\/v2\/posts\/517945","targetHints":{"allow":["GET"]}}],"collection":[{"href":"https:\/\/www.europesays.com\/fr\/wp-json\/wp\/v2\/posts"}],"about":[{"href":"https:\/\/www.europesays.com\/fr\/wp-json\/wp\/v2\/types\/post"}],"author":[{"embeddable":true,"href":"https:\/\/www.europesays.com\/fr\/wp-json\/wp\/v2\/users\/2"}],"replies":[{"embeddable":true,"href":"https:\/\/www.europesays.com\/fr\/wp-json\/wp\/v2\/comments?post=517945"}],"version-history":[{"count":0,"href":"https:\/\/www.europesays.com\/fr\/wp-json\/wp\/v2\/posts\/517945\/revisions"}],"wp:featuredmedia":[{"embeddable":true,"href":"https:\/\/www.europesays.com\/fr\/wp-json\/wp\/v2\/media\/517946"}],"wp:attachment":[{"href":"https:\/\/www.europesays.com\/fr\/wp-json\/wp\/v2\/media?parent=517945"}],"wp:term":[{"taxonomy":"category","embeddable":true,"href":"https:\/\/www.europesays.com\/fr\/wp-json\/wp\/v2\/categories?post=517945"},{"taxonomy":"post_tag","embeddable":true,"href":"https:\/\/www.europesays.com\/fr\/wp-json\/wp\/v2\/tags?post=517945"}],"curies":[{"name":"wp","href":"https:\/\/api.w.org\/{rel}","templated":true}]}}