{"id":517951,"date":"2025-11-07T09:32:21","date_gmt":"2025-11-07T09:32:21","guid":{"rendered":"https:\/\/www.europesays.com\/fr\/517951\/"},"modified":"2025-11-07T09:32:21","modified_gmt":"2025-11-07T09:32:21","slug":"direct-suivez-le-match-sluc-nancy","status":"publish","type":"post","link":"https:\/\/www.europesays.com\/fr\/517951\/","title":{"rendered":"Direct. Suivez le match SLUC Nancy"},"content":{"rendered":"<p>Bonjour !<\/p>\n<p>Ce vendredi, en match avanc\u00e9 de la 7e journ\u00e9e de Betclic Elite, <a href=\"https:\/\/www.estrepublicain.fr\/sport\/2025\/11\/07\/face-a-la-tornade-choletaise-le-sluc-nancy-n-aura-pas-le-droit-a-l-erreur\" target=\"_blank\" rel=\"noopener\">le SLUC re\u00e7oit Cholet \u00e0 Gentilly<\/a>. Cholet est actuellement sur le podium (4v &#8211; 2d), mais le SLUC doit profiter de l&rsquo;occasion pour mettre une victoire en banque \u00e0 domicile, avant de se d\u00e9placer \u00e0 Saint-Quentin, samedi prochain.<\/p>\n<p>Une \u00e9quipe nanc\u00e9ienne qui, pour la premi\u00e8re fois de la saison, jouera dans sa configuration initiale : sans l&rsquo;Allemand Martin Breunig.\u00a0\u00a0<\/p>\n","protected":false},"excerpt":{"rendered":"Bonjour ! Ce vendredi, en match avanc\u00e9 de la 7e journ\u00e9e de Betclic Elite, le SLUC re\u00e7oit Cholet&hellip;\n","protected":false},"author":2,"featured_media":517952,"comment_status":"","ping_status":"","sticky":false,"template":"","format":"standard","meta":{"footnotes":""},"categories":[9635],"tags":[1111,11,1791,3545,1707,1706,1705,1777,674,107,1701,1795,1011,27,775,3457,1702,12,25,11567,517,1700],"class_list":{"0":"post-517951","1":"post","2":"type-post","3":"status-publish","4":"format-standard","5":"has-post-thumbnail","7":"category-nancy","8":"tag-actu","9":"tag-actualites","10":"tag-basket-ball","11":"tag-direct-sport","12":"tag-edition-luneville","13":"tag-edition-pont-a-mousson","14":"tag-edition-toul","15":"tag-eu","16":"tag-europe","17":"tag-fil-info","18":"tag-fil-info-sport","19":"tag-fil-web","20":"tag-fr","21":"tag-france","22":"tag-grand-est","23":"tag-meurthe-et-moselle","24":"tag-nancy","25":"tag-news","26":"tag-republique-francaise","27":"tag-sluc","28":"tag-sport","29":"tag-sport-lorrain"},"share_on_mastodon":{"url":"https:\/\/pubeurope.com\/@fr\/115507727230167683","error":""},"_links":{"self":[{"href":"https:\/\/www.europesays.com\/fr\/wp-json\/wp\/v2\/posts\/517951","targetHints":{"allow":["GET"]}}],"collection":[{"href":"https:\/\/www.europesays.com\/fr\/wp-json\/wp\/v2\/posts"}],"about":[{"href":"https:\/\/www.europesays.com\/fr\/wp-json\/wp\/v2\/types\/post"}],"author":[{"embeddable":true,"href":"https:\/\/www.europesays.com\/fr\/wp-json\/wp\/v2\/users\/2"}],"replies":[{"embeddable":true,"href":"https:\/\/www.europesays.com\/fr\/wp-json\/wp\/v2\/comments?post=517951"}],"version-history":[{"count":0,"href":"https:\/\/www.europesays.com\/fr\/wp-json\/wp\/v2\/posts\/517951\/revisions"}],"wp:featuredmedia":[{"embeddable":true,"href":"https:\/\/www.europesays.com\/fr\/wp-json\/wp\/v2\/media\/517952"}],"wp:attachment":[{"href":"https:\/\/www.europesays.com\/fr\/wp-json\/wp\/v2\/media?parent=517951"}],"wp:term":[{"taxonomy":"category","embeddable":true,"href":"https:\/\/www.europesays.com\/fr\/wp-json\/wp\/v2\/categories?post=517951"},{"taxonomy":"post_tag","embeddable":true,"href":"https:\/\/www.europesays.com\/fr\/wp-json\/wp\/v2\/tags?post=517951"}],"curies":[{"name":"wp","href":"https:\/\/api.w.org\/{rel}","templated":true}]}}