{"id":517957,"date":"2025-11-07T09:35:10","date_gmt":"2025-11-07T09:35:10","guid":{"rendered":"https:\/\/www.europesays.com\/fr\/517957\/"},"modified":"2025-11-07T09:35:10","modified_gmt":"2025-11-07T09:35:10","slug":"saisies-de-stupefiants-a-la-cite-gely-ce-que-cachaient-les-parties-communes","status":"publish","type":"post","link":"https:\/\/www.europesays.com\/fr\/517957\/","title":{"rendered":"saisies de stup\u00e9fiants \u00e0 la Cit\u00e9 G\u00e9ly, ce que cachaient les parties communes"},"content":{"rendered":"<p>            Par<br \/>\n        <strong><br \/>\n            <a href=\"https:\/\/actu.fr\/auteur\/lea-pippinato\" title=\"Consulter tous les articles de L\u00e9a Pippinato\" target=\"_blank\" rel=\"noopener\">L\u00e9a Pippinato<\/a><br \/>\n        <\/strong><\/p>\n<p>        Publi\u00e9 le<\/p>\n<p>            7 nov. 2025 \u00e0 10h28        <\/p>\n<p><strong>Ce mardi 4 novembre 2025<\/strong> \u00e0 16h30, la police nationale m\u00e8ne une op\u00e9ration de voie publique \u00e0 la Cit\u00e9 G\u00e9ly. L\u2019intervention vise un point de deal connu. Deux acheteurs sont contr\u00f4l\u00e9s apr\u00e8s avoir acquis des produits stup\u00e9fiants, et les forces de l\u2019ordre les interpellent imm\u00e9diatement. Ils sont entendus avant d\u2019\u00eatre remis en libert\u00e9.\u00a0<\/p>\n<p>    <a href=\"https:\/\/www.google.com\/maps\/embed?pb=!1m18!1m12!1m3!1d2888.9834730254433!2d3.8536692264598122!3d43.60688572110442!2m3!1f0!2f0!3f0!3m2!1i1024!2i768!4f13.1!3m3!1m2!1s0x12b6ae5752f3a46f%3A0xe7e0cd8117964543!2sG%C3%A9ly%2C%2034070%20Montpellier!5e0!3m2!1sfr!2sfr!4v1762507648322!5m2!1sfr!2sfr\" title=\"Ouvrie le lien\" target=\"_blank\" rel=\"noopener\">Cliquez ici pour visualiser le contenu<\/a><\/p>\n<p>Deux vendeurs, 16 et 19 ans<\/p>\n<p class=\" wall-content\">Les forces de l\u2019ordre interpellent deux jeunes vendeurs. L\u2019un a 16 ans, l\u2019autre, 19 ans. Dans les recoins des parties communes, les policiers d\u00e9couvrent une centaine de grammes de r\u00e9sine de cannabis, 80 grammes d\u2019herbe, 15 grammes de coca\u00efne et 20 grammes de cathinone. . Cette derni\u00e8re appartient \u00e0 la famille des stimulants de synth\u00e8se. Elle imite plus ou moins les effets de la coca\u00efne, de la MDMA ou ecstasy, et des amph\u00e9tamines. Les deux vendeurs sont plac\u00e9s en garde \u00e0 vue et d\u00e9f\u00e9r\u00e9s au parquet de Montpellier. L\u2019a\u00een\u00e9 est jug\u00e9 en comparution imm\u00e9diate et \u00e9cope de huit mois de prison avec sursis. Le mineur est pr\u00e9sent\u00e9 au juge des enfants. Il est laiss\u00e9 libre mais plac\u00e9 sous contr\u00f4le judiciaire. Son audience est fix\u00e9e<strong> au 12 d\u00e9cembre.<\/strong><\/p>\n<p class=\" wall-content\">Personnalisez votre actualit\u00e9 en ajoutant vos villes et m\u00e9dias en favori avec <a href=\"https:\/\/moncompte.actu.fr\" title=\"D\u00e9couvez Mon Actu\" rel=\"nofollow noopener\" data-trk=\"{&quot;cta&quot;:{&quot;action&quot;:&quot;https:\\\/\\\/moncompte.actu.fr&quot;,&quot;category&quot;:&quot;mon compte&quot;,&quot;from&quot;:&quot;article footer&quot;,&quot;name&quot;:&quot;Mon actu&quot;,&quot;type&quot;:&quot;cta&quot;}}\" target=\"_blank\">Mon Actu<\/a>.<\/p>\n","protected":false},"excerpt":{"rendered":"Par L\u00e9a Pippinato Publi\u00e9 le 7 nov. 2025 \u00e0 10h28 Ce mardi 4 novembre 2025 \u00e0 16h30, la&hellip;\n","protected":false},"author":2,"featured_media":517958,"comment_status":"","ping_status":"","sticky":false,"template":"","format":"standard","meta":{"footnotes":""},"categories":[9599],"tags":[1111,11,1052,1777,674,118,1011,27,303,2208,12,2680,1072,25],"class_list":{"0":"post-517957","1":"post","2":"type-post","3":"status-publish","4":"format-standard","5":"has-post-thumbnail","7":"category-montpellier","8":"tag-actu","9":"tag-actualites","10":"tag-drogue","11":"tag-eu","12":"tag-europe","13":"tag-faits-divers","14":"tag-fr","15":"tag-france","16":"tag-justice","17":"tag-montpellier","18":"tag-news","19":"tag-occitanie","20":"tag-police","21":"tag-republique-francaise"},"share_on_mastodon":{"url":"https:\/\/pubeurope.com\/@fr\/115507739131576977","error":""},"_links":{"self":[{"href":"https:\/\/www.europesays.com\/fr\/wp-json\/wp\/v2\/posts\/517957","targetHints":{"allow":["GET"]}}],"collection":[{"href":"https:\/\/www.europesays.com\/fr\/wp-json\/wp\/v2\/posts"}],"about":[{"href":"https:\/\/www.europesays.com\/fr\/wp-json\/wp\/v2\/types\/post"}],"author":[{"embeddable":true,"href":"https:\/\/www.europesays.com\/fr\/wp-json\/wp\/v2\/users\/2"}],"replies":[{"embeddable":true,"href":"https:\/\/www.europesays.com\/fr\/wp-json\/wp\/v2\/comments?post=517957"}],"version-history":[{"count":0,"href":"https:\/\/www.europesays.com\/fr\/wp-json\/wp\/v2\/posts\/517957\/revisions"}],"wp:featuredmedia":[{"embeddable":true,"href":"https:\/\/www.europesays.com\/fr\/wp-json\/wp\/v2\/media\/517958"}],"wp:attachment":[{"href":"https:\/\/www.europesays.com\/fr\/wp-json\/wp\/v2\/media?parent=517957"}],"wp:term":[{"taxonomy":"category","embeddable":true,"href":"https:\/\/www.europesays.com\/fr\/wp-json\/wp\/v2\/categories?post=517957"},{"taxonomy":"post_tag","embeddable":true,"href":"https:\/\/www.europesays.com\/fr\/wp-json\/wp\/v2\/tags?post=517957"}],"curies":[{"name":"wp","href":"https:\/\/api.w.org\/{rel}","templated":true}]}}