{"id":517959,"date":"2025-11-07T09:36:19","date_gmt":"2025-11-07T09:36:19","guid":{"rendered":"https:\/\/www.europesays.com\/fr\/517959\/"},"modified":"2025-11-07T09:36:19","modified_gmt":"2025-11-07T09:36:19","slug":"course-poursuite-a-130-km-h-un-jeune-homme-interpelle","status":"publish","type":"post","link":"https:\/\/www.europesays.com\/fr\/517959\/","title":{"rendered":"course-poursuite \u00e0 130 km\/h, un jeune homme interpell\u00e9"},"content":{"rendered":"<p>\nApr\u00e8s avoir coup\u00e9 la route des policiers, un jeune homme a refus\u00e9 d&rsquo;obtemp\u00e9rer aux sommations des forces de l&rsquo;ordre.<\/p>\n<p>\n\u00a9 Photo d\u2019illustration \u2013 Course-poursuite.<\/p>\n<p><a data-no-instant=\"1\" href=\"https:\/\/nimes-metropole-entreprises.fr\/le-territoire-de-nimes-metropole\/un-reseau-economique-et-collaboratif\/digiweek-de-nimes-metropole\/\" rel=\"noopener nofollow\" class=\"a2t-link\" aria-label=\"461-image\" target=\"_blank\"><img decoding=\"async\" loading=\"lazy\" src=\"https:\/\/www.europesays.com\/fr\/wp-content\/uploads\/2025\/11\/1762508179_745_461-image.jpeg\" alt=\"\"   width=\"1220\" height=\"260\"\/><\/a><\/p>\n<p>Dans la nuit du 3 au 4 novembre, les <strong>policiers<\/strong> de la Brigade Anti-Criminalit\u00e9 (BAC) ont \u00e9t\u00e9 victimes d\u2019un <strong>refus d\u2019obtemp\u00e9rer<\/strong>.<\/p>\n<p>Tout commence <strong>avenue de Palavas<\/strong> \u00e0 <a href=\"https:\/\/infoccitanie.fr\/tag\/montpellier\/\" rel=\"nofollow noopener\" target=\"_blank\">Montpellier<\/a>. Vers 1 heure du matin, un conducteur grille un feu rouge et coupe la route aux policiers juste avant de prendre la <strong>fuite<\/strong> en r\u00e9alisant qu\u2019il s\u2019agissait des forces de l\u2019ordre. S\u2019ensuit alors une <strong>dangereuse course-poursuite<\/strong>. Roulant \u00e0 <strong>pr\u00e8s de 130 km\/h<\/strong>, le chauffard grille de nouveau des feux rouges, circule \u00e0 contre-sens dans des ronds-points et manque de peu de percuter un pi\u00e9ton. Un <strong>second v\u00e9hicule de police<\/strong> arrive alors \u00e0 la rescousse mais doit effectuer une manoeuvre in extremis pour <strong>\u00e9viter une collision<\/strong> avec le v\u00e9hicule en fuite. Lors de sa fuite, le chauffard endommage plusieurs pneumatiques en <strong>heurtant des terres-pleins<\/strong> et finit par devoir s\u2019arr\u00eater.<\/p>\n<p>Plus titulaire du permis de conduire<\/p>\n<p>Interpell\u00e9, il circulait avec un passager \u00e0 bord, son cousin, qui a \u00e9t\u00e9 mis hors de cause. Le suspect, \u00e2g\u00e9 de 24 ans, reconna\u00eet enti\u00e8rement les faits : il a pris la fuite car il n\u2019est <strong>plus titulaire du permis de conduire<\/strong>. Il portera un bracelet \u00e9lectronique en attendant son audience, pr\u00e9vue le <strong>29 d\u00e9cembre prochain<\/strong>.<\/p>\n","protected":false},"excerpt":{"rendered":"Apr\u00e8s avoir coup\u00e9 la route des policiers, un jeune homme a refus\u00e9 d&rsquo;obtemp\u00e9rer aux sommations des forces de&hellip;\n","protected":false},"author":2,"featured_media":517960,"comment_status":"","ping_status":"","sticky":false,"template":"","format":"standard","meta":{"footnotes":""},"categories":[9599],"tags":[1111,11,1777,674,1011,27,2208,12,2680,1072,25],"class_list":{"0":"post-517959","1":"post","2":"type-post","3":"status-publish","4":"format-standard","5":"has-post-thumbnail","7":"category-montpellier","8":"tag-actu","9":"tag-actualites","10":"tag-eu","11":"tag-europe","12":"tag-fr","13":"tag-france","14":"tag-montpellier","15":"tag-news","16":"tag-occitanie","17":"tag-police","18":"tag-republique-francaise"},"share_on_mastodon":{"url":"https:\/\/pubeurope.com\/@fr\/115507743641648741","error":""},"_links":{"self":[{"href":"https:\/\/www.europesays.com\/fr\/wp-json\/wp\/v2\/posts\/517959","targetHints":{"allow":["GET"]}}],"collection":[{"href":"https:\/\/www.europesays.com\/fr\/wp-json\/wp\/v2\/posts"}],"about":[{"href":"https:\/\/www.europesays.com\/fr\/wp-json\/wp\/v2\/types\/post"}],"author":[{"embeddable":true,"href":"https:\/\/www.europesays.com\/fr\/wp-json\/wp\/v2\/users\/2"}],"replies":[{"embeddable":true,"href":"https:\/\/www.europesays.com\/fr\/wp-json\/wp\/v2\/comments?post=517959"}],"version-history":[{"count":0,"href":"https:\/\/www.europesays.com\/fr\/wp-json\/wp\/v2\/posts\/517959\/revisions"}],"wp:featuredmedia":[{"embeddable":true,"href":"https:\/\/www.europesays.com\/fr\/wp-json\/wp\/v2\/media\/517960"}],"wp:attachment":[{"href":"https:\/\/www.europesays.com\/fr\/wp-json\/wp\/v2\/media?parent=517959"}],"wp:term":[{"taxonomy":"category","embeddable":true,"href":"https:\/\/www.europesays.com\/fr\/wp-json\/wp\/v2\/categories?post=517959"},{"taxonomy":"post_tag","embeddable":true,"href":"https:\/\/www.europesays.com\/fr\/wp-json\/wp\/v2\/tags?post=517959"}],"curies":[{"name":"wp","href":"https:\/\/api.w.org\/{rel}","templated":true}]}}