{"id":517961,"date":"2025-11-07T09:37:23","date_gmt":"2025-11-07T09:37:23","guid":{"rendered":"https:\/\/www.europesays.com\/fr\/517961\/"},"modified":"2025-11-07T09:37:23","modified_gmt":"2025-11-07T09:37:23","slug":"quelle-rentree-pour-les-eleves","status":"publish","type":"post","link":"https:\/\/www.europesays.com\/fr\/517961\/","title":{"rendered":"quelle rentr\u00e9e pour les \u00e9l\u00e8ves\u00a0?"},"content":{"rendered":"<p>            Par<br \/>\n        <strong><br \/>\n            <a href=\"https:\/\/actu.fr\/auteur\/isabellevilly\" title=\"Consulter tous les articles de Isabelle Villy\" rel=\"nofollow noopener\" target=\"_blank\">Isabelle Villy<\/a><br \/>\n        <\/strong><\/p>\n<p>        Publi\u00e9 le<\/p>\n<p>            7 nov. 2025 \u00e0 7h04        <\/p>\n<p>Un incendie d\u2019origine accidentelle s\u2019est d\u00e9clench\u00e9, lundi 27\u00a0octobre, <a href=\"https:\/\/actu.fr\/normandie\/saint-aubin-epinay_76560\/pres-de-rouen-une-ecole-ravagee-par-un-incendie-le-toit-s-effondre_63356138.html\" rel=\"nofollow noopener\" target=\"_blank\">dans une classe de CM 2 du groupe scolaire de Saint-Aubin-\u00c9pinay<\/a>. Alors qu\u2019ils terminaient un chantier au sein de l\u2019\u00e9cole, en fin de matin\u00e9e, des ouvriers auraient involontairement touch\u00e9, avec un chalumeau, sous la toiture, <strong>un mat\u00e9riau inflammable.<\/strong><\/p>\n<p>Le feu s\u2019est propag\u00e9 \u00e0 toute la toiture<\/p>\n<p class=\" wall-content\">\u00ab Ils ont aussit\u00f4t pris un extincteur qui se trouvait \u00e0 proximit\u00e9, mais voyant que le feu s\u2019\u00e9tendait, ils ont retir\u00e9 quelques tuiles du toit, ce qui a provoqu\u00e9 un appel d\u2019air et tout s\u2019est embras\u00e9 \u00bb, relate l\u2019adjoint au maire Patrice Delorrier. Les sapeurs-pompiers ont alors \u00e9t\u00e9 alert\u00e9s : sur place, au moyen de leurs lances et en utilisant notamment la grande \u00e9chelle, ils sont parvenus \u00e0 ma\u00eetriser les flammes, avant qu\u2019elles ne se propagent \u00e0 l\u2019ensemble de l\u2019\u00e9cole.<\/p>\n<p>Les livres r\u00e9cup\u00e9r\u00e9s sont hors d\u2019usage<\/p>\n<p class=\" wall-content\">Pendant l\u2019intervention, de nombreuses personnes se sont rendues devant l\u2019\u00e9cole, tristes du spectacle s\u2019offrant \u00e0 leurs yeux et s\u2019interrogeant sur la suite des \u00e9v\u00e9nements. Parmi les personnes pr\u00e9sentes, des enseignants, des parents d\u2019\u00e9l\u00e8ves r\u00e9cup\u00e9raient livres, cahiers et autres tablettes num\u00e9riques que les sapeurs-pompiers sortaient de la classe.<\/p>\n<p>    <img   decoding=\"async\" loading=\"lazy\" class=\"size-large\" src=\"https:\/\/www.europesays.com\/fr\/wp-content\/uploads\/2025\/11\/cb8375762309610937576230924937v-960x640.jpg\" alt=\"Saint Aubin Epinay incendie \u00e9cole\" width=\"960\" height=\"640\"\/><br \/>\n    Les parents d\u2019\u00e9l\u00e8ves et les enseignants pr\u00e9sents ont tent\u00e9 de sauver livres et cahiers, sortis de la classe par les sapeurs-pompiers.\u00a0 \u00a9Isabelle VILLY<\/p>\n<p class=\" wall-content\">\u00ab Les livres ont \u00e9t\u00e9 mis \u00e0 s\u00e9cher, mais on ne pourra pas les r\u00e9utiliser. Quant aux quinze tablettes num\u00e9riques, on a pu en r\u00e9cup\u00e9rer douze : elles ont pris l\u2019eau, elles aussi, et on attend pour savoir si on pourra les remettre en route \u00bb, pr\u00e9cise l\u2019adjoint au maire.<\/p>\n<p>Rentr\u00e9e scolaire report\u00e9e au jeudi 6\u00a0novembre<\/p>\n<p class=\" wall-content\">Quoi qu\u2019il en soit, la rentr\u00e9e scolaire pr\u00e9vue ce lundi 3 novembre a d\u00fb \u00eatre repouss\u00e9e au jeudi 6 novembre pour les quelque 140 \u00e9l\u00e8ves de maternelle et de primaire, le temps que la commune prenne toutes les dispositions n\u00e9cessaires.<\/p>\n<p>    <img   decoding=\"async\" loading=\"lazy\" class=\"size-large\" src=\"https:\/\/www.europesays.com\/fr\/wp-content\/uploads\/2025\/11\/a9f35576230963e0455762309e3145v-768x640.jpg\" alt=\"Saint Aubin Epinay incendie \u00e9cole\" width=\"768\" height=\"640\"\/><br \/>\n    L\u2019int\u00e9rieur de la classe de CM2 est hors d\u2019usage.\u00a0 \u00a9Isabelle VILLY<\/p>\n<p class=\" wall-content\">Trois structures modulaires de 15 m\u00b2 chacune ont ainsi \u00eatre install\u00e9es dans la cour de l\u2019\u00e9cole, soit une classe provisoire de 45 m\u00b2 pour accueillir la classe de CM 2.<\/p>\n<p>Votre r\u00e9gion, votre actu !<\/p>\n<p>Recevez chaque jour les infos qui comptent pour vous.<\/p>\n<p>\t<a href=\"https:\/\/actu.fr\/newsletter\" class=\"ac-btn ac-btn--corner ac-btn--medium ac-btn--blue800\" rel=\"nofollow noopener\" target=\"_blank\">S&rsquo;incrire<\/a><br \/>\nAccueil minimal lundi et mardi<\/p>\n<p class=\" wall-content\">\u00ab Un accueil minimal a \u00e9t\u00e9 propos\u00e9 pour le lundi et le mardi, au centre culturel Saint-Romain, pour les parents qui n\u2019auraient pas de moyens de garde pour leur enfant et des repas froids seront servis le midi \u00bb, signale Patrice Delorrier.<\/p>\n<p>Solidarit\u00e9 des communes voisines<\/p>\n<p class=\" wall-content\">L\u2019adjoint au maire se dit touch\u00e9 de la solidarit\u00e9 qui s\u2019est manifest\u00e9e par les communes voisines. \u00ab La Ville de Darn\u00e9tal notamment nous pr\u00eate des meubles, une vingtaine de tables et des chaises que nous installerons dans les cellules modulaires, si tout va bien, lundi matin, le temps qu\u2019elles soient mises en place \u00bb, indique l\u2019\u00e9lu, qui signale \u00e9galement que l\u2019entreprise qui faisait les travaux dans l\u2019\u00e9cole, et \u00e0 l\u2019origine bien involontaire de l\u2019incendie, a elle-m\u00eame pos\u00e9 la b\u00e2che sur la toiture quand le sinistre a \u00e9t\u00e9 \u00e9teint. \u00ab Ils \u00e9taient vraiment bien emb\u00eat\u00e9s et nous ont aid\u00e9s autant qu\u2019ils pouvaient \u00bb, constate Patrice Delorrier.<\/p>\n<p>Le passage des experts \u00e9tait pr\u00e9vu vendredi<\/p>\n<p class=\" wall-content\">Le b\u00e2timent touch\u00e9 par le sinistre est d\u00e9sormais hors d\u2019eau : vendredi dernier, les experts devaient passer pour faire leurs constatations. Apr\u00e8s seulement, il sera temps d\u2019envisager des travaux pour remettre la classe en \u00e9tat.<\/p>\n<p class=\" wall-content\">Le maire de la commune, Benoit Anquetin, absent du village au moment des faits, a confi\u00e9 \u00e0 la r\u00e9daction, par t\u00e9l\u00e9phone, combien cette situation l\u2019a touch\u00e9. \u00ab Cela met une boule au ventre, je ne peux pas m\u2019emp\u00eacher d\u2019y penser \u00bb, nous confiait l\u2019\u00e9lu qui devait regagner la Seine-Maritime en fin de semaine derni\u00e8re.<\/p>\n<p>Suivez l\u2019actualit\u00e9 de Rouen <a href=\"https:\/\/www.whatsapp.com\/channel\/0029VaKfnf99hXF2ddApFB1D\" rel=\"nofollow noopener\" target=\"_blank\">sur notre cha\u00eene WhatsApp<\/a> et <a href=\"https:\/\/www.tiktok.com\/@76actu.fr?lang=fr\" rel=\"nofollow noopener\" target=\"_blank\">sur notre compte TikTok<\/a><\/p>\n<p class=\" wall-content\">Personnalisez votre actualit\u00e9 en ajoutant vos villes et m\u00e9dias en favori avec <a href=\"https:\/\/moncompte.actu.fr\" title=\"D\u00e9couvez Mon Actu\" rel=\"nofollow noopener\" data-trk=\"{&quot;cta&quot;:{&quot;action&quot;:&quot;https:\\\/\\\/moncompte.actu.fr&quot;,&quot;category&quot;:&quot;mon compte&quot;,&quot;from&quot;:&quot;article footer&quot;,&quot;name&quot;:&quot;Mon actu&quot;,&quot;type&quot;:&quot;cta&quot;}}\" target=\"_blank\">Mon Actu<\/a>.<\/p>\n<p>                    <script async src=\"\/\/www.tiktok.com\/embed.js\"><\/script><\/p>\n","protected":false},"excerpt":{"rendered":"Par Isabelle Villy Publi\u00e9 le 7 nov. 2025 \u00e0 7h04 Un incendie d\u2019origine accidentelle s\u2019est d\u00e9clench\u00e9, lundi 27\u00a0octobre,&hellip;\n","protected":false},"author":2,"featured_media":517962,"comment_status":"","ping_status":"","sticky":false,"template":"","format":"standard","meta":{"footnotes":""},"categories":[9587],"tags":[1111,11,1777,674,118,1011,27,1310,12,5161,1311,25,9590],"class_list":{"0":"post-517961","1":"post","2":"type-post","3":"status-publish","4":"format-standard","5":"has-post-thumbnail","7":"category-rouen","8":"tag-actu","9":"tag-actualites","10":"tag-eu","11":"tag-europe","12":"tag-faits-divers","13":"tag-fr","14":"tag-france","15":"tag-incendie","16":"tag-news","17":"tag-normandie","18":"tag-pompiers","19":"tag-republique-francaise","20":"tag-rouen"},"share_on_mastodon":{"url":"https:\/\/pubeurope.com\/@fr\/115507747339008032","error":""},"_links":{"self":[{"href":"https:\/\/www.europesays.com\/fr\/wp-json\/wp\/v2\/posts\/517961","targetHints":{"allow":["GET"]}}],"collection":[{"href":"https:\/\/www.europesays.com\/fr\/wp-json\/wp\/v2\/posts"}],"about":[{"href":"https:\/\/www.europesays.com\/fr\/wp-json\/wp\/v2\/types\/post"}],"author":[{"embeddable":true,"href":"https:\/\/www.europesays.com\/fr\/wp-json\/wp\/v2\/users\/2"}],"replies":[{"embeddable":true,"href":"https:\/\/www.europesays.com\/fr\/wp-json\/wp\/v2\/comments?post=517961"}],"version-history":[{"count":0,"href":"https:\/\/www.europesays.com\/fr\/wp-json\/wp\/v2\/posts\/517961\/revisions"}],"wp:featuredmedia":[{"embeddable":true,"href":"https:\/\/www.europesays.com\/fr\/wp-json\/wp\/v2\/media\/517962"}],"wp:attachment":[{"href":"https:\/\/www.europesays.com\/fr\/wp-json\/wp\/v2\/media?parent=517961"}],"wp:term":[{"taxonomy":"category","embeddable":true,"href":"https:\/\/www.europesays.com\/fr\/wp-json\/wp\/v2\/categories?post=517961"},{"taxonomy":"post_tag","embeddable":true,"href":"https:\/\/www.europesays.com\/fr\/wp-json\/wp\/v2\/tags?post=517961"}],"curies":[{"name":"wp","href":"https:\/\/api.w.org\/{rel}","templated":true}]}}