{"id":517978,"date":"2025-11-07T09:46:12","date_gmt":"2025-11-07T09:46:12","guid":{"rendered":"https:\/\/www.europesays.com\/fr\/517978\/"},"modified":"2025-11-07T09:46:12","modified_gmt":"2025-11-07T09:46:12","slug":"pres-de-nice-la-neige-fraiche-tombe-abondamment-dans-ces-stations-les-photos","status":"publish","type":"post","link":"https:\/\/www.europesays.com\/fr\/517978\/","title":{"rendered":"Pr\u00e8s de Nice. La neige fra\u00eeche tombe abondamment dans ces stations, les photos"},"content":{"rendered":"<p>            Par<br \/>\n        <strong><br \/>\n            <a href=\"https:\/\/actu.fr\/auteur\/arthur-frand\" title=\"Consulter tous les articles de Arthur Frand\" rel=\"nofollow noopener\" target=\"_blank\">Arthur Frand<\/a><br \/>\n        <\/strong><\/p>\n<p>        Publi\u00e9 le<\/p>\n<p>            7 nov. 2025 \u00e0 10h40        <\/p>\n<p>La saison hivernale approche \u00e0 grands pas. Dans un mois \u00e0 peine, les stations de ski des <a href=\"https:\/\/actu.fr\/provence-alpes-cote-d-azur\/alpes-maritimes_06\" rel=\"nofollow noopener\" target=\"_blank\">Alpes-Maritimes<\/a>, pr\u00e8s de <a href=\"https:\/\/actu.fr\/nice\/\" rel=\"nofollow noopener\" target=\"_blank\">Nice<\/a>, <strong>ouvriront leurs portes<\/strong> \u00e0 un public impatient de retrouver la poudre blanche.<\/p>\n<p class=\" wall-content\">Ce vendredi 7\u00a0novembre, des <strong>chutes de neige fra\u00eeches<\/strong> ont \u00e9t\u00e9 observ\u00e9es au petit matin dans plusieurs stations du d\u00e9partement. Une nouvelle qui va ravir les passionn\u00e9s de montagne et amateurs de ski.<\/p>\n<p>Une chute de neige fra\u00eeche<\/p>\n<p class=\" wall-content\">La neige a commenc\u00e9 \u00e0 tomber dans la soir\u00e9e de jeudi. Elle s\u2019est prolong\u00e9e dans la nuit et devrait durer jusqu\u2019\u00e0 13h, voir un peu au del\u00e0 ce vendredi 7 novembre.<\/p>\n<p class=\" wall-content\">De gros flocons <strong>sont tomb\u00e9s<\/strong> notamment \u00e0 <strong>Isola 2000<\/strong>, o\u00f9 les images sont belles. Les sapins et chalets de montagne ont \u00e9t\u00e9 recouverts par la neige. De bon augure \u00e0 moins d\u2019un mois du d\u00e9but de la saison.<\/p>\n<p>    <img   decoding=\"async\" loading=\"lazy\" src=\"https:\/\/www.europesays.com\/fr\/wp-content\/uploads\/2025\/11\/isola-2000-chalet-960x640.jpeg\" alt=\"Isola 2000\" width=\"960\" height=\"640\"\/><br \/>\n    Les chalets d\u2019Isola 2000 ont \u00e9t\u00e9 recouverts de neige. (\u00a9Isola 2000)<\/p>\n<p class=\" wall-content\">En effet, les dates d\u2019ouverture des stations de ski des Alpes du Sud ont d\u00e9j\u00e0 \u00e9t\u00e9 annonc\u00e9es.\u00a0Dans les Alpes-Maritimes, les stations principales comme Isola 2000 et Auron <strong>pr\u00e9voient d\u2019ouvrir le 6\u00a0d\u00e9cembre<\/strong> prochain. Mais elles restent soumises aux caprices de la m\u00e9t\u00e9o justement et au taux d\u2019enneigement dans un d\u00e9partement plus chaud et ensoleill\u00e9 que ses voisins.<\/p>\n<p class=\" wall-content\">\n<p>Les dates d\u2019ouvertures des stations connues<\/p>\n<p class=\" wall-content\">Isola 2000, La Colmiane\u2009: du 6\u00a0d\u00e9cembre 2025 au 19\u00a0avril 2026<br \/>Auron\u2009: le samedi 6\u00a0d\u00e9cembre 2025<br \/>Roubion-les Buisses\u2009: le samedi 20\u00a0d\u00e9cembre<br \/>Val Pelens\u2009: le 27\u00a0d\u00e9cembre<br \/>Valberg\u00a0et Beuil-les-Launes\u2009: le 20\u00a0d\u00e9cembre<br \/>Turini Camp d\u2019Argent\u2009: le 19\u00a0d\u00e9cembre<br \/>Gr\u00e9oli\u00e8res \u2013 L\u2019Audibergue\u2009: le 20\u00a0d\u00e9cembre<\/p>\n<p>Votre r\u00e9gion, votre actu !<\/p>\n<p>Recevez chaque jour les infos qui comptent pour vous.<\/p>\n<p>\t<a href=\"https:\/\/actu.fr\/newsletter\" class=\"ac-btn ac-btn--corner ac-btn--medium ac-btn--blue800\" rel=\"nofollow noopener\" target=\"_blank\">S&rsquo;incrire<\/a><\/p>\n<p class=\" wall-content\">Ces chutes de neige perturbent <strong>toutefois la circulation dans le secteur<\/strong> d\u2019Isola 2000. En raison de conditions climatiques d\u00e9favorables, le col de la Lombarde (RM 97 \u2013 Isola) est ferm\u00e9 dans les deux sens de circulation, depuis le 6\u00a0novembre 2025 \u00e0 21h, pour une dur\u00e9e ind\u00e9termin\u00e9e.<\/p>\n<p class=\" wall-content\">Personnalisez votre actualit\u00e9 en ajoutant vos villes et m\u00e9dias en favori avec <a href=\"https:\/\/moncompte.actu.fr\" title=\"D\u00e9couvez Mon Actu\" rel=\"nofollow noopener\" data-trk=\"{&quot;cta&quot;:{&quot;action&quot;:&quot;https:\\\/\\\/moncompte.actu.fr&quot;,&quot;category&quot;:&quot;mon compte&quot;,&quot;from&quot;:&quot;article footer&quot;,&quot;name&quot;:&quot;Mon actu&quot;,&quot;type&quot;:&quot;cta&quot;}}\" target=\"_blank\">Mon Actu<\/a>.<\/p>\n","protected":false},"excerpt":{"rendered":"Par Arthur Frand Publi\u00e9 le 7 nov. 2025 \u00e0 10h40 La saison hivernale approche \u00e0 grands pas. Dans&hellip;\n","protected":false},"author":2,"featured_media":517979,"comment_status":"","ping_status":"","sticky":false,"template":"","format":"standard","meta":{"footnotes":""},"categories":[2819],"tags":[1111,11,1777,674,1011,27,2487,2357,10584,12,2401,882,25,4129],"class_list":{"0":"post-517978","1":"post","2":"type-post","3":"status-publish","4":"format-standard","5":"has-post-thumbnail","7":"category-nice","8":"tag-actu","9":"tag-actualites","10":"tag-eu","11":"tag-europe","12":"tag-fr","13":"tag-france","14":"tag-meteo","15":"tag-meteo-france","16":"tag-neige","17":"tag-news","18":"tag-nice","19":"tag-provence-alpes-cote-dazur","20":"tag-republique-francaise","21":"tag-ski"},"share_on_mastodon":{"url":"https:\/\/pubeurope.com\/@fr\/115507783241833506","error":""},"_links":{"self":[{"href":"https:\/\/www.europesays.com\/fr\/wp-json\/wp\/v2\/posts\/517978","targetHints":{"allow":["GET"]}}],"collection":[{"href":"https:\/\/www.europesays.com\/fr\/wp-json\/wp\/v2\/posts"}],"about":[{"href":"https:\/\/www.europesays.com\/fr\/wp-json\/wp\/v2\/types\/post"}],"author":[{"embeddable":true,"href":"https:\/\/www.europesays.com\/fr\/wp-json\/wp\/v2\/users\/2"}],"replies":[{"embeddable":true,"href":"https:\/\/www.europesays.com\/fr\/wp-json\/wp\/v2\/comments?post=517978"}],"version-history":[{"count":0,"href":"https:\/\/www.europesays.com\/fr\/wp-json\/wp\/v2\/posts\/517978\/revisions"}],"wp:featuredmedia":[{"embeddable":true,"href":"https:\/\/www.europesays.com\/fr\/wp-json\/wp\/v2\/media\/517979"}],"wp:attachment":[{"href":"https:\/\/www.europesays.com\/fr\/wp-json\/wp\/v2\/media?parent=517978"}],"wp:term":[{"taxonomy":"category","embeddable":true,"href":"https:\/\/www.europesays.com\/fr\/wp-json\/wp\/v2\/categories?post=517978"},{"taxonomy":"post_tag","embeddable":true,"href":"https:\/\/www.europesays.com\/fr\/wp-json\/wp\/v2\/tags?post=517978"}],"curies":[{"name":"wp","href":"https:\/\/api.w.org\/{rel}","templated":true}]}}