{"id":517982,"date":"2025-11-07T09:48:46","date_gmt":"2025-11-07T09:48:46","guid":{"rendered":"https:\/\/www.europesays.com\/fr\/517982\/"},"modified":"2025-11-07T09:48:46","modified_gmt":"2025-11-07T09:48:46","slug":"fc-nantes-enorme-coup-dur-de-derniere-minute-au-havre","status":"publish","type":"post","link":"https:\/\/www.europesays.com\/fr\/517982\/","title":{"rendered":"FC Nantes : \u00e9norme coup dur de derni\u00e8re minute au Havre !"},"content":{"rendered":"<p>Le doute plane sur les cages nantaises avant un d\u00e9placement crucial au Havre. Touch\u00e9 en toute fin de match contre Metz, <strong>Anthony Lopes<\/strong>, gardien titulaire et pilier du vestiaire, est tr\u00e8s incertain pour la 12e journ\u00e9e de Ligue 1. L\u2019absence probable du dernier rempart ajoute une dose suppl\u00e9mentaire de pression \u00e0 une \u00e9quipe qui vient d\u00e9j\u00e0 d\u2019encaisser un revers inqui\u00e9tant.<\/p>\n<p><strong>Anthony Lopes bless\u00e9, pr\u00e9sence incertaine pour la 12e journ\u00e9e<\/strong><\/p>\n<p>C\u2019est un coup dur dont le FC Nantes se serait bien pass\u00e9\u2009: Anthony <strong>Lopes<\/strong>, sortant sur blessure face \u00e0 Metz, n\u2019a pas rechauss\u00e9 les gants \u00e0 l\u2019entra\u00eenement depuis. Sa sortie, apr\u00e8s un contact malheureux sur l\u2019ouverture du score adverse, a plong\u00e9 le staff et les supporters dans l\u2019expectative. La blessure \u00e0 la hanche s\u2019ajoute \u00e0 un d\u00e9but de saison o\u00f9 Lopes, arriv\u00e9 en Loire-Atlantique pour s\u00e9curiser l\u2019arri\u00e8re-garde, n\u2019a pas manqu\u00e9 une minute jusqu\u2019\u00e0 pr\u00e9sent. Avec 11 matchs sur 11 disput\u00e9s, plus de 98 % des minutes pass\u00e9es sur le terrain et un impact majeur sur les r\u00e9sultats, son absence serait forc\u00e9ment ressentie. Son exp\u00e9rience et sa r\u00e9gularit\u00e9 font cruellement d\u00e9faut dans ces moments d\u00e9cisifs, comme le rappellent <a href=\"https:\/\/www.butfootballclub.fr\/622343-fc-nantes-la-preuve-irrefutable-quanthony-lopes-est-lun-des-meilleurs-gardiens-de-l1\/\" target=\"_blank\" rel=\"noopener\">ses chiffres remarquables parmi l\u2019\u00e9lite<\/a>.<\/p>\n<p><strong>Qui pour garder la cage en cas de forfait\u2009?<\/strong><\/p>\n<p>Si la nouvelle tombe et qu\u2019<strong>Anthony Lopes<\/strong> d\u00e9clare forfait, ce que L\u2019\u00c9quipe qualifie de \u00ab\u00a0tr\u00e8s probable\u00a0\u00bb, la responsabilit\u00e9 de d\u00e9fendre les cages nantaises devrait alors revenir au Su\u00e9dois <strong>Patrik Carlgren<\/strong> ou au jeune <strong>Alexis Mirbach<\/strong>. Carlgren, fort de son v\u00e9cu international et d\u2019une exp\u00e9rience solide, part avec une longueur d\u2019avance dans la hi\u00e9rarchie. Mais la fougue de Mirbach n\u2019est pas \u00e0 n\u00e9gliger, surtout dans un contexte o\u00f9 chaque d\u00e9cision peut tout chambouler. Le coach Luis Castro devra rapidement trancher, avec le risque de bouleverser des automatismes d\u00e9fensifs jusque-l\u00e0 bien huil\u00e9s.<\/p>\n<p><strong>L\u2019infirmerie des Jaune et Vert : point complet<\/strong><\/p>\n<p>Le secteur d\u00e9fensif n\u2019est pas le seul touch\u00e9. C\u00f4t\u00e9 milieux, le FC Nantes doit faire sans <strong>Johann Lepenant<\/strong> et <strong>Francis Coquelin<\/strong>. Les deux r\u00e9cup\u00e9rateurs n\u2019ont pas repris l\u2019entra\u00eenement collectif, et leur absence p\u00e8se lourd dans l\u2019\u00e9quilibre de l\u2019\u00e9quipe. \u00c0 l\u2019inverse, un fr\u00e9missement d\u2019optimisme pointe avec le retour progressif sur la pelouse de <strong>Hong<\/strong> et <strong>Mickayl Lahdo<\/strong>, qui retrouvent le groupe mais \u00e0 un rythme prudent. Pour une \u00e9quipe souvent marqu\u00e9e par les p\u00e9pins physiques cette saison, l\u2019effectif reste sous pression, \u00e0 l\u2019aube d\u2019un match o\u00f9 la profondeur de banc va compter.<\/p>\n<p><strong>Un d\u00e9placement crucial pour Nantes<\/strong><\/p>\n<p>Le timing, avouons-le, n\u2019a rien d\u2019id\u00e9al. Nantes reste sur une d\u00e9faite 0-2 face \u00e0 Metz, \u00e0 la Beaujoire, qui a laiss\u00e9 des traces dans les t\u00eates. Ce d\u00e9placement au Havre s\u2019annonce donc d\u00e9cisif pour relancer la dynamique et rester \u00e0 flot dans la course au maintien. Face \u00e0 un concurrent direct, chaque point p\u00e8sera dans la balance, et l\u2019incertitude autour de la pr\u00e9sence de Lopes ne fait qu\u2019amplifier la tension. Entre le sort du gardien portugais et les autres incertains, l\u2019attente se prolonge. Prochain verdict dans les heures \u00e0 venir, le groupe tout entier suspendu \u00e0 la d\u00e9cision finale du staff technique\u2026<\/p>\n","protected":false},"excerpt":{"rendered":"Le doute plane sur les cages nantaises avant un d\u00e9placement crucial au Havre. Touch\u00e9 en toute fin de&hellip;\n","protected":false},"author":2,"featured_media":517983,"comment_status":"","ping_status":"","sticky":false,"template":"","format":"standard","meta":{"footnotes":""},"categories":[2818],"tags":[1111,11,448,1777,674,63,1011,27,66,3388,766,12,2636,25,10662],"class_list":{"0":"post-517982","1":"post","2":"type-post","3":"status-publish","4":"format-standard","5":"has-post-thumbnail","7":"category-nantes","8":"tag-actu","9":"tag-actualites","10":"tag-champions-league","11":"tag-eu","12":"tag-europe","13":"tag-football","14":"tag-fr","15":"tag-france","16":"tag-ligue-1","17":"tag-matchs","18":"tag-nantes","19":"tag-news","20":"tag-pays-de-la-loire","21":"tag-republique-francaise","22":"tag-transferts"},"share_on_mastodon":{"url":"https:\/\/pubeurope.com\/@fr\/115507790125238168","error":""},"_links":{"self":[{"href":"https:\/\/www.europesays.com\/fr\/wp-json\/wp\/v2\/posts\/517982","targetHints":{"allow":["GET"]}}],"collection":[{"href":"https:\/\/www.europesays.com\/fr\/wp-json\/wp\/v2\/posts"}],"about":[{"href":"https:\/\/www.europesays.com\/fr\/wp-json\/wp\/v2\/types\/post"}],"author":[{"embeddable":true,"href":"https:\/\/www.europesays.com\/fr\/wp-json\/wp\/v2\/users\/2"}],"replies":[{"embeddable":true,"href":"https:\/\/www.europesays.com\/fr\/wp-json\/wp\/v2\/comments?post=517982"}],"version-history":[{"count":0,"href":"https:\/\/www.europesays.com\/fr\/wp-json\/wp\/v2\/posts\/517982\/revisions"}],"wp:featuredmedia":[{"embeddable":true,"href":"https:\/\/www.europesays.com\/fr\/wp-json\/wp\/v2\/media\/517983"}],"wp:attachment":[{"href":"https:\/\/www.europesays.com\/fr\/wp-json\/wp\/v2\/media?parent=517982"}],"wp:term":[{"taxonomy":"category","embeddable":true,"href":"https:\/\/www.europesays.com\/fr\/wp-json\/wp\/v2\/categories?post=517982"},{"taxonomy":"post_tag","embeddable":true,"href":"https:\/\/www.europesays.com\/fr\/wp-json\/wp\/v2\/tags?post=517982"}],"curies":[{"name":"wp","href":"https:\/\/api.w.org\/{rel}","templated":true}]}}