{"id":517994,"date":"2025-11-07T09:54:22","date_gmt":"2025-11-07T09:54:22","guid":{"rendered":"https:\/\/www.europesays.com\/fr\/517994\/"},"modified":"2025-11-07T09:54:22","modified_gmt":"2025-11-07T09:54:22","slug":"pour-conquerir-la-mairie-de-lille-le-rn-mise-sur-matthieu-valet-depute-europeen-et-ancien-policier","status":"publish","type":"post","link":"https:\/\/www.europesays.com\/fr\/517994\/","title":{"rendered":"Pour conqu\u00e9rir la mairie de Lille, le RN mise sur Matthieu Valet, d\u00e9put\u00e9 europ\u00e9en et ancien policier"},"content":{"rendered":"<p>        <img decoding=\"async\" loading=\"lazy\" src=\"https:\/\/www.europesays.com\/fr\/wp-content\/uploads\/2025\/11\/aa1b957_upload-1-jxnkxfg93bjn-afp-20250116-farzat-notitle250116-np0ri-v1-highres-matthieuvaletattend.jpeg\"  width=\"728\" height=\"409\" alt=\"Matthieu Valet ici \u00e0 une c\u00e9r\u00e9monie comm\u00e9morative en l\u2019honneur de Jean-Marie Le Pen, \u00e0 l\u2019\u00e9glise Notre-Dame du Val-de-Gr\u00e2ce \u00e0 Paris, le 16\u00a0janvier 2025.\"\/>  <\/p>\n<p>ADNAN FARZAT \/ NurPhoto via AFP<\/p>\n<p>Matthieu Valet ici \u00e0 une c\u00e9r\u00e9monie comm\u00e9morative en l\u2019honneur de Jean-Marie Le Pen, \u00e0 l\u2019\u00e9glise Notre-Dame du Val-de-Gr\u00e2ce \u00e0 Paris, le 16\u00a0janvier 2025.<\/p>\n<p class=\"asset asset-text\">POLITIQUE &#8211; \u00a0Il affirme vouloir ouvrir \u00ab\u00a0une nouvelle \u00e8re\u00a0\u00bb apr\u00e8s \u00ab\u00a024\u00a0ann\u00e9es de <a href=\"https:\/\/www.huffingtonpost.fr\/politique\/article\/a-lille-martine-aubry-annonce-sa-demission-un-an-avant-les-elections-municipales_247089.html\" target=\"_blank\" rel=\"noopener\" title=\"Nouvelle fen\u00eatre\">Martine Aubry<\/a>\u00a0\u00bb \u00e0 la t\u00eate de la Capitale des Flandres. Le<a href=\"https:\/\/www.huffingtonpost.fr\/politique\/article\/matthieu-valet-nouvel-elu-rn-a-bruxelles-a-bien-failli-se-presenter-sous-l-etiquette-renaissance-en-2022_235492.html\" target=\"_blank\" rel=\"noopener\" title=\"Nouvelle fen\u00eatre\"> d\u00e9put\u00e9 <\/a>europ\u00e9en <a href=\"https:\/\/www.huffingtonpost.fr\/politique\/article\/europeennes-2024-matthieu-valet-policier-et-ex-syndicaliste-mediatique-rejoint-la-liste-du-rn_232373.html\" target=\"_blank\" rel=\"noopener\" title=\"Nouvelle fen\u00eatre\">Matthieu Valet<\/a>, porte-parole du Rassemblement national, sera t\u00eate de liste du parti d\u2019extr\u00eame droite \u00e0 Lille lors des municipales de mars prochain, a-t-il annonc\u00e9 ce jeudi 6\u00a0novembre sur <a href=\"https:\/\/www.bfmtv.com\/grand-lille\/municipales-2026-matthieu-valet-annonce-sa-candidature-a-lille-pour-le-rassemblement-national_AV-202511060887.html?at_brand=BFMTV&amp;at_compte=BFMTV&amp;at_plateforme=twitter&amp;at_campaign=Fan_pages&amp;at_medium=Community_Management\" target=\"_blank\" rel=\"noopener\" title=\"Nouvelle fen\u00eatre\">BFM Grand Lille<\/a>.<\/p>\n<p class=\"asset asset-text\">Cet ancien policier de 39 ans, qui a \u00e9t\u00e9 chef adjoint de la brigade anti-criminalit\u00e9 (BAC) du Val-de-Marne et responsable syndical, est entr\u00e9 en politique \u00e0 l\u2019occasion des \u00e9lections europ\u00e9ennes de 2024.<\/p>\n<p class=\"asset asset-text\">Sa candidature aux municipales est \u00ab\u00a0un choix personnel\u00a0\u00bb, a-t-il revendiqu\u00e9 sur BFM Grand Lille\u00a0: \u00ab\u00a0je suis n\u00e9 \u00e0 Lille (&#8230;), j\u2019ai grandi \u00e0 Lille, j\u2019ai \u00e9tudi\u00e9 \u00e0 Lille, j\u2019habite \u00e0 Lille, j\u2019ai travaill\u00e9 aussi \u00e0 Lille\u00a0\u00bb, a-t-il \u00e9num\u00e9r\u00e9.<\/p>\n<p>    Premier scrutin depuis 25\u00a0ans \u00e0 se tenir sans Martine Aubry    <\/p>\n<p class=\"asset asset-text\">Les chances de l\u2019eurod\u00e9put\u00e9 sont faibles\u00a0: en 2020, lors des derni\u00e8res municipales, le Rassemblement national avait r\u00e9colt\u00e9 6,84% des voix.<\/p>\n<p class=\"asset asset-text\">Lille vote traditionnellement tr\u00e8s majoritairement \u00e0 gauche, mais celle-ci appara\u00eet divis\u00e9e \u00e0 quatre mois des municipales\u00a0: le Parti socialiste sera emmen\u00e9 par le maire Arnaud Deslandes, les Ecologistes par St\u00e9phane Baly et La France insoumise par Lahouaria Addouche.<\/p>\n<p class=\"asset asset-text\">La d\u00e9put\u00e9e Renaissance Violette Spillebout sera t\u00eate de liste pour le camp macroniste, tandis que Les R\u00e9publicains seront repr\u00e9sent\u00e9s par Louis Delemer.<\/p>\n<p class=\"asset asset-text\">Le scrutin des 15 et 22 mars 2026 sera le premier du XXIe si\u00e8cle \u00e0 se tenir sans Martine Aubry en t\u00eate de liste du PS. Elue maire en 2001, l\u2019ancienne ministre du Travail a d\u00e9missionn\u00e9 de son mandat en mars pour permettre \u00e0 son premier adjoint Arnaud Deslandes de lui succ\u00e9der.<\/p>\n","protected":false},"excerpt":{"rendered":"ADNAN FARZAT \/ NurPhoto via AFP Matthieu Valet ici \u00e0 une c\u00e9r\u00e9monie comm\u00e9morative en l\u2019honneur de Jean-Marie Le&hellip;\n","protected":false},"author":2,"featured_media":517995,"comment_status":"","ping_status":"","sticky":false,"template":"","format":"standard","meta":{"footnotes":""},"categories":[2815],"tags":[1111,11,1777,674,1011,27,811,1307,15626,3554,12,10910,316,1078,25],"class_list":{"0":"post-517994","1":"post","2":"type-post","3":"status-publish","4":"format-standard","5":"has-post-thumbnail","7":"category-lille","8":"tag-actu","9":"tag-actualites","10":"tag-eu","11":"tag-europe","12":"tag-fr","13":"tag-france","14":"tag-hauts-de-france","15":"tag-lille","16":"tag-martine-aubry","17":"tag-municipales","18":"tag-news","19":"tag-policier","20":"tag-politique","21":"tag-rassemblement-national","22":"tag-republique-francaise"},"share_on_mastodon":{"url":"https:\/\/pubeurope.com\/@fr\/115507813806936104","error":""},"_links":{"self":[{"href":"https:\/\/www.europesays.com\/fr\/wp-json\/wp\/v2\/posts\/517994","targetHints":{"allow":["GET"]}}],"collection":[{"href":"https:\/\/www.europesays.com\/fr\/wp-json\/wp\/v2\/posts"}],"about":[{"href":"https:\/\/www.europesays.com\/fr\/wp-json\/wp\/v2\/types\/post"}],"author":[{"embeddable":true,"href":"https:\/\/www.europesays.com\/fr\/wp-json\/wp\/v2\/users\/2"}],"replies":[{"embeddable":true,"href":"https:\/\/www.europesays.com\/fr\/wp-json\/wp\/v2\/comments?post=517994"}],"version-history":[{"count":0,"href":"https:\/\/www.europesays.com\/fr\/wp-json\/wp\/v2\/posts\/517994\/revisions"}],"wp:featuredmedia":[{"embeddable":true,"href":"https:\/\/www.europesays.com\/fr\/wp-json\/wp\/v2\/media\/517995"}],"wp:attachment":[{"href":"https:\/\/www.europesays.com\/fr\/wp-json\/wp\/v2\/media?parent=517994"}],"wp:term":[{"taxonomy":"category","embeddable":true,"href":"https:\/\/www.europesays.com\/fr\/wp-json\/wp\/v2\/categories?post=517994"},{"taxonomy":"post_tag","embeddable":true,"href":"https:\/\/www.europesays.com\/fr\/wp-json\/wp\/v2\/tags?post=517994"}],"curies":[{"name":"wp","href":"https:\/\/api.w.org\/{rel}","templated":true}]}}