{"id":517996,"date":"2025-11-07T09:55:11","date_gmt":"2025-11-07T09:55:11","guid":{"rendered":"https:\/\/www.europesays.com\/fr\/517996\/"},"modified":"2025-11-07T09:55:11","modified_gmt":"2025-11-07T09:55:11","slug":"pour-bien-sorienter-avec-parcoursup-il-faut-deja-dedramatiser-lenjeu","status":"publish","type":"post","link":"https:\/\/www.europesays.com\/fr\/517996\/","title":{"rendered":"pour bien s\u2019orienter avec Parcoursup, \u00ab\u00a0il faut d\u00e9j\u00e0 d\u00e9dramatiser l\u2019enjeu\u00a0\u00bb"},"content":{"rendered":"<p><strong>Selon un sondage paru l\u2019an dernier, 84% des \u00e9l\u00e8ves continuent \u00e0 trouver stressante la proc\u00e9dure d\u2019orientation sur Parcoursup. L\u2019entendez-vous\u00a0?<\/strong>&#13;\n<\/p>\n<p>Bien s\u00fbr, il y a une certaine forme de pression li\u00e9e <a href=\"https:\/\/www.laprovence.com\/article\/societe\/1242812695141414\/parcoursup-ne-changez-pas-au-dernier-moment-les-conseils-avant-la-fermeture-des-voeux-ce-jeudi-soir\" target=\"_blank\" rel=\"noopener\">au fait de choisir, donc de renoncer<\/a>\u00a0! Mais regardez autour de vous\u00a0: la moiti\u00e9 des Fran\u00e7ais exercent dans un champ qui n\u2019est pas celui de leur formation initiale. Dans la vie, on va avoir quatre, cinq, six m\u00e9tiers diff\u00e9rents\u00a0! Il y a toujours des possibilit\u00e9s de rebond, de changement de trajectoire. C\u2019est d\u00e9j\u00e0 cela que je voudrais dire aux parents. Il faut d\u00e9dramatiser l\u2019enjeu.<\/p>\n<p><strong>Certes, mais quand on a 17\u00a0ans, il peut sembler bien difficile de formuler dix v\u0153ux, de se projeter dans un m\u00e9tier, et les fili\u00e8res qui y conduisent\u2026<\/strong>&#13;\n<\/p>\n<p>L\u2019accom&#8230;<\/p>\n","protected":false},"excerpt":{"rendered":"Selon un sondage paru l\u2019an dernier, 84% des \u00e9l\u00e8ves continuent \u00e0 trouver stressante la proc\u00e9dure d\u2019orientation sur Parcoursup.&hellip;\n","protected":false},"author":2,"featured_media":517997,"comment_status":"","ping_status":"","sticky":false,"template":"","format":"standard","meta":{"footnotes":""},"categories":[2814],"tags":[17,26122,1111,11,33231,3396,12008,1777,674,1011,27,884,12,6015,471,882,25,63832,104],"class_list":{"0":"post-517996","1":"post","2":"type-post","3":"status-publish","4":"format-standard","5":"has-post-thumbnail","7":"category-marseille","8":"tag-17","9":"tag-academie","10":"tag-actu","11":"tag-actualites","12":"tag-aix-marseille","13":"tag-avec","14":"tag-bien","15":"tag-eu","16":"tag-europe","17":"tag-fr","18":"tag-france","19":"tag-marseille","20":"tag-news","21":"tag-parcoursup","22":"tag-pour","23":"tag-provence-alpes-cote-dazur","24":"tag-republique-francaise","25":"tag-sorienter","26":"tag-societe"},"share_on_mastodon":{"url":"https:\/\/pubeurope.com\/@fr\/115507817743866597","error":""},"_links":{"self":[{"href":"https:\/\/www.europesays.com\/fr\/wp-json\/wp\/v2\/posts\/517996","targetHints":{"allow":["GET"]}}],"collection":[{"href":"https:\/\/www.europesays.com\/fr\/wp-json\/wp\/v2\/posts"}],"about":[{"href":"https:\/\/www.europesays.com\/fr\/wp-json\/wp\/v2\/types\/post"}],"author":[{"embeddable":true,"href":"https:\/\/www.europesays.com\/fr\/wp-json\/wp\/v2\/users\/2"}],"replies":[{"embeddable":true,"href":"https:\/\/www.europesays.com\/fr\/wp-json\/wp\/v2\/comments?post=517996"}],"version-history":[{"count":0,"href":"https:\/\/www.europesays.com\/fr\/wp-json\/wp\/v2\/posts\/517996\/revisions"}],"wp:featuredmedia":[{"embeddable":true,"href":"https:\/\/www.europesays.com\/fr\/wp-json\/wp\/v2\/media\/517997"}],"wp:attachment":[{"href":"https:\/\/www.europesays.com\/fr\/wp-json\/wp\/v2\/media?parent=517996"}],"wp:term":[{"taxonomy":"category","embeddable":true,"href":"https:\/\/www.europesays.com\/fr\/wp-json\/wp\/v2\/categories?post=517996"},{"taxonomy":"post_tag","embeddable":true,"href":"https:\/\/www.europesays.com\/fr\/wp-json\/wp\/v2\/tags?post=517996"}],"curies":[{"name":"wp","href":"https:\/\/api.w.org\/{rel}","templated":true}]}}