{"id":51800,"date":"2025-04-25T13:01:09","date_gmt":"2025-04-25T13:01:09","guid":{"rendered":"https:\/\/www.europesays.com\/fr\/51800\/"},"modified":"2025-04-25T13:01:09","modified_gmt":"2025-04-25T13:01:09","slug":"lagence-moodys-confirme-la-notation-aa3-dile-de-france-mobilites","status":"publish","type":"post","link":"https:\/\/www.europesays.com\/fr\/51800\/","title":{"rendered":"L&rsquo;agence Moody&rsquo;s confirme la notation Aa3 d&rsquo;Ile-de-France Mobilit\u00e9s"},"content":{"rendered":"<p><a href=\"https:\/\/www.echoidf.fr\/des-bonnes-notes-pour-paris-et-la-region\/\" target=\"_blank\" rel=\"noopener\">Comme pour la Ville de Paris et la R\u00e9gion<\/a>, l\u2019agence Moody\u2019s a confirm\u00e9 la notation Aa3 d\u2019Ile-de-France Mobilit\u00e9s (la meilleure note possible pour une collectivit\u00e9 territoriale), et remont\u00e9 sa perspective financi\u00e8re de \u00ab n\u00e9gative \u00bb \u00e0 \u00ab stable \u00bb ainsi que sa notation de cr\u00e9dit intrins\u00e8que (BCA) de A2 \u00e0 A1. En d\u00e9cembre dernier, l\u2019autorit\u00e9 organisatrice des transports franciliens avait d\u00e9j\u00e0 vu sa note am\u00e9lior\u00e9e par l\u2019agence Fitch.<\/p>\n<p>\u00ab Malgr\u00e9 l\u2019incertitude de l\u2019environnement politique, Ile-de-France Mobilit\u00e9s voit ses choix financiers et sa perspective confirm\u00e9e, notamment gr\u00e2ce \u00e0 <a href=\"https:\/\/www.echoidf.fr\/la-region-et-letat-ont-trouve-un-accord\/\" target=\"_blank\" rel=\"noopener\">l\u2019accord sign\u00e9 avec l\u2019Etat qui assure une garantie de ses financements sur le long terme<\/a> \u00bb, rappelle l\u2019autorit\u00e9 organisatrice des transports dans un communiqu\u00e9.<\/p>\n<p>Pour Val\u00e9rie P\u00e9cresse, le pr\u00e9sidente (LR) de la R\u00e9gion et d\u2019Ile-de-France Mobilit\u00e9s, \u00ab cette notation valide la trajectoire de bonne gestion financi\u00e8re d\u2019Ile-de-France Mobilit\u00e9s engag\u00e9e en 2016 : un accord conclu avec les contributeurs d\u2019Ile-de-France mobilit\u00e9s pour garantir l\u2019\u00e9volution des recettes \u00e0 long terme et des investissements massifs et soutenables sur le r\u00e9seau, le mat\u00e9riel roulant et la qualit\u00e9 de service, pour la modernisation totale du r\u00e9seau \u00e0 l\u2019horizon 2030 \u00bb.<\/p>\n","protected":false},"excerpt":{"rendered":"Comme pour la Ville de Paris et la R\u00e9gion, l\u2019agence Moody\u2019s a confirm\u00e9 la notation Aa3 d\u2019Ile-de-France Mobilit\u00e9s&hellip;\n","protected":false},"author":2,"featured_media":51801,"comment_status":"","ping_status":"","sticky":false,"template":"","format":"standard","meta":{"footnotes":""},"categories":[1592],"tags":[14482,1111,11,14483,1003,1777,674,9467,1011,27,2861,662,14484,14485,12,14486,626,25,800,2216],"class_list":{"0":"post-51800","1":"post","2":"type-post","3":"status-publish","4":"format-standard","5":"has-post-thumbnail","7":"category-ile-de-france","8":"tag-aa3","9":"tag-actu","10":"tag-actualites","11":"tag-agence-de-notation","12":"tag-budget","13":"tag-eu","14":"tag-europe","15":"tag-finances","16":"tag-fr","17":"tag-france","18":"tag-gestion","19":"tag-ile-de-france","20":"tag-ile-de-france-mobilitu00e9s","21":"tag-moodys","22":"tag-news","23":"tag-notation","24":"tag-paris","25":"tag-republique-francaise","26":"tag-transports","27":"tag-transports-en-commun"},"share_on_mastodon":{"url":"https:\/\/pubeurope.com\/@fr\/114398736175340797","error":""},"_links":{"self":[{"href":"https:\/\/www.europesays.com\/fr\/wp-json\/wp\/v2\/posts\/51800","targetHints":{"allow":["GET"]}}],"collection":[{"href":"https:\/\/www.europesays.com\/fr\/wp-json\/wp\/v2\/posts"}],"about":[{"href":"https:\/\/www.europesays.com\/fr\/wp-json\/wp\/v2\/types\/post"}],"author":[{"embeddable":true,"href":"https:\/\/www.europesays.com\/fr\/wp-json\/wp\/v2\/users\/2"}],"replies":[{"embeddable":true,"href":"https:\/\/www.europesays.com\/fr\/wp-json\/wp\/v2\/comments?post=51800"}],"version-history":[{"count":0,"href":"https:\/\/www.europesays.com\/fr\/wp-json\/wp\/v2\/posts\/51800\/revisions"}],"wp:featuredmedia":[{"embeddable":true,"href":"https:\/\/www.europesays.com\/fr\/wp-json\/wp\/v2\/media\/51801"}],"wp:attachment":[{"href":"https:\/\/www.europesays.com\/fr\/wp-json\/wp\/v2\/media?parent=51800"}],"wp:term":[{"taxonomy":"category","embeddable":true,"href":"https:\/\/www.europesays.com\/fr\/wp-json\/wp\/v2\/categories?post=51800"},{"taxonomy":"post_tag","embeddable":true,"href":"https:\/\/www.europesays.com\/fr\/wp-json\/wp\/v2\/tags?post=51800"}],"curies":[{"name":"wp","href":"https:\/\/api.w.org\/{rel}","templated":true}]}}