{"id":518002,"date":"2025-11-07T09:58:13","date_gmt":"2025-11-07T09:58:13","guid":{"rendered":"https:\/\/www.europesays.com\/fr\/518002\/"},"modified":"2025-11-07T09:58:13","modified_gmt":"2025-11-07T09:58:13","slug":"qui-sont-les-tetes-de-liste-lfi-dans-les-arrondissements","status":"publish","type":"post","link":"https:\/\/www.europesays.com\/fr\/518002\/","title":{"rendered":"qui sont les t\u00eates de liste LFI dans les arrondissements\u00a0?"},"content":{"rendered":"<p>Le premier meeting de la candidate insoumise Ana\u00efs Belouassa Cherifi \u00e0 la mairie de Lyon, a permis de conna\u00eetre les noms des candidats LFI dans les arrondissements. <\/p>\n<p>Dans le 1er arrondissement de Lyon, le choix s\u2019est port\u00e9 sur <strong>Florestan Groult<\/strong> , \u00e9lu en 2020 apr\u00e8s 10 ans d\u2019engagement associatif. Il est depuis 2022, vice-pr\u00e9sident d\u00e9l\u00e9gu\u00e9 \u00e0 la politique sportive et \u00e0 la vie associative \u00e0 la M\u00e9tropole de Lyon.<\/p>\n<p>Dans le 2 e , c\u2019est <strong>Malika Benarab Attou<\/strong> , ancienne d\u00e9put\u00e9e europ\u00e9enne charg\u00e9e des questions d\u2019\u00e9ducation, de culture et de jeunesse, qui est d\u00e9sign\u00e9e. Attach\u00e9e aux services publics, la candidate \u00ab\u00a0de gauche et \u00e9cologiste\u00a0\u00bb travaille actuellement dans la protection sociale.<\/p>\n<p>Dans le 3e arrondissement, place \u00e0 <strong>Albert L\u00e9vy<\/strong> , ancien magistrat engag\u00e9 dans la gauche judiciaire au syndicat de la magistrature. Celui qui se pr\u00e9sente \u00ab\u00a0contre toutes les formes d\u2019oppression\u00a0\u00bb, en particulier \u00e0 Gaza, est adh\u00e9rent \u00e0 la Ligue des Droits de l\u2019Homme.<\/p>\n<p>La mairie du 4 e sera brigu\u00e9e par <strong>Pauline Fivel<\/strong> , croix-roussienne depuis 10 ans, dipl\u00f4m\u00e9e de Sciences Po. Celle qui a travaill\u00e9 dans la production audiovisuelle et au sein de collectivit\u00e9s locales, se dit tr\u00e8s attach\u00e9e \u00e0 la culture et \u00e0 l\u2019\u00e9ducation populaire.<\/p>\n<p><strong>Florent Ouatiya<\/strong> se pr\u00e9sente dans le 5e , o\u00f9 il vit depuis 40 ans. L\u2019ancien professeur d\u2019Universit\u00e9, de lyc\u00e9e, \u00e9galement consultant, est impliqu\u00e9 dans la pr\u00e9vention de la d\u00e9linquance aupr\u00e8s d\u2019un public jeune, via le sport.<\/p>\n<p><strong>Lise Paillette<\/strong> est la candidate du 6 e. Celle dont l\u2019engagement a commenc\u00e9 par les Marches pour le climat de 2019, porte l\u2019id\u00e9e d\u2019une \u00e9cologie populaire, avec la volont\u00e9 de faire des arrondissements, des lieux de transformation sociale et \u00e9cologique.<\/p>\n<p><strong>Sophie Charrier<\/strong> , infirmi\u00e8re de profession, est candidate dans le 7e. Celle qui se bat \u00ab\u00a0au quotidien\u00a0\u00bb pour plus de proximit\u00e9, de justice et de solidarit\u00e9, est une ancienne \u00e9lue, d\u00e9termin\u00e9e \u00ab\u00a0\u00e0 ce que la vie des gens soit transform\u00e9e radicalement\u00a0\u00bb.<\/p>\n<p><strong>Laurent Legendre<\/strong> , pr\u00e9sident du groupe des Insoumis \u00e0 la M\u00e9tropole de Lyon, est candidat dans le 8e. Dipl\u00f4m\u00e9 de l\u2019Insa Lyon, il est notamment impliqu\u00e9 dans le d\u00e9veloppement de l\u2019agriculture urbaine.<\/p>\n<p>Enfin, dans le 9e , <strong>Bruno Magnin<\/strong> , jardinier botaniste, fait de l\u2019acc\u00e8s au logement pour tous et de la participation citoyenne \u00e0 la vie d\u00e9mocratique, les deux piliers de son engagement.<\/p>\n","protected":false},"excerpt":{"rendered":"Le premier meeting de la candidate insoumise Ana\u00efs Belouassa Cherifi \u00e0 la mairie de Lyon, a permis de&hellip;\n","protected":false},"author":2,"featured_media":518003,"comment_status":"","ping_status":"","sticky":false,"template":"","format":"standard","meta":{"footnotes":""},"categories":[1889],"tags":[1111,11,2430,2757,4188,1777,674,1011,27,2338,2428,2756,12,316,25,2429],"class_list":{"0":"post-518002","1":"post","2":"type-post","3":"status-publish","4":"format-standard","5":"has-post-thumbnail","7":"category-lyon","8":"tag-actu","9":"tag-actualites","10":"tag-auvergne-rhone-alpes","11":"tag-edition-lyon-villeurbanne","12":"tag-elections-municipales","13":"tag-eu","14":"tag-europe","15":"tag-fr","16":"tag-france","17":"tag-la-france-insoumise","18":"tag-lyon","19":"tag-lyon-bassin","20":"tag-news","21":"tag-politique","22":"tag-republique-francaise","23":"tag-rhone"},"share_on_mastodon":{"url":"https:\/\/pubeurope.com\/@fr\/115507829327143487","error":""},"_links":{"self":[{"href":"https:\/\/www.europesays.com\/fr\/wp-json\/wp\/v2\/posts\/518002","targetHints":{"allow":["GET"]}}],"collection":[{"href":"https:\/\/www.europesays.com\/fr\/wp-json\/wp\/v2\/posts"}],"about":[{"href":"https:\/\/www.europesays.com\/fr\/wp-json\/wp\/v2\/types\/post"}],"author":[{"embeddable":true,"href":"https:\/\/www.europesays.com\/fr\/wp-json\/wp\/v2\/users\/2"}],"replies":[{"embeddable":true,"href":"https:\/\/www.europesays.com\/fr\/wp-json\/wp\/v2\/comments?post=518002"}],"version-history":[{"count":0,"href":"https:\/\/www.europesays.com\/fr\/wp-json\/wp\/v2\/posts\/518002\/revisions"}],"wp:featuredmedia":[{"embeddable":true,"href":"https:\/\/www.europesays.com\/fr\/wp-json\/wp\/v2\/media\/518003"}],"wp:attachment":[{"href":"https:\/\/www.europesays.com\/fr\/wp-json\/wp\/v2\/media?parent=518002"}],"wp:term":[{"taxonomy":"category","embeddable":true,"href":"https:\/\/www.europesays.com\/fr\/wp-json\/wp\/v2\/categories?post=518002"},{"taxonomy":"post_tag","embeddable":true,"href":"https:\/\/www.europesays.com\/fr\/wp-json\/wp\/v2\/tags?post=518002"}],"curies":[{"name":"wp","href":"https:\/\/api.w.org\/{rel}","templated":true}]}}